{"id":503485,"date":"2025-11-01T01:30:34","date_gmt":"2025-11-01T01:30:34","guid":{"rendered":"https:\/\/www.europesays.com\/fr\/503485\/"},"modified":"2025-11-01T01:30:34","modified_gmt":"2025-11-01T01:30:34","slug":"forum-mondial-de-less-apres-une-edition-2025-reussie-bordeaux-passe-le-flambeau-a-marica","status":"publish","type":"post","link":"https:\/\/www.europesays.com\/fr\/503485\/","title":{"rendered":"Forum mondial de l&rsquo;ESS : apr\u00e8s une \u00e9dition 2025 r\u00e9ussie, Bordeaux passe le flambeau \u00e0 Marica"},"content":{"rendered":"<p class=\"wp-block-post-excerpt__excerpt\">Un discours vid\u00e9o d\u2019Emmanuel Macron et une visite de Serge Papin ministre des PME, en charge de l\u2019\u00e9conomie sociale et solidaire, ont soulign\u00e9 la reconnaissance par l\u2019Etat du travail men\u00e9 \u00e0 Bordeaux lors du GSEF. Celui-ci, qui a rassembl\u00e9 plus de 10000 participants venus de 109 pays, s\u2019est achev\u00e9 par la proclamation de trois d\u00e9clarations en faveur d\u2019une paix durable et d\u2019une \u00e9conomie plus d\u00e9mocratique et \u00e9cologique. Prochaine \u00e9dition en 2027 au Br\u00e9sil. <\/p>\n<p><a href=\"https:\/\/rue89bordeaux.com\/category\/actualite\/\" rel=\"tag noopener\" target=\"_blank\">Actualit\u00e9<\/a>, <a href=\"https:\/\/rue89bordeaux.com\/category\/kiosque-abonne\/\" rel=\"tag noopener\" target=\"_blank\">\u00c9dition abonn\u00e9s<\/a><\/p>\n<p>Walid Salem<\/p>\n<p>Publi\u00e9 le 31 octobre 2025\u00a0\u00a0\u00b7\u00a0\u00a0<\/p>\n<p>Imprim\u00e9 le 1er novembre 2025 \u00e0 02h30\u00a0\u00a0\u00b7\u00a0\u00a0<\/p>\n<p>\t\t\t\t\t5\u00a0minutes\n<\/p>\n<p>Le pr\u00e9sident de la R\u00e9publique \u00e9tait attendu pour l\u2019ouverture, il est arriv\u00e9 pour la cl\u00f4ture. Dans un message vid\u00e9o diffus\u00e9 ce vendredi 31 octobre en cl\u00f4ture du Global Social Economy Forum (GSEF) \u00e0 Bordeaux, Emmanuel Macron a rendu hommage aux acteurs de l\u2019\u00e9conomie sociale et solidaire (ESS), qu\u2019il a qualifi\u00e9e de \u00ab\u00a0puissance transformatrice\u00a0\u00bb et d\u2019 \u00ab\u00a0\u00e9conomie profond\u00e9ment politique\u00a0\u00bb.<\/p>\n<p>Rappelant que l\u2019ESS repr\u00e9sente \u00ab\u00a010 % du produit int\u00e9rieur brut, 14 % de l\u2019emploi priv\u00e9 et 22 millions de b\u00e9n\u00e9voles\u00a0\u00bb, le pr\u00e9sident de la R\u00e9publique a soulign\u00e9 son r\u00f4le \u00ab\u00a0dans la coh\u00e9sion sociale, les solidarit\u00e9s et la r\u00e9ponse aux grandes transitions \u00e9cologiques, num\u00e9riques, d\u00e9mocratiques et sociales\u00a0\u00bb. <\/p>\n<p>Il a \u00e9galement salu\u00e9 Beno\u00eet Hamon, \u00ab\u00a0qui a tant port\u00e9 ce sujet\u00a0\u00bb, faisant fi de la charge lanc\u00e9e dans le discours d\u2019ouverture par le pr\u00e9sident d\u2019ESS France contre le manque de soutien de l\u2019Etat au secteur. Le chef de l\u2019\u00c9tat a appel\u00e9 \u00e0 \u00ab\u00a0renforcer la visibilit\u00e9\u00a0\u00bb de celui-ci, \u00e0 \u00ab\u00a0lib\u00e9rer les financements priv\u00e9s\u00a0\u00bb et \u00e0 \u00ab\u00a0mieux articuler l\u2019action de l\u2019\u00c9tat, des collectivit\u00e9s, du monde \u00e9conomique et de la soci\u00e9t\u00e9 civile\u00a0\u00bb. <\/p>\n<p>\t\t\u00ab\u00a0Un pilier du bien commun\u00a0\u00bb<\/p>\n<p>Il a enfin \u00e9voqu\u00e9 la reconnaissance croissante de l\u2019ESS par l\u2019OIT (Organisation internationale du travail) et l\u2019OCDE (Organisation de coop\u00e9ration et de d\u00e9veloppement \u00e9conomiques), ainsi que son inscription comme \u00ab\u00a0levier central de la transition \u00e9conomique\u00a0\u00bb par l\u2019Union europ\u00e9enne. \u00ab\u00a0La France sera au rendez-vous\u00a0\u00bb, a conclu Emmanuel Macron, affirmant sa \u00ab\u00a0reconnaissance, sa confiance et ses f\u00e9licitations\u00a0\u00bb envers les acteurs r\u00e9unis \u00e0 Bordeaux.<\/p>\n<p>Si le message du pr\u00e9sident a \u00e9t\u00e9 hu\u00e9 par une partie de la salle, le discours du nouveau ministre charg\u00e9 du Commerce, de l\u2019Artisanat, du Tourisme et des PME, a \u00e9t\u00e9 re\u00e7u plus chaleureusement. Trois semaines apr\u00e8s sa nomination, Serge Papin a choisi Bordeaux pour sa premi\u00e8re prise de parole publique, et commenc\u00e9 par indiquer que son portefeuille incluait bien l\u2019ESS. <\/p>\n<p>Lisez la suite pour 1\u20ac<\/p>\n<p>En profitant de notre offre d\u2019essai, r\u00e9siliable en ligne \u00e0 tout moment.<\/p>\n<p><strong>Pour acc\u00e9der \u00e0 cet article, il faut \u00eatre abonn\u00e9. Pourquoi\u00a0?<\/strong><\/p>\n<p>Les informations exclusives, les enqu\u00eates et certains reportages constituent l\u2019\u00e9dition abonn\u00e9s de Rue89 Bordeaux. En tant que m\u00e9dia ind\u00e9pendant, nos ressources proviennent de nos lectrices et lecteurs abonn\u00e9s, aucun milliardaire ni groupe bancaire ne nous finance.<\/p>\n<p>Nous demandons \u00e0 nos lecteurs une faible contribution pour disposer \u00e0 Bordeaux d\u2019un m\u00e9dia critique des pouvoirs, capable d\u2019enqu\u00eater et de traiter les enjeux locaux en profondeur et dans la dur\u00e9e.<\/p>\n<p>Chaque abonnement compte. Toutes nos recettes sont investies dans un journalisme local ind\u00e9pendant, dont la force et la r\u00e9activit\u00e9 d\u00e9pend directement du nombre d\u2019abonn\u00e9s actifs.<\/p>\n<p class=\"has-text-align-right\"><strong><a href=\"https:\/\/rue89bordeaux.com\/?p=128375\" data-type=\"page\" data-id=\"0\" target=\"_blank\" rel=\"noopener\">Je m\u2019abonne\u00a0 <\/a><\/strong><\/p>\n<p>\t\t\t<a href=\"https:\/\/rue89bordeaux.com\/\" class=\"custom-logo-link\" rel=\"home noopener\" target=\"_blank\"><img loading=\"lazy\" decoding=\"async\" width=\"290\" height=\"49\" src=\"https:\/\/www.europesays.com\/fr\/wp-content\/uploads\/2025\/04\/logo.png\" class=\"custom-logo\" alt=\"Rue89Bordeaux Enqu\u00eates et informations de proximit\u00e9\"  \/><\/a><\/p>\n<p>\n\t\t\t\tAbonnez-vous maintenant pour suivre l\u2019actualit\u00e9 locale.\t\t\t<\/p>\n<p class=\"font-bold font-serif-heading mb-2 text-4xl\">\n\t\t\t\t\t\tL\u2019investigation locale \u00e0 port\u00e9e de main.\n\t\t\t\t\t<\/p>\n<p>\n\t\t\t\t\t\tAbonnez-vous et profitez d\u2019un acc\u00e8s illimit\u00e9 \u00e0 Rue89Bordeaux. Annulez quand vous voulez.\n\t\t\t\t\t<\/p>\n<p class=\"xl:text-sm\">\n\t\t\t\t\tD\u00e9j\u00e0 abonn\u00e9\u00a0?<br \/>\n\t\t\t\t\t<a class=\"border border-transparent text-center transition-colors duration-instant focus:border-info focus:rounded focus:shadow-focus cursor-pointer text-black hover:text-gray-700 active:bg-black-700 font-semibold inline-block\" href=\"https:\/\/rue89bordeaux.com\/user\/login\/?redirect=\/2025\/10\/forum-mondial-de-less-apres-une-edition-2025-reussie-bordeaux-passe-le-flambeau-a-marica\/\" target=\"_blank\" rel=\"noopener\">Connectez-vous<\/a>\t\t\t\t<\/p>\n<p>\n\t\t\t\tChoisissez votre formule\u00a0:\n\t\t\t<\/p>\n<p>\t\t\t\tFermer<\/p>\n","protected":false},"excerpt":{"rendered":"Un discours vid\u00e9o d\u2019Emmanuel Macron et une visite de Serge Papin ministre des PME, en charge de l\u2019\u00e9conomie&hellip;\n","protected":false},"author":2,"featured_media":503486,"comment_status":"","ping_status":"","sticky":false,"template":"","format":"standard","meta":{"footnotes":""},"categories":[2817],"tags":[1111,11,1997,37063,1777,674,1011,27,60559,12,2219,25],"class_list":{"0":"post-503485","1":"post","2":"type-post","3":"status-publish","4":"format-standard","5":"has-post-thumbnail","7":"category-bordeaux","8":"tag-actu","9":"tag-actualites","10":"tag-bordeaux","11":"tag-economie-sociale-et-solidaire","12":"tag-eu","13":"tag-europe","14":"tag-fr","15":"tag-france","16":"tag-gsef","17":"tag-news","18":"tag-nouvelle-aquitaine","19":"tag-republique-francaise"},"share_on_mastodon":{"url":"https:\/\/pubeurope.com\/@fr\/115471858058312019","error":""},"_links":{"self":[{"href":"https:\/\/www.europesays.com\/fr\/wp-json\/wp\/v2\/posts\/503485","targetHints":{"allow":["GET"]}}],"collection":[{"href":"https:\/\/www.europesays.com\/fr\/wp-json\/wp\/v2\/posts"}],"about":[{"href":"https:\/\/www.europesays.com\/fr\/wp-json\/wp\/v2\/types\/post"}],"author":[{"embeddable":true,"href":"https:\/\/www.europesays.com\/fr\/wp-json\/wp\/v2\/users\/2"}],"replies":[{"embeddable":true,"href":"https:\/\/www.europesays.com\/fr\/wp-json\/wp\/v2\/comments?post=503485"}],"version-history":[{"count":0,"href":"https:\/\/www.europesays.com\/fr\/wp-json\/wp\/v2\/posts\/503485\/revisions"}],"wp:featuredmedia":[{"embeddable":true,"href":"https:\/\/www.europesays.com\/fr\/wp-json\/wp\/v2\/media\/503486"}],"wp:attachment":[{"href":"https:\/\/www.europesays.com\/fr\/wp-json\/wp\/v2\/media?parent=503485"}],"wp:term":[{"taxonomy":"category","embeddable":true,"href":"https:\/\/www.europesays.com\/fr\/wp-json\/wp\/v2\/categories?post=503485"},{"taxonomy":"post_tag","embeddable":true,"href":"https:\/\/www.europesays.com\/fr\/wp-json\/wp\/v2\/tags?post=503485"}],"curies":[{"name":"wp","href":"https:\/\/api.w.org\/{rel}","templated":true}]}}