{"id":503487,"date":"2025-11-01T01:31:14","date_gmt":"2025-11-01T01:31:14","guid":{"rendered":"https:\/\/www.europesays.com\/fr\/503487\/"},"modified":"2025-11-01T01:31:14","modified_gmt":"2025-11-01T01:31:14","slug":"quelle-suite-pour-les-enfants-qui-lont-accuse","status":"publish","type":"post","link":"https:\/\/www.europesays.com\/fr\/503487\/","title":{"rendered":"quelle suite pour les enfants qui l&rsquo;ont accus\u00e9\u00a0?"},"content":{"rendered":"<p>            Par<br \/>\n        <strong><br \/>\n            <a href=\"https:\/\/actu.fr\/auteur\/anaelle-montagne\" title=\"Consulter tous les articles de Anaelle Montagne\" rel=\"nofollow noopener\" target=\"_blank\">Anaelle Montagne<\/a><br \/>\n        <\/strong><\/p>\n<p>        Publi\u00e9 le<\/p>\n<p>            31 oct. 2025 \u00e0 17h02        <\/p>\n<p>Le suicide d\u2019un m\u00e9decin de 67 ans, alors qu\u2019il \u00e9tait en d\u00e9tention provisoire \u00e0 Toulouse ce lundi 27 octobre 2025, <strong>pose question<\/strong>. Que va-t-il advenir <a href=\"https:\/\/actu.fr\/occitanie\/toulouse_31555\/toulouse-accuse-d-agressions-sexuelles-sur-des-patients-mineurs-un-medecin-se-pend-en-detention-provisoire_63362740.html\" rel=\"nofollow noopener\" target=\"_blank\">des plaintes d\u00e9pos\u00e9es contre lui<\/a>, pour des agressions sexuelles et un viol sur des enfants ? On vous explique ce qui se passe <strong>quand l\u2019auteur pr\u00e9sum\u00e9 d\u2019un crime d\u00e9c\u00e8de<\/strong> alors que l\u2019instruction est encore en cours.\u00a0<\/p>\n<p>Les accusations qui p\u00e8sent sur lui<\/p>\n<p class=\" wall-content\">Le m\u00e9decin de famille, qui exer\u00e7ait \u00e0 Muret, est accus\u00e9 d\u2019avoir agress\u00e9 deux victimes. En 2021, il aurait viol\u00e9 (par le biais d\u2019une fellation) et agress\u00e9 sexuellement <strong>un gar\u00e7on de 13 ans<\/strong>, plac\u00e9 en famille d\u2019accueil, lors d\u2019une consultation \u00e0 son cabinet.<\/p>\n<p class=\" wall-content\">En 2024, le sexag\u00e9naire aurait \u00e9galement agress\u00e9 sexuellement un mineur de 15 ans, <strong>handicap\u00e9 psychomoteur<\/strong>, lors d\u2019une soir\u00e9e entre amis \u00e0 son domicile o\u00f9 l\u2019enfant et son p\u00e8re \u00e9taient convi\u00e9s.\u00a0<\/p>\n<p class=\" wall-content\">Plac\u00e9 en garde \u00e0 vue le jeudi 23 octobre, puis en d\u00e9tention provisire \u00e0 la prison de Toulouse-Seysses, le sexag\u00e9naire a \u00e9t\u00e9 transf\u00e9r\u00e9 le vendredi 24 octobre \u00e0 l\u2019unit\u00e9 hospitali\u00e8re de psychiatrie sp\u00e9cialement am\u00e9nag\u00e9e pour les d\u00e9tenus (l\u2019UHSA) de l\u2019h\u00f4pital Marchant \u00e0 Toulouse. Il niait les faits qui lui \u00e9taient reproch\u00e9s. Trois jours plus tard, <strong>il s\u2019est donn\u00e9 la mort dans sa cellule<\/strong>.\u00a0<\/p>\n<p>Extinction de l\u2019action p\u00e9nale<\/p>\n<p class=\" wall-content\">Le d\u00e9c\u00e8s du m\u00e9decin ne peut signifier qu\u2019une seule chose : <strong>l\u2019extinction de l\u2019action publique<\/strong>. Cela veut dire que les poursuites p\u00e9nales vont \u00eatre abandonn\u00e9es. Et donc, que le pr\u00e9venu \u00ab\u00a0ne pourra jamais \u00eatre jug\u00e9, \u00eatre reconnu coupable ou \u00eatre acquitt\u00e9\u00a0\u00bb, r\u00e9sume <strong>l\u2019avocat p\u00e9naliste Me Philippe Pressecq.<\/strong><\/p>\n<p class=\" wall-content\">Sollicit\u00e9, le procureur de la R\u00e9publique de Toulouse, David Chamatz, d\u00e9taille : \u00ab\u00a0Pour le dossier ouvert \u00e0 l\u2019instruction, celui-ci sera tr\u00e8s certainement <strong>cl\u00f4tur\u00e9 \u00e0 terme<\/strong> pour extinction de l\u2019action publique, mais entre-temps <strong>des actes seront accomplis<\/strong> pour faire la lumi\u00e8re sur les faits d\u00e9nonc\u00e9s, contest\u00e9s par l\u2019int\u00e9ress\u00e9.\u00a0\u00bb<\/p>\n<p>Statut de victime<\/p>\n<p class=\" wall-content\">Le statut de victime pourrait-il ainsi \u00eatre reconnu ? Le procureur est formel : seuls les actes \u00e0 accomplir (d\u00e9cid\u00e9s par le juge d\u2019instruction) permettront de caract\u00e9riser ou non la r\u00e9alit\u00e9 des faits, \u00ab\u00a0et donc aux plaignants de <strong>se sentir reconnus<\/strong> en leur qualit\u00e9 de victimes\u00a0\u00bb.<\/p>\n<p>Votre r\u00e9gion, votre actu !<\/p>\n<p>Recevez chaque jour les infos qui comptent pour vous.<\/p>\n<p>\t<a href=\"https:\/\/actu.fr\/newsletter\" class=\"ac-btn ac-btn--corner ac-btn--medium ac-btn--blue800\" rel=\"nofollow noopener\" target=\"_blank\">S&rsquo;incrire<\/a><br \/>\nUne action civile toujours possible<\/p>\n<p class=\" wall-content\">En d\u00e9pit de l\u2019impossibilit\u00e9 de poursuivre une action p\u00e9nale, les victimes pr\u00e9sum\u00e9es peuvent porter leurs int\u00e9r\u00eats au civil et <strong>demander des dommages et int\u00e9r\u00eats<\/strong>. Car l\u2019action peut \u00eatre dirig\u00e9e contre d\u2019autres personnes, comme les h\u00e9ritiers du d\u00e9funt \u2013 dans la mesure o\u00f9 ils acceptent la succession.<\/p>\n<p class=\" wall-content\">\u00ab\u00a0Dans ce cas, il faudra que les victimes (pr\u00e9sum\u00e9es, ndlr) d\u00e9montrent la vraisemblance de leurs accusations, car<strong> la preuve leur incombe<\/strong> au civil\u00a0\u00bb, pr\u00e9cise Me Pressecq. Attention : m\u00eame si des dommages et int\u00e9r\u00eats finissent par \u00eatre vers\u00e9s, ils ne feront jamais du m\u00e9decin un coupable, p\u00e9nalement.\u00a0Le d\u00e9funt reste \u2013 et restera \u2013 pr\u00e9sum\u00e9 innocent.\u00a0<\/p>\n<p class=\" wall-content\">Personnalisez votre actualit\u00e9 en ajoutant vos villes et m\u00e9dias en favori avec <a href=\"https:\/\/moncompte.actu.fr\" title=\"D\u00e9couvez Mon Actu\" rel=\"nofollow noopener\" data-trk=\"{&quot;cta&quot;:{&quot;action&quot;:&quot;https:\\\/\\\/moncompte.actu.fr&quot;,&quot;category&quot;:&quot;mon compte&quot;,&quot;from&quot;:&quot;article footer&quot;,&quot;name&quot;:&quot;Mon actu&quot;,&quot;type&quot;:&quot;cta&quot;}}\" target=\"_blank\">Mon Actu<\/a>.<\/p>\n","protected":false},"excerpt":{"rendered":"Par Anaelle Montagne Publi\u00e9 le 31 oct. 2025 \u00e0 17h02 Le suicide d\u2019un m\u00e9decin de 67 ans, alors&hellip;\n","protected":false},"author":2,"featured_media":503488,"comment_status":"","ping_status":"","sticky":false,"template":"","format":"standard","meta":{"footnotes":""},"categories":[2816],"tags":[1111,11,1777,674,118,1011,27,303,12,2680,25,2312,799],"class_list":{"0":"post-503487","1":"post","2":"type-post","3":"status-publish","4":"format-standard","5":"has-post-thumbnail","7":"category-toulouse","8":"tag-actu","9":"tag-actualites","10":"tag-eu","11":"tag-europe","12":"tag-faits-divers","13":"tag-fr","14":"tag-france","15":"tag-justice","16":"tag-news","17":"tag-occitanie","18":"tag-republique-francaise","19":"tag-toulouse","20":"tag-violences-sexuelles"},"share_on_mastodon":{"url":"https:\/\/pubeurope.com\/@fr\/115471861963385899","error":""},"_links":{"self":[{"href":"https:\/\/www.europesays.com\/fr\/wp-json\/wp\/v2\/posts\/503487","targetHints":{"allow":["GET"]}}],"collection":[{"href":"https:\/\/www.europesays.com\/fr\/wp-json\/wp\/v2\/posts"}],"about":[{"href":"https:\/\/www.europesays.com\/fr\/wp-json\/wp\/v2\/types\/post"}],"author":[{"embeddable":true,"href":"https:\/\/www.europesays.com\/fr\/wp-json\/wp\/v2\/users\/2"}],"replies":[{"embeddable":true,"href":"https:\/\/www.europesays.com\/fr\/wp-json\/wp\/v2\/comments?post=503487"}],"version-history":[{"count":0,"href":"https:\/\/www.europesays.com\/fr\/wp-json\/wp\/v2\/posts\/503487\/revisions"}],"wp:featuredmedia":[{"embeddable":true,"href":"https:\/\/www.europesays.com\/fr\/wp-json\/wp\/v2\/media\/503488"}],"wp:attachment":[{"href":"https:\/\/www.europesays.com\/fr\/wp-json\/wp\/v2\/media?parent=503487"}],"wp:term":[{"taxonomy":"category","embeddable":true,"href":"https:\/\/www.europesays.com\/fr\/wp-json\/wp\/v2\/categories?post=503487"},{"taxonomy":"post_tag","embeddable":true,"href":"https:\/\/www.europesays.com\/fr\/wp-json\/wp\/v2\/tags?post=503487"}],"curies":[{"name":"wp","href":"https:\/\/api.w.org\/{rel}","templated":true}]}}