{"id":50349,"date":"2025-04-24T23:22:15","date_gmt":"2025-04-24T23:22:15","guid":{"rendered":"https:\/\/www.europesays.com\/fr\/50349\/"},"modified":"2025-04-24T23:22:15","modified_gmt":"2025-04-24T23:22:15","slug":"lenie-danse-avec-les-stars-escortee-par-un-garde-du-corps-car-victime-du-meme-fan-fou-que-kelly-vedovelli","status":"publish","type":"post","link":"https:\/\/www.europesays.com\/fr\/50349\/","title":{"rendered":"L\u00e9nie (Danse avec les stars) \u00ab\u00a0escort\u00e9e par un garde du corps\u00a0\u00bb, car victime du m\u00eame \u00ab\u00a0fan fou\u00a0\u00bb que Kelly Vedovelli"},"content":{"rendered":"<p>Ce vendredi 25 avril 2025, TF1 diffusera <a href=\"https:\/\/www.melty.fr\/tele\/danse-avec-les-stars-quelles-sont-les-celebrites-qui-se-sont-qualifiees-pour-la-finale-2229175.html\" target=\"_blank\" rel=\"noopener\"><br \/>\nla grande finale de Danse avec les stars<\/a>. Trois<br \/>\nfinalistes restent en lice : <strong>Adil Rami, Florent Manaudou et<br \/>\nL\u00e9nie<\/strong>. Si la comp\u00e9tition monte d\u00a0\u00bbun cran, un \u00e9v\u00e9nement<br \/>\nvient tout chambouler dans la vie d&rsquo;une des candidates.<\/p>\n<p>Danse avec les stars : une finale tr\u00e8s attendue sous haute<br \/>\ntension<\/p>\n<p>La comp\u00e9tition s\u2019annonce intense, ponctu\u00e9e de trois \u00e9preuves<br \/>\nd\u00e9cisives : un freestyle sur musique impos\u00e9e, une danse marquante<br \/>\ndu parcours, et une nouvelle chor\u00e9graphie. L\u00e9nie, l&rsquo;ancienne \u00e9l\u00e8ve<br \/>\nde la Star Academy, dansera sur <strong>Waka<br \/>\nWaka<\/strong> de Shakira, avant de revisiter sa sublime rumba<br \/>\nsur <strong>L\u2019Hymne \u00e0 l\u2019amour<\/strong>, et de pr\u00e9senter<br \/>\nune valse in\u00e9dite.<\/p>\n<p>Entre les r\u00e9p\u00e9titions, la pression du public et l\u2019engouement sur<br \/>\nles r\u00e9seaux sociaux, les candidats vivent une fin de saison<br \/>\nparticuli\u00e8rement charg\u00e9e<a href=\"https:\/\/www.melty.fr\/tele\/danse-avec-les-stars-lenie-confrontee-par-jordan-mouillerac-en-pleine-repetition-a-chaque-fois-tu-me-regardes-2225712.html\" target=\"_blank\" rel=\"noopener\">.<br \/>\nL\u00e9nie, benjamine de la comp\u00e9tition et favorite du public<\/a>, a su<br \/>\nconqu\u00e9rir les c\u0153urs avec sa sensibilit\u00e9 et sa fougue. \u00c0 20 ans \u00e0<br \/>\npeine, la jeune femme impressionne. Pourtant, derri\u00e8re son sourire<br \/>\net son \u00e9nergie communicative, cette derni\u00e8re cache <strong>une<br \/>\nr\u00e9alit\u00e9 bien plus sombre<\/strong>.<\/p>\n<p>Une popularit\u00e9 qui attire\u2026 les mauvaises personnes<\/p>\n<p>La notori\u00e9t\u00e9, L\u00e9nie l\u2019a connue d\u00e8s la Star Academy,<br \/>\nmais Danse avec les stars l\u2019a d\u00e9finitivement propuls\u00e9e<br \/>\ndans la lumi\u00e8re. Une visibilit\u00e9 qui n\u2019a pas que des avantages.<br \/>\nDepuis plusieurs semaines, la jeune artiste est <strong>suivie,<br \/>\ntraqu\u00e9e m\u00eame, par un individu obsessionnel<\/strong>. Pr\u00e9sent \u00e0<br \/>\ntoutes ses sorties publiques, rep\u00e9rant ses lieux de r\u00e9p\u00e9tition,<br \/>\npostant des dizaines de stories sur elle chaque jour, ce fan<br \/>\nenvahissant a sem\u00e9 la panique dans l\u2019entourage de la chanteuse.<\/p>\n<blockquote class=\"twitter-tweet\"><p><a class=\"twitter-link\" rel=\"noindex, nofollow noopener\" href=\"https:\/\/twitter.com\/clem_garin\/status\/1914699228871340191\" target=\"_blank\"><\/p><\/blockquote>\n<p>C\u2019est Cl\u00e9ment Garin, journaliste tr\u00e8s actif sur X (anciennement<br \/>\nTwitter), qui a r\u00e9v\u00e9l\u00e9 l\u2019affaire : \u00ab\u00a0<strong>L\u00e9nie est d\u00e9sormais<br \/>\n\u00e9paul\u00e9e par un garde du corps 24h sur 24<\/strong>, car trop apeur\u00e9e<br \/>\npar cet individu qui la suit \u00e0 la trace au quotidien.\u00a0\u00bb, a-t-il<br \/>\n\u00e9crit. Une pr\u00e9sence constante et oppressante, qui a pouss\u00e9 la<br \/>\nproduction \u00e0 prendre des mesures drastiques pour assurer la<br \/>\ns\u00e9curit\u00e9 de la jeune finaliste. La situation est suffisamment<br \/>\ns\u00e9rieuse pour que la chanteuse soit escort\u00e9e au quotidien, y<br \/>\ncompris durant ses entra\u00eenements et d\u00e9placements<br \/>\nprofessionnels.<\/p>\n<p>Un harceleur d\u00e9j\u00e0 connu\u2026 de Kelly<br \/>\nVedovelli<\/p>\n<p>Plus gla\u00e7ant encore, l\u2019homme en question ne serait pas un<br \/>\ninconnu dans le monde des m\u00e9dias. Toujours selon Cl\u00e9ment Garin, il<br \/>\ns\u2019agirait du <strong>m\u00eame individu qui avait harcel\u00e9 Kelly<br \/>\nVedovelli<\/strong> il y a quelques ann\u00e9es. \u00c0 l\u2019\u00e9poque, le stalker<br \/>\nattendait la chroniqueuse de Touche pas \u00e0 mon poste tous<br \/>\nles jours devant les locaux de Canal Factory, la suivant jusque<br \/>\ndans ses d\u00e9placements priv\u00e9s. Une obsession devenue incontr\u00f4lable,<br \/>\nau point que l\u2019homme avait \u00e9t\u00e9 expuls\u00e9 manu militari par les<br \/>\nvigiles.<\/p>\n<p>Cl\u00e9ment Garin, agac\u00e9 par la r\u00e9cidive, n\u2019a pas m\u00e2ch\u00e9 ses mots sur<br \/>\nX : \u00ab\u00a0Les limites du fanatisme, c\u2019est cela. <strong>Un tar\u00e9 qui<br \/>\ncourt apr\u00e8s une gamine au quotidien, qui la suit, qui lui fait peur<br \/>\nquand elle sort des studios car il est tout le temps l\u00e0, en<br \/>\npermanence, et qui fait 250 story sur elle au<br \/>\nquotidien<\/strong>.\u00a0\u00bb, a-t-il confi\u00e9. Un comportement malsain<br \/>\net mena\u00e7ant, qui fait froid dans le dos. Kelly Vedovelli, elle-m\u00eame<br \/>\nvictime dans le pass\u00e9, s\u2019\u00e9tait confi\u00e9e sur ce type de harc\u00e8lement.<br \/>\n\u00c0 ses d\u00e9buts, alors assistante dans un studio photo, elle avait \u00e9t\u00e9<br \/>\nespionn\u00e9e par son patron, qui avait m\u00eame connect\u00e9 son iCloud \u00e0 son<br \/>\nordinateur. Une intrusion intol\u00e9rable qui l\u2019avait profond\u00e9ment<br \/>\nmarqu\u00e9e, tout comme cette nouvelle affaire le fera sans doute pour<br \/>\nL\u00e9nie.<\/p>\n<p><script async src=\"https:\/\/platform.twitter.com\/widgets.js\" charset=\"utf-8\"><\/script><\/p>\n","protected":false},"excerpt":{"rendered":"Ce vendredi 25 avril 2025, TF1 diffusera la grande finale de Danse avec les stars. Trois finalistes restent&hellip;\n","protected":false},"author":2,"featured_media":50350,"comment_status":"","ping_status":"","sticky":false,"template":"","format":"standard","meta":{"footnotes":""},"categories":[1356],"tags":[905,58,59,1011,27,14303,252,1364],"class_list":{"0":"post-50349","1":"post","2":"type-post","3":"status-publish","4":"format-standard","5":"has-post-thumbnail","7":"category-television","8":"tag-a-la-une-melty","9":"tag-divertissement","10":"tag-entertainment","11":"tag-fr","12":"tag-france","13":"tag-lenie-vacher","14":"tag-television","15":"tag-tv"},"share_on_mastodon":{"url":"https:\/\/pubeurope.com\/@fr\/114395515822852950","error":""},"_links":{"self":[{"href":"https:\/\/www.europesays.com\/fr\/wp-json\/wp\/v2\/posts\/50349","targetHints":{"allow":["GET"]}}],"collection":[{"href":"https:\/\/www.europesays.com\/fr\/wp-json\/wp\/v2\/posts"}],"about":[{"href":"https:\/\/www.europesays.com\/fr\/wp-json\/wp\/v2\/types\/post"}],"author":[{"embeddable":true,"href":"https:\/\/www.europesays.com\/fr\/wp-json\/wp\/v2\/users\/2"}],"replies":[{"embeddable":true,"href":"https:\/\/www.europesays.com\/fr\/wp-json\/wp\/v2\/comments?post=50349"}],"version-history":[{"count":0,"href":"https:\/\/www.europesays.com\/fr\/wp-json\/wp\/v2\/posts\/50349\/revisions"}],"wp:featuredmedia":[{"embeddable":true,"href":"https:\/\/www.europesays.com\/fr\/wp-json\/wp\/v2\/media\/50350"}],"wp:attachment":[{"href":"https:\/\/www.europesays.com\/fr\/wp-json\/wp\/v2\/media?parent=50349"}],"wp:term":[{"taxonomy":"category","embeddable":true,"href":"https:\/\/www.europesays.com\/fr\/wp-json\/wp\/v2\/categories?post=50349"},{"taxonomy":"post_tag","embeddable":true,"href":"https:\/\/www.europesays.com\/fr\/wp-json\/wp\/v2\/tags?post=50349"}],"curies":[{"name":"wp","href":"https:\/\/api.w.org\/{rel}","templated":true}]}}