{"id":503492,"date":"2025-11-01T01:35:15","date_gmt":"2025-11-01T01:35:15","guid":{"rendered":"https:\/\/www.europesays.com\/fr\/503492\/"},"modified":"2025-11-01T01:35:15","modified_gmt":"2025-11-01T01:35:15","slug":"un-tresor-historique-derobe-pres-de-marseille-les-voleurs-trahis-par-un-message-anonyme-rocambolesque","status":"publish","type":"post","link":"https:\/\/www.europesays.com\/fr\/503492\/","title":{"rendered":"Un tr\u00e9sor historique d\u00e9rob\u00e9 pr\u00e8s de Marseille, les voleurs trahis par un message anonyme : \u00ab\u00a0Rocambolesque\u00a0\u00bb"},"content":{"rendered":"<p>            Par<br \/>\n        <strong><br \/>\n            <a href=\"https:\/\/actu.fr\/auteur\/fabien-binacchi\" title=\"Consulter tous les articles de Fabien Binacchi\" target=\"_blank\" rel=\"noopener\">Fabien Binacchi<\/a><br \/>\n        <\/strong><\/p>\n<p>        Publi\u00e9 le<\/p>\n<p>            31 oct. 2025 \u00e0 12h06        <\/p>\n<p>C\u2019est une affaire qui a sonn\u00e9 tout le monde dans cette commune proche de <a href=\"https:\/\/actu.fr\/marseille\/\" target=\"_blank\" rel=\"noopener\">Marseille<\/a>. La trace de la cloche historique du beffroi de <a href=\"https:\/\/actu.fr\/provence-alpes-cote-d-azur\/bouc-bel-air_13015\" target=\"_blank\" rel=\"noopener\">Bouc-Bel-Air<\/a> (<a href=\"https:\/\/actu.fr\/provence-alpes-cote-d-azur\/bouches-du-rhone_13\" target=\"_blank\" rel=\"noopener\">Bouches-du-Rh\u00f4ne<\/a>), vol\u00e9e il y a pr\u00e8s de deux mois, a \u00e9t\u00e9 retrouv\u00e9 par les gendarmes apr\u00e8s <strong>une enqu\u00eate \u00ab\u2009rocambolesque\u2009\u00bb.<\/strong> Un employ\u00e9 de mairie, confondu par un e-mail anonyme, semble m\u00eame impliqu\u00e9 dans la disparition de ce pan de l\u2019histoire de la commune \u00e0 jamais perdu.<\/p>\n<p>Une \u0153uvre datant de 1763<\/p>\n<p class=\" wall-content\">Ce n\u2019est pas la casse du Louvre, mais c\u2019est encore un bout du patrimoine fran\u00e7ais qui s\u2019\u00e9vanouit dans la nature. \u00c0 Bouc-Bel-Air, la cloche du Beffroi de la commune, datant de 1763, a \u00e9t\u00e9 vol\u00e9e. Le d\u00e9but de l\u2019affaire remonte au <strong>7\u00a0septembre 2025.<\/strong><\/p>\n<p>    <a href=\"https:\/\/www.google.com\/maps\/embed?pb=!1m17!1m11!1m3!1d2681.4454276459!2d5.410309311290251!3d43.45195936530344!2m2!1f0!2f0!3m2!1i1024!2i768!4f13.1!3m3!1m2!1s0x12c99340783b6b1b%3A0xb7305c1dd3de63ac!2zw4lnbGlzZSBTYWludCBBbmRyw6k!5e1!3m2!1sfr!2sfr!4v1761906820038!5m2!1sfr!2sfr\" title=\"Ouvrie le lien\" target=\"_blank\" rel=\"noopener\">Cliquez ici pour visualiser le contenu<\/a><\/p>\n<p class=\" wall-content\">\u00ab\u2009Le chef de la police municipale s\u2019est pr\u00e9sent\u00e9 \u00e0 la gendarmerie pour signaler la disparition de la cloche, <strong>entrepos\u00e9e dans un local communal en vue de sa restauration<\/strong>\u2009\u00bb, racontent les forces de l\u2019ordre. La nouvelle \u00e9meut les habitants de la commune.<\/p>\n<p class=\" wall-content\">Des investigations sont imm\u00e9diatement lanc\u00e9es.<\/p>\n<p>Fondue et revendue au poids du m\u00e9tal<\/p>\n<p class=\" wall-content\">Elles patinent. Jusqu\u2019au 23\u00a0octobre dernier. Un e-mail anonyme, adress\u00e9 \u00e0 la mairie, arrive jusqu\u2019\u00e0 l\u2019ordinateur des enqu\u00eateurs. Il contient une photo (authentifi\u00e9e) de la cloche vol\u00e9e et un court message de l\u2019auteur qui affirme vouloir <strong>que \u00ab\u2009la v\u00e9rit\u00e9 soit dite\u2009\u00bb.<\/strong><\/p>\n<p class=\" wall-content\">Elle est finalement r\u00e9v\u00e9l\u00e9e, au grand dam des habitants\u2009: la cloche a \u00e9t\u00e9 fondue dans les locaux d\u2019une soci\u00e9t\u00e9 implant\u00e9e sur la commune voisine de Rognac, r\u00e9v\u00e8lent les gendarmes, qui d\u00e9crivent une enqu\u00eate \u00ab\u2009rocambolesque\u2009\u00bb. Elle a \u00e9t\u00e9 ensuite revendue au poids du m\u00e9tal. Soit <strong>environ 1500 euros pour 350\u00a0kg.<\/strong><\/p>\n<p>Votre r\u00e9gion, votre actu !<\/p>\n<p>Recevez chaque jour les infos qui comptent pour vous.<\/p>\n<p>\t<a href=\"https:\/\/actu.fr\/newsletter\" class=\"ac-btn ac-btn--corner ac-btn--medium ac-btn--blue800\" target=\"_blank\" rel=\"noopener\">S&rsquo;incrire<\/a><\/p>\n<p>    <img   decoding=\"async\" loading=\"lazy\" src=\"https:\/\/www.europesays.com\/fr\/wp-content\/uploads\/2025\/11\/cloche-bouc-bel-air-960x640.jpg\" alt=\"cloche bouc bel air\" width=\"960\" height=\"640\"\/><br \/>\n    La cloche portait des inscriptions caract\u00e9ristiques en latin\u2009: \u00ab\u2009DEI GLORIAM\u2009\u00bb (la gloire \u00e0 Dieu) et \u00ab\u2009I BAVISE\u2009\u00bb (j\u2019ai bu) (\u00a9Gendarmerie des Bouches-du-Rh\u00f4ne)<\/p>\n<p class=\" wall-content\">Une h\u00e9r\u00e9sie pour le maire LR de Bouc-Bel-Air. Elle a \u00e9t\u00e9 \u00ab\u2009d\u00e9truite [\u2026] pour quelques centaines d\u2019euros \u00e0 peine, alors qu\u2019elle valait pr\u00e8s de dix fois plus sur le march\u00e9 de l\u2019art\u2009\u00bb, souffle Mathieu Pietri d\u00e9non\u00e7ant, sur Facebook, <strong>\u00ab\u2009un acte d\u2019une absurdit\u00e9 affligeante, qui a an\u00e9anti pr\u00e8s de trois si\u00e8cles d\u2019histoire\u2009\u00bb.<\/strong> La cloche qui avait \u00e9t\u00e9 d\u00e9croch\u00e9e de la tour de l\u2019horloge dans les ann\u00e9es 50 devait y revenir prochainement.<\/p>\n<p>    <a href=\"https:\/\/www.facebook.com\/plugins\/post.php?href=https%3A%2F%2Fwww.facebook.com%2Fmathieu.pietri.3%2Fposts%2Fpfbid0384KX9EfhFEX3tBXQ78PrMYbCXggyKUCFUNEBAf9poN3f549Ltn8x2Hmdsz7fuSUkl&amp;show_text=true&amp;width=350\" title=\"Ouvrie le lien\" target=\"_blank\" rel=\"noopener\">Cliquez ici pour visualiser le contenu<\/a><\/p>\n<p>\u00ab\u2009Une trahison profond\u00e9ment douloureuse\u2009\u00bb<\/p>\n<p class=\" wall-content\">Et l\u2019\u00e9dile est d\u2019autant plus en col\u00e8re qu\u2019un agent municipal fait partie des personnes interpell\u00e9es dans cette affaire. \u00ab\u2009Une trahison profond\u00e9ment douloureuse\u2009\u00bb qui aurait permis \u00ab\u2009aux malfaiteurs de <strong>contourner les dispositifs de s\u00e9curit\u00e9<\/strong>\u2009\u00bb, s\u2019emporte-t-il.<\/p>\n<p class=\" wall-content\">Les gendarmes ont pour le moment arr\u00eat\u00e9 un autre individu \u00ab\u2009soup\u00e7onn\u00e9 d\u2019avoir organis\u00e9 le transport et la vente\u2009\u00bb de l\u2019objet. Les deux mis en cause \u00e0 ce stade ont \u00e9t\u00e9 plac\u00e9s en garde pour \u00ab\u2009recel d\u2019un bien culturel affect\u00e9 au culte\u2009\u00bb. Ils ont \u00e9t\u00e9 d\u00e9f\u00e9r\u00e9s jeudi 30\u00a0octobre devant le Procureur d\u2019Aix-en-Provence en vue d\u2019\u00e9ventuelles poursuites.<\/p>\n<p class=\" wall-content\">En attendant, le maire de Bouc-Bel-Air assure que le clocher de l\u2019\u00e9glise Saint-Andr\u00e9 sonnera \u00e0 nouveau. \u00ab\u2009Je m\u2019\u00e9tais engag\u00e9 \u00e0 restaurer et raccrocher cette cloche [\u2026] aux c\u00f4t\u00e9s de sa s\u0153ur de 1719. <strong>Cet engagement demeure<\/strong>\u2009\u00bb, promet-il.<\/p>\n<p class=\" wall-content\">Personnalisez votre actualit\u00e9 en ajoutant vos villes et m\u00e9dias en favori avec <a href=\"https:\/\/moncompte.actu.fr\" title=\"D\u00e9couvez Mon Actu\" rel=\"nofollow noopener\" data-trk=\"{&quot;cta&quot;:{&quot;action&quot;:&quot;https:\\\/\\\/moncompte.actu.fr&quot;,&quot;category&quot;:&quot;mon compte&quot;,&quot;from&quot;:&quot;article footer&quot;,&quot;name&quot;:&quot;Mon actu&quot;,&quot;type&quot;:&quot;cta&quot;}}\" target=\"_blank\">Mon Actu<\/a>.<\/p>\n","protected":false},"excerpt":{"rendered":"Par Fabien Binacchi Publi\u00e9 le 31 oct. 2025 \u00e0 12h06 C\u2019est une affaire qui a sonn\u00e9 tout le&hellip;\n","protected":false},"author":2,"featured_media":503493,"comment_status":"","ping_status":"","sticky":false,"template":"","format":"standard","meta":{"footnotes":""},"categories":[2814],"tags":[1111,11,1777,674,118,1011,27,3381,884,12,2551,882,25],"class_list":{"0":"post-503492","1":"post","2":"type-post","3":"status-publish","4":"format-standard","5":"has-post-thumbnail","7":"category-marseille","8":"tag-actu","9":"tag-actualites","10":"tag-eu","11":"tag-europe","12":"tag-faits-divers","13":"tag-fr","14":"tag-france","15":"tag-gendarmerie","16":"tag-marseille","17":"tag-news","18":"tag-patrimoine","19":"tag-provence-alpes-cote-dazur","20":"tag-republique-francaise"},"share_on_mastodon":{"url":"https:\/\/pubeurope.com\/@fr\/115471877830183120","error":""},"_links":{"self":[{"href":"https:\/\/www.europesays.com\/fr\/wp-json\/wp\/v2\/posts\/503492","targetHints":{"allow":["GET"]}}],"collection":[{"href":"https:\/\/www.europesays.com\/fr\/wp-json\/wp\/v2\/posts"}],"about":[{"href":"https:\/\/www.europesays.com\/fr\/wp-json\/wp\/v2\/types\/post"}],"author":[{"embeddable":true,"href":"https:\/\/www.europesays.com\/fr\/wp-json\/wp\/v2\/users\/2"}],"replies":[{"embeddable":true,"href":"https:\/\/www.europesays.com\/fr\/wp-json\/wp\/v2\/comments?post=503492"}],"version-history":[{"count":0,"href":"https:\/\/www.europesays.com\/fr\/wp-json\/wp\/v2\/posts\/503492\/revisions"}],"wp:featuredmedia":[{"embeddable":true,"href":"https:\/\/www.europesays.com\/fr\/wp-json\/wp\/v2\/media\/503493"}],"wp:attachment":[{"href":"https:\/\/www.europesays.com\/fr\/wp-json\/wp\/v2\/media?parent=503492"}],"wp:term":[{"taxonomy":"category","embeddable":true,"href":"https:\/\/www.europesays.com\/fr\/wp-json\/wp\/v2\/categories?post=503492"},{"taxonomy":"post_tag","embeddable":true,"href":"https:\/\/www.europesays.com\/fr\/wp-json\/wp\/v2\/tags?post=503492"}],"curies":[{"name":"wp","href":"https:\/\/api.w.org\/{rel}","templated":true}]}}