{"id":503494,"date":"2025-11-01T01:36:34","date_gmt":"2025-11-01T01:36:34","guid":{"rendered":"https:\/\/www.europesays.com\/fr\/503494\/"},"modified":"2025-11-01T01:36:34","modified_gmt":"2025-11-01T01:36:34","slug":"le-jour-ou-marseille-a-vu-surgir-des-remparts-sur-la-mer-venus-de-nulle-part","status":"publish","type":"post","link":"https:\/\/www.europesays.com\/fr\/503494\/","title":{"rendered":"Le jour o\u00f9 Marseille a vu surgir des remparts sur la mer\u2026 venus de nulle part !"},"content":{"rendered":"<p>Les c\u00f4tes de <a href=\"https:\/\/www.futura-sciences.com\/planete\/breves\/meteorologie-remparts-irreels-sont-apparus-cote-marseille-7071\/\" title=\"Des remparts irr\u00e9els sont apparus sur la c\u00f4te de Marseille\" target=\"_blank\" rel=\"noopener\">Marseille<\/a> ont pris des allures de forteresse lors de cette journ\u00e9e de septembre 2022. Ce n&rsquo;\u00e9tait ni un r\u00eave, ni une <a href=\"https:\/\/www.futura-sciences.com\/sante\/definitions\/medecine-hallucination-15234\/\" target=\"_blank\" rel=\"noopener\">hallucination<\/a>, mais un ph\u00e9nom\u00e8ne bien r\u00e9el. Ces \u00e9tranges remparts n&rsquo;\u00e9taient bien-s\u00fbr pas r\u00e9els, mais pourtant, ils ont \u00e9t\u00e9 observ\u00e9s par des dizaines de personnes, et m\u00eame photographi\u00e9s.<\/p>\n<p class=\"fs-media\">\n<p><img decoding=\"async\" data-imgid=\"full\" src=\"https:\/\/www.europesays.com\/fr\/wp-content\/uploads\/2025\/11\/fata morgana2.jpg\" width=\"1080\" height=\"1350\" alt=\"\" loading=\"lazy\"\/><br \/>\nLes remparts (qui n&rsquo;existent pas) sur les c\u00f4tes de Marseille. \u00a9 Christine Bernard<\/p>\n<p>Il s&rsquo;agit d&rsquo;un ph\u00e9nom\u00e8ne optique bien connu, mais rarement observ\u00e9 en France, appel\u00e9 <a href=\"https:\/\/www.futura-sciences.com\/planete\/actualites\/meteorologie-phenomene-meteo-extraordinaire-fata-morgana-mirage-hallucinant-108387\/\" title=\"Ph\u00e9nom\u00e8ne m\u00e9t\u00e9o extraordinaire : la Fata Morgana, un mirage hallucinant\" target=\"_blank\" rel=\"noopener\">Fata Morgana<\/a>. La Fata Morgana fait en fait partie des mirages. Il existe en fait trois cat\u00e9gories de mirages, la Fata morgana est la plus complexe des trois :<\/p>\n<ul>\n<li>Le mirage inf\u00e9rieur dit \u00ab\u00a0chaud\u00a0\u00bb qui fait appara\u00eetre un objet d&rsquo;altitude plus bas que la r\u00e9alit\u00e9\u00a0;<\/li>\n<li>Le mirage sup\u00e9rieur dit <a href=\"https:\/\/www.futura-sciences.com\/planete\/actualites\/meteorologie-mirages-canada-ont-fait-apparaitre-villes-ciel-96007\/\" title=\"Des mirages au Canada ont fait appara\u00eetre des villes dans le ciel !\" target=\"_blank\" rel=\"noopener\">mirage<\/a> \u00ab\u00a0froid\u00a0\u00bb, qui fait appara\u00eetre un objet d\u00e9form\u00e9, \u00e9tir\u00e9, et beaucoup plus grand\u00a0;\u00a0<\/li>\n<li>La Fata Morgana qui combine plusieurs couches d&rsquo;inversions et donne des apparitions d&rsquo;objets superpos\u00e9s.<\/li>\n<\/ul>\n<p>C&rsquo;est en M\u00e9diterran\u00e9e que le ph\u00e9nom\u00e8ne a \u00e9t\u00e9 d\u00e9crit pour la premi\u00e8re fois, au Moyen-\u00c2ge.\u00a0 Le nom de Fata Morgana vient de l&rsquo;italien, \u00ab la f\u00e9e Morgane \u00bb, suite \u00e0 l&rsquo;observation d&rsquo;\u00e9tranges ch\u00e2teaux au-dessus de la mer M\u00e9diterran\u00e9e au Moyen \u00c2ge, entre l&rsquo;Italie et la Sicile.<\/p>\n<p class=\"fs-media\">\n<p><img decoding=\"async\" data-imgid=\"full\" src=\"https:\/\/www.europesays.com\/fr\/wp-content\/uploads\/2025\/11\/marseille6.jpg\" width=\"1080\" height=\"1350\" alt=\"\" loading=\"lazy\"\/><br \/>\nL&rsquo;\u00e9trange ph\u00e9nom\u00e8ne optique observ\u00e9 en 2022. \u00a9 Christine Bernard<\/p>\n<p>Un objet bien r\u00e9el est d\u00e9form\u00e9 et d\u00e9plac\u00e9<\/p>\n<p>La Fata Morgana est un mirage double, li\u00e9 \u00e0 la superposition d&rsquo;<a href=\"https:\/\/www.futura-sciences.com\/sciences\/definitions\/chimie-air-4452\/\" target=\"_blank\" rel=\"noopener\">air<\/a>\u00a0chaud et d&rsquo;air froid : c&rsquo;est une succession de mirages sup\u00e9rieurs et inf\u00e9rieurs, d&rsquo;o\u00f9 son apparence totalement incompr\u00e9hensible\u00a0! Les rayons lumineux sont perturb\u00e9s par les conditions thermiques (une <a href=\"https:\/\/www.futura-sciences.com\/planete\/definitions\/meteorologie-inversion-temperature-19262\/\" target=\"_blank\" rel=\"noopener\">inversion de temp\u00e9ratures<\/a> entre le sol et les couches plus \u00e9lev\u00e9es de l&rsquo;atmosph\u00e8re) et se d\u00e9forment. Cela donne des apparitions d&rsquo;objets lointains superpos\u00e9s et souvent allong\u00e9s. On observe souvent des tours allong\u00e9es par les couches d&rsquo;inversion, ou des plateaux \u00e9largis et superpos\u00e9s gr\u00e2ce aux couches d&rsquo;air plus chaud.<\/p>\n<p class=\"fs-media\">\n<p><img decoding=\"async\" data-imgid=\"full\" src=\"https:\/\/www.europesays.com\/fr\/wp-content\/uploads\/2025\/11\/fata morgana1.jpg\" width=\"1080\" height=\"548\" alt=\"\" loading=\"lazy\"\/><br \/>\nLa Fata Morgana devant les c\u00f4tes de Marseille. \u00a9 Christine Bernard<\/p>\n<p>\u00c0 la base, l&rsquo;objet existe (comme les remparts aper\u00e7us \u00e0 Marseille)\u00a0: cela peut \u00eatre une montagne (le cas le plus courant) ou encore des b\u00e2timents (probablement le cas pour l&rsquo;apparition de Marseille). Mais comme les rayons lumineux sont perturb\u00e9s et d\u00e9vi\u00e9s par l&rsquo;inversion de temp\u00e9ratures, la vision de l&rsquo;objet se trouve d\u00e9form\u00e9e et m\u00eame d\u00e9plac\u00e9e. A tel point que son origine r\u00e9elle n&rsquo;est parfois plus identifiable, et dans le cas de Marseille, les observateurs n&rsquo;ont pas \u00e9t\u00e9 capables de pr\u00e9ciser l&rsquo;origine r\u00e9elle des remparts incroyables observ\u00e9s sur les c\u00f4tes.<\/p>\n<p class=\"fs-media\">\n<p><img decoding=\"async\" data-imgid=\"full\" src=\"https:\/\/www.europesays.com\/fr\/wp-content\/uploads\/2025\/11\/marseille4.jpg\" width=\"1080\" height=\"1350\" alt=\"\" loading=\"lazy\"\/><br \/>\nUn zoom sur la Fata Morgana de Marseille. \u00a9 Christine Bernard<\/p>\n<p>Depuis 2022, aucune autre Fata Morgana aussi remarquable que celle-l\u00e0 n&rsquo;a \u00e9t\u00e9 photographi\u00e9e \u00e0 Marseille. Malgr\u00e9 l&rsquo;invasion des <a href=\"https:\/\/www.futura-sciences.com\/conso\/comparatifs\/meilleurs-smartphones-comparatif\/\" target=\"_blank\" rel=\"noopener\">smartphones<\/a>, le ph\u00e9nom\u00e8ne est tr\u00e8s rarement pris en photo dans notre pays\u00a0: le cas de Marseille est donc absolument exceptionnel. \u00a0<\/p>\n","protected":false},"excerpt":{"rendered":"Les c\u00f4tes de Marseille ont pris des allures de forteresse lors de cette journ\u00e9e de septembre 2022. Ce&hellip;\n","protected":false},"author":2,"featured_media":503495,"comment_status":"","ping_status":"","sticky":false,"template":"","format":"standard","meta":{"footnotes":""},"categories":[2814],"tags":[1111,11,1129,1777,674,62566,62563,1011,27,884,2487,8527,62562,62564,62565,12,62567,1186,882,25],"class_list":{"0":"post-503494","1":"post","2":"type-post","3":"status-publish","4":"format-standard","5":"has-post-thumbnail","7":"category-marseille","8":"tag-actu","9":"tag-actualites","10":"tag-climat","11":"tag-eu","12":"tag-europe","13":"tag-fata-morgana","14":"tag-faux-mirage","15":"tag-fr","16":"tag-france","17":"tag-marseille","18":"tag-meteo","19":"tag-meteorologie","20":"tag-mirage","21":"tag-mirage-chaud","22":"tag-mirage-froid","23":"tag-news","24":"tag-phenomene-optique","25":"tag-provence","26":"tag-provence-alpes-cote-dazur","27":"tag-republique-francaise"},"share_on_mastodon":{"url":"https:\/\/pubeurope.com\/@fr\/115471881710799159","error":""},"_links":{"self":[{"href":"https:\/\/www.europesays.com\/fr\/wp-json\/wp\/v2\/posts\/503494","targetHints":{"allow":["GET"]}}],"collection":[{"href":"https:\/\/www.europesays.com\/fr\/wp-json\/wp\/v2\/posts"}],"about":[{"href":"https:\/\/www.europesays.com\/fr\/wp-json\/wp\/v2\/types\/post"}],"author":[{"embeddable":true,"href":"https:\/\/www.europesays.com\/fr\/wp-json\/wp\/v2\/users\/2"}],"replies":[{"embeddable":true,"href":"https:\/\/www.europesays.com\/fr\/wp-json\/wp\/v2\/comments?post=503494"}],"version-history":[{"count":0,"href":"https:\/\/www.europesays.com\/fr\/wp-json\/wp\/v2\/posts\/503494\/revisions"}],"wp:featuredmedia":[{"embeddable":true,"href":"https:\/\/www.europesays.com\/fr\/wp-json\/wp\/v2\/media\/503495"}],"wp:attachment":[{"href":"https:\/\/www.europesays.com\/fr\/wp-json\/wp\/v2\/media?parent=503494"}],"wp:term":[{"taxonomy":"category","embeddable":true,"href":"https:\/\/www.europesays.com\/fr\/wp-json\/wp\/v2\/categories?post=503494"},{"taxonomy":"post_tag","embeddable":true,"href":"https:\/\/www.europesays.com\/fr\/wp-json\/wp\/v2\/tags?post=503494"}],"curies":[{"name":"wp","href":"https:\/\/api.w.org\/{rel}","templated":true}]}}