{"id":503496,"date":"2025-11-01T01:37:10","date_gmt":"2025-11-01T01:37:10","guid":{"rendered":"https:\/\/www.europesays.com\/fr\/503496\/"},"modified":"2025-11-01T01:37:10","modified_gmt":"2025-11-01T01:37:10","slug":"un-rassemblement-automobile-illegal-pour-halloween-a-lyon-la-prefecture-tire-sur-le-frein-a-main","status":"publish","type":"post","link":"https:\/\/www.europesays.com\/fr\/503496\/","title":{"rendered":"Un rassemblement automobile ill\u00e9gal pour Halloween \u00e0 Lyon ? La pr\u00e9fecture tire sur le frein \u00e0 main"},"content":{"rendered":"<p>Sur les r\u00e9seaux sociaux, des appels \u00e0 participer \u00e0 ce rassemblement automobile fusent. Et comme \u00e0 chaque fois, la pr\u00e9fecture du Rh\u00f4ne et les autorit\u00e9s sont \u00e0 l&rsquo;affut de la moindre information pour intervenir et l&#8217;emp\u00eacher de se tenir.<\/p>\n<p>Un arr\u00eat\u00e9, que LyonMag a pu consulter, a \u00e9t\u00e9 pris ce vendredi pour l&rsquo;interdire. Les services de l&rsquo;Etat indiquent que de nombreuses infractions sont r\u00e9guli\u00e8rement commises lors de ces rassemblements o\u00f9 des courses de vitesse ou des d\u00e9rapages sont r\u00e9alis\u00e9s en pr\u00e9sence de public dans des conditions de s\u00e9curit\u00e9 inexistantes. Et qu&rsquo;organiser un tel \u00e9v\u00e8nement un soir d&rsquo;Halloween o\u00f9 les forces de l&rsquo;ordre sont fortement mobilis\u00e9es pour endiguer tout ph\u00e9nom\u00e8ne de violences urbaines n&rsquo;est pas souhaitable.<\/p>\n<p>Le rassemblement est donc interdit d\u00e8s vendredi 18h et jusqu&rsquo;\u00e0 dimanche 12h. Mais les organisateurs abandonnent rarement face \u00e0 un simple arr\u00eat\u00e9 pr\u00e9fectoral et pourraient se rabattre sur un parking en p\u00e9riph\u00e9rie de Lyon, voire en dehors du Rh\u00f4ne. Affaire \u00e0 suivre\u2026<\/p>\n","protected":false},"excerpt":{"rendered":"Sur les r\u00e9seaux sociaux, des appels \u00e0 participer \u00e0 ce rassemblement automobile fusent. Et comme \u00e0 chaque fois,&hellip;\n","protected":false},"author":2,"featured_media":503497,"comment_status":"","ping_status":"","sticky":false,"template":"","format":"standard","meta":{"footnotes":""},"categories":[1889],"tags":[1111,11,2813,2190,2430,1109,251,1112,2811,1777,674,118,1011,27,1922,1110,1114,2428,2810,12,241,316,25,2812,517,800],"class_list":{"0":"post-503496","1":"post","2":"type-post","3":"status-publish","4":"format-standard","5":"has-post-thumbnail","7":"category-lyon","8":"tag-actu","9":"tag-actualites","10":"tag-article","11":"tag-asvel","12":"tag-auvergne-rhone-alpes","13":"tag-breves","14":"tag-culture","15":"tag-depeches","16":"tag-economique","17":"tag-eu","18":"tag-europe","19":"tag-faits-divers","20":"tag-fr","21":"tag-france","22":"tag-info","23":"tag-informations","24":"tag-infos","25":"tag-lyon","26":"tag-lyonmag","27":"tag-news","28":"tag-ol","29":"tag-politique","30":"tag-republique-francaise","31":"tag-sociale","32":"tag-sport","33":"tag-transports"},"share_on_mastodon":{"url":"https:\/\/pubeurope.com\/@fr\/115471885514696517","error":""},"_links":{"self":[{"href":"https:\/\/www.europesays.com\/fr\/wp-json\/wp\/v2\/posts\/503496","targetHints":{"allow":["GET"]}}],"collection":[{"href":"https:\/\/www.europesays.com\/fr\/wp-json\/wp\/v2\/posts"}],"about":[{"href":"https:\/\/www.europesays.com\/fr\/wp-json\/wp\/v2\/types\/post"}],"author":[{"embeddable":true,"href":"https:\/\/www.europesays.com\/fr\/wp-json\/wp\/v2\/users\/2"}],"replies":[{"embeddable":true,"href":"https:\/\/www.europesays.com\/fr\/wp-json\/wp\/v2\/comments?post=503496"}],"version-history":[{"count":0,"href":"https:\/\/www.europesays.com\/fr\/wp-json\/wp\/v2\/posts\/503496\/revisions"}],"wp:featuredmedia":[{"embeddable":true,"href":"https:\/\/www.europesays.com\/fr\/wp-json\/wp\/v2\/media\/503497"}],"wp:attachment":[{"href":"https:\/\/www.europesays.com\/fr\/wp-json\/wp\/v2\/media?parent=503496"}],"wp:term":[{"taxonomy":"category","embeddable":true,"href":"https:\/\/www.europesays.com\/fr\/wp-json\/wp\/v2\/categories?post=503496"},{"taxonomy":"post_tag","embeddable":true,"href":"https:\/\/www.europesays.com\/fr\/wp-json\/wp\/v2\/tags?post=503496"}],"curies":[{"name":"wp","href":"https:\/\/api.w.org\/{rel}","templated":true}]}}