{"id":503498,"date":"2025-11-01T01:38:26","date_gmt":"2025-11-01T01:38:26","guid":{"rendered":"https:\/\/www.europesays.com\/fr\/503498\/"},"modified":"2025-11-01T01:38:26","modified_gmt":"2025-11-01T01:38:26","slug":"lyon-cest-quoi-cette-file-dattente-monstre-devant-ce-magasin-de-la-presquile","status":"publish","type":"post","link":"https:\/\/www.europesays.com\/fr\/503498\/","title":{"rendered":"Lyon. C&rsquo;est quoi cette file d&rsquo;attente monstre devant ce magasin de la Presqu&rsquo;\u00eele"},"content":{"rendered":"<p>            Par<br \/>\n        <strong><br \/>\n            <a href=\"https:\/\/actu.fr\/auteur\/anthony-soudani\" title=\"Consulter tous les articles de Anthony Soudani\" target=\"_blank\" rel=\"noopener\">Anthony Soudani<\/a><br \/>\n        <\/strong><\/p>\n<p>        Publi\u00e9 le<\/p>\n<p>            31 oct. 2025 \u00e0 17h45        <\/p>\n<p>\u00ab\u00a0D\u00e9sol\u00e9, je ne peux pas vous r\u00e9pondre, il y a encore du monde\u00a0\u00bb, nous assure \u00e0 17h30 une vendeuse du <strong>magasin Feta<\/strong>, sp\u00e9cialis\u00e9 dans les d\u00e9guisements \u00e0 <a href=\"https:\/\/actu.fr\/lyon\/\" target=\"_blank\" rel=\"noopener\">Lyon<\/a>. La boutique est prise d\u2019assaut par les clients en Presqu\u2019\u00eele ce vendredi 31 octobre pour <a href=\"https:\/\/actu.fr\/tag\/halloween\" target=\"_blank\" rel=\"noopener\">Halloween<\/a>.<\/p>\n<p>Une file d\u2019attente jusqu\u2019\u00e0 l\u2019ext\u00e9rieur du magasin<\/p>\n<p class=\" wall-content\">La file d\u2019attente \u00ab\u00a0monstre\u00a0\u00bb s\u2019est \u00e9tendue jusqu\u2019\u00e0 l\u2019ext\u00e9rieur de l\u2019enseigne situ\u00e9e au 11, quai Jules-Gourmont, dans le 2e arrondissement. Ouvert de <strong>10h \u00e0 19h non-stop<\/strong>, le magasin lyonnais a tr\u00e8s certainement fait sa plus grosse journ\u00e9e de l\u2019ann\u00e9e.<\/p>\n<p>    <a href=\"https:\/\/www.google.com\/maps\/embed?pb=!1m18!1m12!1m3!1d4681.321073852211!2d4.834843062336698!3d45.76056432613506!2m3!1f0!2f0!3f0!3m2!1i1024!2i768!4f13.1!3m3!1m2!1s0x47f4ea570f19ecdb%3A0x555b0f2a60f4b46b!2sFETA%20-%201001%20D%C3%A9guisements!5e0!3m2!1sfr!2sfr!4v1761928410090!5m2!1sfr!2sfr\" title=\"Ouvrie le lien\" target=\"_blank\" rel=\"noopener\">Cliquez ici pour visualiser le contenu<\/a><\/p>\n<p class=\" wall-content\">La boutique Feta \u2013 1001 d\u00e9guisements vend essentiellement costumes, chapeaux, maquillages, cotillons et accessoires de f\u00eate \u00e0 th\u00e8me. L\u2019adresse id\u00e9ale donc pour faire ses courses au dernier moment avant des soir\u00e9es d\u2019Halloween nombreuses \u00e0 Lyon.<\/p>\n<p>Des conseils et des interdictions de la pr\u00e9fecture<\/p>\n<p class=\" wall-content\">\u00c0 cette occasion, la pr\u00e9f\u00e8te du Rh\u00f4ne \u00e0 rappeler des conseils pour une soir\u00e9e r\u00e9ussie et ainsi profiter de la chasse aux bonbons en toute s\u00e9curit\u00e9 :<\/p>\n<ul class=\" wall-content\">\n<li>Soyez bien visibles : ajoutez des bandes r\u00e9fl\u00e9chissantes \u00e0 vos costumes et apportez une lampe de poche. Restez en groupe et accompagnez-vous d\u2019un adulte.<\/li>\n<li>Travers\u00e9e des rues : utilisez les passages pi\u00e9tons et regardez bien des deux c\u00f4t\u00e9s.<\/li>\n<li>Consommez vos bonbons seulement apr\u00e8s v\u00e9rification par un adulte.\u00a0<\/li>\n<\/ul>\n<p class=\" wall-content\">\n<p class=\" wall-content\">Au regard des troubles \u00e0 l\u2019ordre public constat\u00e9s les pr\u00e9c\u00e9dentes ann\u00e9es les nuits du 31 octobre, la Pr\u00e9f\u00e8te a \u00e9galement pris un ensemble de mesures n\u00e9cessaires et pr\u00e9ventives pour \u00ab\u00a0conserver le caract\u00e8re festif d\u2019Halloween dans le Rh\u00f4ne et la M\u00e9tropole de Lyon\u00a0\u00bb.\u00a0<\/p>\n<p>Votre r\u00e9gion, votre actu !<\/p>\n<p>Recevez chaque jour les infos qui comptent pour vous.<\/p>\n<p>\t<a href=\"https:\/\/actu.fr\/newsletter\" class=\"ac-btn ac-btn--corner ac-btn--medium ac-btn--blue800\" target=\"_blank\" rel=\"noopener\">S&rsquo;incrire<\/a><\/p>\n<p class=\" wall-content\">Sont interdits du vendredi 31 octobre 20h au dimanche 2 novembre 6h :\u00a0<\/p>\n<ul class=\" wall-content\">\n<li>la consommation en r\u00e9union de boissons alcoolis\u00e9es sur la voie publique, en dehors des lieux r\u00e9serv\u00e9s \u00e0 cet effet ;<\/li>\n<li>la vente d\u2019alcool \u00e0 emporter<\/li>\n<li>l\u2019achat, la vente, le transport et l\u2019utilisation d\u2019artifices de divertissement de cat\u00e9gories F2 et F3 ;<\/li>\n<li>la vente ou la d\u00e9tention de carburant en r\u00e9cipient portable.<\/li>\n<\/ul>\n<p class=\" wall-content\">Personnalisez votre actualit\u00e9 en ajoutant vos villes et m\u00e9dias en favori avec <a href=\"https:\/\/moncompte.actu.fr\" title=\"D\u00e9couvez Mon Actu\" rel=\"nofollow noopener\" data-trk=\"{&quot;cta&quot;:{&quot;action&quot;:&quot;https:\\\/\\\/moncompte.actu.fr&quot;,&quot;category&quot;:&quot;mon compte&quot;,&quot;from&quot;:&quot;article footer&quot;,&quot;name&quot;:&quot;Mon actu&quot;,&quot;type&quot;:&quot;cta&quot;}}\" target=\"_blank\">Mon Actu<\/a>.<\/p>\n","protected":false},"excerpt":{"rendered":"Par Anthony Soudani Publi\u00e9 le 31 oct. 2025 \u00e0 17h45 \u00ab\u00a0D\u00e9sol\u00e9, je ne peux pas vous r\u00e9pondre, il&hellip;\n","protected":false},"author":2,"featured_media":503499,"comment_status":"","ping_status":"","sticky":false,"template":"","format":"standard","meta":{"footnotes":""},"categories":[1889],"tags":[1111,11,2430,215,1777,674,1011,27,20815,2428,12,2809,25,104],"class_list":{"0":"post-503498","1":"post","2":"type-post","3":"status-publish","4":"format-standard","5":"has-post-thumbnail","7":"category-lyon","8":"tag-actu","9":"tag-actualites","10":"tag-auvergne-rhone-alpes","11":"tag-commerce","12":"tag-eu","13":"tag-europe","14":"tag-fr","15":"tag-france","16":"tag-halloween","17":"tag-lyon","18":"tag-news","19":"tag-presquile","20":"tag-republique-francaise","21":"tag-societe"},"share_on_mastodon":{"url":"https:\/\/pubeurope.com\/@fr\/115471889375386442","error":""},"_links":{"self":[{"href":"https:\/\/www.europesays.com\/fr\/wp-json\/wp\/v2\/posts\/503498","targetHints":{"allow":["GET"]}}],"collection":[{"href":"https:\/\/www.europesays.com\/fr\/wp-json\/wp\/v2\/posts"}],"about":[{"href":"https:\/\/www.europesays.com\/fr\/wp-json\/wp\/v2\/types\/post"}],"author":[{"embeddable":true,"href":"https:\/\/www.europesays.com\/fr\/wp-json\/wp\/v2\/users\/2"}],"replies":[{"embeddable":true,"href":"https:\/\/www.europesays.com\/fr\/wp-json\/wp\/v2\/comments?post=503498"}],"version-history":[{"count":0,"href":"https:\/\/www.europesays.com\/fr\/wp-json\/wp\/v2\/posts\/503498\/revisions"}],"wp:featuredmedia":[{"embeddable":true,"href":"https:\/\/www.europesays.com\/fr\/wp-json\/wp\/v2\/media\/503499"}],"wp:attachment":[{"href":"https:\/\/www.europesays.com\/fr\/wp-json\/wp\/v2\/media?parent=503498"}],"wp:term":[{"taxonomy":"category","embeddable":true,"href":"https:\/\/www.europesays.com\/fr\/wp-json\/wp\/v2\/categories?post=503498"},{"taxonomy":"post_tag","embeddable":true,"href":"https:\/\/www.europesays.com\/fr\/wp-json\/wp\/v2\/tags?post=503498"}],"curies":[{"name":"wp","href":"https:\/\/api.w.org\/{rel}","templated":true}]}}