{"id":503504,"date":"2025-11-01T01:42:17","date_gmt":"2025-11-01T01:42:17","guid":{"rendered":"https:\/\/www.europesays.com\/fr\/503504\/"},"modified":"2025-11-01T01:42:17","modified_gmt":"2025-11-01T01:42:17","slug":"information-relative-a-lannonce-dune-radiation-des-titres","status":"publish","type":"post","link":"https:\/\/www.europesays.com\/fr\/503504\/","title":{"rendered":"Information relative \u00e0 l\u2019annonce d\u2019une radiation des titres"},"content":{"rendered":"<p>Auplata Mining Group informe le march\u00e9 qu\u2019elle a re\u00e7u le 30 octobre 2025 une notification de la part d&rsquo;Euronext Paris S.A. l&rsquo;informant de son initiative unilat\u00e9rale, sans consultation pr\u00e9alable de la Soci\u00e9t\u00e9, de proc\u00e9der \u00e0 la radiation de la cotation des titres d\u2019AMG sur le march\u00e9 Euronext Growth Paris, \u00e0 compter du 31 d\u00e9cembre 2025. Selon Euronext, cette initiative, fond\u00e9e sur l\u2019article 5.1.2 du R\u00e8glement d\u2019Euronext Growth, intervient \u00e0 la suite de la suspension de cotation intervenue le 10 juillet 2024 et du constat de certaines manquements en mati\u00e8re d\u2019information fi nanci\u00e8re. La Soci\u00e9t\u00e9 exprime son \u00e9tonnement face \u00e0 cette annonce et regrette l\u2019absence de d\u00e9bat pr\u00e9alable. AMG r\u00e9affi rme sa coop\u00e9ration active et son engagement \u00e0 respecter ses obligations r\u00e8glementaires. AMG \u00e9tudie actuellement les options disponibles, tout en poursuivant activement la fi nalisation de ses \u00e9tats fi nanciers, la mise en oeuvre de ses projets miniers et sa strat\u00e9gie de d\u00e9veloppement durable, dans l\u2019int\u00e9r\u00eat de l\u2019ensemble des parties prenantes.<\/p>\n<ul id=\"gnw_attachments_section-items\">\n<li>\n        <a target=\"_blank\" href=\"https:\/\/www.globenewswire.com\/Tracker?data=-lDfZt6_vdOJ8HNKrVWPy8eWNSipqbU5UzTxnhzvS7j5llqiQR-UIhjHxVSjTDN_yUHpu_pzKYA4pkIrOnFDUPhfjAgl1dHXnZm4V9hGwVGfhH4Lcg1NiLX_iGFhKEzzoUbXUbrUec9YqHiY9WK5CHHwqcKlJNF15mjgE1lNnTqhFKPE6C9KvljkKj5E9sdc4mx5B2y-MAEvtSRPzBB6YQ==\" title=\"COMMUNIQUE\u0301 DE PRESSE le 31 octobre 2025.docx\" rel=\"nofollow noopener\">COMMUNIQUE\u0301 DE PRESSE le 31 octobre 2025.docx<\/a>\n      <\/li>\n<\/ul>\n<p><img decoding=\"async\" alt=\"\" src=\"https:\/\/www.europesays.com\/fr\/wp-content\/uploads\/2025\/11\/AUPLATA-MINING-GROUP-SA.png\" referrerpolicy=\"no-referrer-when-downgrade\"\/><\/p>\n","protected":false},"excerpt":{"rendered":"Auplata Mining Group informe le march\u00e9 qu\u2019elle a re\u00e7u le 30 octobre 2025 une notification de la part&hellip;\n","protected":false},"author":2,"featured_media":503505,"comment_status":"","ping_status":"","sticky":false,"template":"","format":"standard","meta":{"footnotes":""},"categories":[1888],"tags":[1111,1928,11,1927,62569,1777,674,1011,27,12,1926,626,1925,62568,25],"class_list":{"0":"post-503504","1":"post","2":"type-post","3":"status-publish","4":"format-standard","5":"has-post-thumbnail","7":"category-paris","8":"tag-actu","9":"tag-actu-paris","10":"tag-actualites","11":"tag-actualites-paris","12":"tag-auplata-mining-group-sa","13":"tag-eu","14":"tag-europe","15":"tag-fr","16":"tag-france","17":"tag-news","18":"tag-news-paris","19":"tag-paris","20":"tag-paris-news","21":"tag-paris-stock-exchangealamg","22":"tag-republique-francaise"},"share_on_mastodon":{"url":"https:\/\/pubeurope.com\/@fr\/115471905282057092","error":""},"_links":{"self":[{"href":"https:\/\/www.europesays.com\/fr\/wp-json\/wp\/v2\/posts\/503504","targetHints":{"allow":["GET"]}}],"collection":[{"href":"https:\/\/www.europesays.com\/fr\/wp-json\/wp\/v2\/posts"}],"about":[{"href":"https:\/\/www.europesays.com\/fr\/wp-json\/wp\/v2\/types\/post"}],"author":[{"embeddable":true,"href":"https:\/\/www.europesays.com\/fr\/wp-json\/wp\/v2\/users\/2"}],"replies":[{"embeddable":true,"href":"https:\/\/www.europesays.com\/fr\/wp-json\/wp\/v2\/comments?post=503504"}],"version-history":[{"count":0,"href":"https:\/\/www.europesays.com\/fr\/wp-json\/wp\/v2\/posts\/503504\/revisions"}],"wp:featuredmedia":[{"embeddable":true,"href":"https:\/\/www.europesays.com\/fr\/wp-json\/wp\/v2\/media\/503505"}],"wp:attachment":[{"href":"https:\/\/www.europesays.com\/fr\/wp-json\/wp\/v2\/media?parent=503504"}],"wp:term":[{"taxonomy":"category","embeddable":true,"href":"https:\/\/www.europesays.com\/fr\/wp-json\/wp\/v2\/categories?post=503504"},{"taxonomy":"post_tag","embeddable":true,"href":"https:\/\/www.europesays.com\/fr\/wp-json\/wp\/v2\/tags?post=503504"}],"curies":[{"name":"wp","href":"https:\/\/api.w.org\/{rel}","templated":true}]}}