{"id":503508,"date":"2025-11-01T01:44:33","date_gmt":"2025-11-01T01:44:33","guid":{"rendered":"https:\/\/www.europesays.com\/fr\/503508\/"},"modified":"2025-11-01T01:44:33","modified_gmt":"2025-11-01T01:44:33","slug":"disneyland-paris-la-cnil-saisie-dune-plainte-apres-le-tour-de-vis-du-parc-dattractions-pour-reduire-les-fraudes","status":"publish","type":"post","link":"https:\/\/www.europesays.com\/fr\/503508\/","title":{"rendered":"Disneyland Paris\u00a0: la Cnil saisie d\u2019une plainte apr\u00e8s le tour de vis du parc d\u2019attractions pour r\u00e9duire les fraudes"},"content":{"rendered":"<p class=\"paragraph text_align_left lp-f-body-02\">Bien qu\u2019interdite, c\u2019est une vieille technique pour entrer gratuitement \u00e0 Disneyland Paris : demander aux visiteurs ayant termin\u00e9 leur journ\u00e9e au parc d\u2019attractions leur ticket pour y entrer \u00e0 nouveau sans frais. Sur TikTok, <a href=\"https:\/\/www.leparisien.fr\/seine-et-marne-77\/fallait-pas-dire-une-fraude-pour-rentrer-gratuitement-a-disneyland-paris-largement-relayee-sur-tiktok-les-habitues-du-subterfuge-furieux-10-10-2025-VABOPYDNMFEXFIWYAA247QKG6U.php\" target=\"_self\" rel=\"nofollow noopener\">comme nous l\u2019indiquions le 10 octobre<\/a>, certains se vantent d\u2019avoir utilis\u00e9 ce subterfuge \u00ab 100 fois \u00bb.<\/p>\n<p class=\"paragraph text_align_left lp-f-body-02\">Dans une optique de \u00ab lutte contre les entr\u00e9es frauduleuses \u00bb, <a href=\"https:\/\/www.leparisien.fr\/guide-shopping\/loisirs-voyages\/loisirs\/disneyland-paris-a-partir-de-50-euros-comment-reserver-sa-place-au-meilleur-prix-25-05-2025-TFNKI7QVDFGZRDGL7AVJTUP2QE.php\" target=\"_self\" rel=\"nofollow noopener\">Disneyland Paris<\/a> a d\u00e9cid\u00e9 de muscler son dispositif de contr\u00f4le ces derni\u00e8res semaines. D\u00e9sormais, indique le parc d\u2019attractions sur son <a href=\"https:\/\/www.disneylandparis.com\/fr-fr\/legal\/photos-tourniquets\" target=\"_self\" rel=\"nofollow noopener\">site Internet<\/a>, \u00ab votre photographie sera prise et associ\u00e9e \u00e0 votre billet d\u2019entr\u00e9e adulte \u00bb, pr\u00e9cisant que \u00ab toutes ces photos seront supprim\u00e9es dans un d\u00e9lai d\u2019une semaine \u00bb et qu\u2019elles ne feront pas l\u2019objet \u00ab d\u2019un traitement par des technologies de reconnaissance faciale \u00bb. Par un envoi de mail, les clients peuvent acc\u00e9der \u00e0 leurs donn\u00e9es personnelles et demander \u00e0 les modifier ou les supprimer.<\/p>\n<p class=\"title-embed-dailymotion lp-color-text lp-f-subtitle-04\">Vid\u00e9oAu c\u0153ur du changement de d\u00e9cors de Disneyland, en pleine nuit<\/p>\n<p class=\"paragraph text_align_left lp-f-body-02\">Les visiteurs du parc qui seraient r\u00e9fractaires \u00e0 cette m\u00e9thode doivent d\u00e9sormais pr\u00e9senter une pi\u00e8ce d\u2019identit\u00e9 conforme au billet nominatif ou une preuve d\u2019appartenance \u00e0 la soci\u00e9t\u00e9 mentionn\u00e9e sur le ticket si les places ont \u00e9t\u00e9 acquises via un comit\u00e9 d\u2019entreprise.<\/p>\n<p>Un syst\u00e8me conforme au r\u00e8glement europ\u00e9en ?<\/p>\n<p class=\"paragraph text_align_left lp-f-body-02\">Une alternative insuffisante pour satisfaire certains clients de <a href=\"https:\/\/www.leparisien.fr\/faits-divers\/un-homme-privatise-disneyland-paris-pour-son-mariage-avec-une-fillette-de-9-ans-21-06-2025-7AK6C67J6FFUTPNWWI3GCFDECI.php\" target=\"_self\" rel=\"nofollow noopener\">Disneyland Paris<\/a>, m\u00e9contents du nouveau syst\u00e8me de contr\u00f4le du parc, qu\u2019ils per\u00e7oivent comme une atteinte aux donn\u00e9es personnelles.<\/p>\n<p class=\"paragraph text_align_left lp-f-body-02\">Comme r\u00e9v\u00e9l\u00e9 par <a href=\"https:\/\/www.bfmtv.com\/tech\/actualites\/donnees-personnelles\/info-tech-co-disneyland-paris-prend-en-photo-ses-clients-pour-eviter-qu-ils-ne-redonnent-gratuitement-leur-billet-a-quelqu-un-d-autre-la-cnil-est-saisie-d-une-plainte_AV-202510310516.html\" target=\"_self\" rel=\"nofollow noopener\">Tech&amp;Co<\/a>, la Commission nationale de l\u2019informatique et des libert\u00e9s (Cnil) a \u00e9t\u00e9 saisie d\u2019une plainte \u00e0 ce sujet et n\u2019aurait pas \u00e9t\u00e9 inform\u00e9e de la mise en place de ce mode de fonctionnement. \u00ab Cette plainte est en cours d\u2019instruction \u00bb, confirme l\u2019autorit\u00e9 administrative prot\u00e9geant les donn\u00e9es personnelles au Parisien.<\/p>\n<p class=\"paragraph text_align_left lp-f-body-02\">La Cnil devra \u00e9tudier la conformit\u00e9 ou non du syst\u00e8me instaur\u00e9 par Disneyland Paris au r\u00e8glement g\u00e9n\u00e9ral sur la protection des donn\u00e9es (RGPD), un texte harmonisant les r\u00e8gles de traitement des donn\u00e9es personnelles dans l\u2019UE.<\/p>\n<p class=\"paragraph text_align_left lp-f-body-02\">\u00c0 Walt Disney World, en Floride, aux \u00c9tats-Unis, les conditions d\u2019acc\u00e8s au parc sont plus radicales encore : les visiteurs doivent laisser leurs empreintes digitales pour pouvoir entrer.<\/p>\n","protected":false},"excerpt":{"rendered":"Bien qu\u2019interdite, c\u2019est une vieille technique pour entrer gratuitement \u00e0 Disneyland Paris : demander aux visiteurs ayant termin\u00e9&hellip;\n","protected":false},"author":2,"featured_media":503509,"comment_status":"","ping_status":"","sticky":false,"template":"","format":"standard","meta":{"footnotes":""},"categories":[1888],"tags":[11,1777,674,1011,27,142,12,626,25],"class_list":{"0":"post-503508","1":"post","2":"type-post","3":"status-publish","4":"format-standard","5":"has-post-thumbnail","7":"category-paris","8":"tag-actualites","9":"tag-eu","10":"tag-europe","11":"tag-fr","12":"tag-france","13":"tag-high-tech","14":"tag-news","15":"tag-paris","16":"tag-republique-francaise"},"share_on_mastodon":{"url":"https:\/\/pubeurope.com\/@fr\/115471913001790222","error":""},"_links":{"self":[{"href":"https:\/\/www.europesays.com\/fr\/wp-json\/wp\/v2\/posts\/503508","targetHints":{"allow":["GET"]}}],"collection":[{"href":"https:\/\/www.europesays.com\/fr\/wp-json\/wp\/v2\/posts"}],"about":[{"href":"https:\/\/www.europesays.com\/fr\/wp-json\/wp\/v2\/types\/post"}],"author":[{"embeddable":true,"href":"https:\/\/www.europesays.com\/fr\/wp-json\/wp\/v2\/users\/2"}],"replies":[{"embeddable":true,"href":"https:\/\/www.europesays.com\/fr\/wp-json\/wp\/v2\/comments?post=503508"}],"version-history":[{"count":0,"href":"https:\/\/www.europesays.com\/fr\/wp-json\/wp\/v2\/posts\/503508\/revisions"}],"wp:featuredmedia":[{"embeddable":true,"href":"https:\/\/www.europesays.com\/fr\/wp-json\/wp\/v2\/media\/503509"}],"wp:attachment":[{"href":"https:\/\/www.europesays.com\/fr\/wp-json\/wp\/v2\/media?parent=503508"}],"wp:term":[{"taxonomy":"category","embeddable":true,"href":"https:\/\/www.europesays.com\/fr\/wp-json\/wp\/v2\/categories?post=503508"},{"taxonomy":"post_tag","embeddable":true,"href":"https:\/\/www.europesays.com\/fr\/wp-json\/wp\/v2\/tags?post=503508"}],"curies":[{"name":"wp","href":"https:\/\/api.w.org\/{rel}","templated":true}]}}