{"id":503514,"date":"2025-11-01T01:47:12","date_gmt":"2025-11-01T01:47:12","guid":{"rendered":"https:\/\/www.europesays.com\/fr\/503514\/"},"modified":"2025-11-01T01:47:12","modified_gmt":"2025-11-01T01:47:12","slug":"crise-usa-venezuela-trinite-et-tobago-met-son-armee-en-alerte-generale","status":"publish","type":"post","link":"https:\/\/www.europesays.com\/fr\/503514\/","title":{"rendered":"Crise USA-Venezuela: Trinit\u00e9-et-Tobago met son arm\u00e9e en \u00ab\u00a0alerte g\u00e9n\u00e9rale\u00a0\u00bb"},"content":{"rendered":"<p class=\"ap-StoryElement ap-StoryElement--mb ap-StoryText\">\u00ab\u00a0Alerte g\u00e9n\u00e9rale : Avec effet imm\u00e9diat, la TTDF (Force de d\u00e9fense de Trinit\u00e9-et-Tobago) a \u00e9t\u00e9 plac\u00e9e en NIVEAU D&rsquo;ALERTE UN. Tous les membres doivent se rendre \u00e0 leurs bases respectives\u00a0\u00bb, selon un texte envoy\u00e9 par l&rsquo;arm\u00e9e aux officiers tandis que la police a \u00ab\u00a0annul\u00e9 toutes les permissions\u00a0\u00bb, selon les messages auxquels l&rsquo;AFP a eu acc\u00e8s.<\/p>\n<p class=\"ap-StoryElement ap-StoryElement--mb ap-StoryText\">Cette mobilisation survient alors que les Etats-Unis proc\u00e8dent \u00e0 des frappes a\u00e9riennes sur des bateaux de narco-trafiquants pr\u00e9sum\u00e9s depuis le mois de septembre et que la presse am\u00e9ricaine assure que Washington envisage des frappes terrestres au Venezuela. Ce que le pr\u00e9sident Donald Trump a ni\u00e9 en soir\u00e9e, apr\u00e8s l&rsquo;avoir \u00e9voqu\u00e9 par le pass\u00e9.<\/p>\n","protected":false},"excerpt":{"rendered":"\u00ab\u00a0Alerte g\u00e9n\u00e9rale : Avec effet imm\u00e9diat, la TTDF (Force de d\u00e9fense de Trinit\u00e9-et-Tobago) a \u00e9t\u00e9 plac\u00e9e en NIVEAU&hellip;\n","protected":false},"author":2,"featured_media":25030,"comment_status":"","ping_status":"","sticky":false,"template":"","format":"standard","meta":{"footnotes":""},"categories":[1589],"tags":[11,554,312,73,1866,12,1864,1865,1863,308,337],"class_list":{"0":"post-503514","1":"post","2":"type-post","3":"status-publish","4":"format-standard","5":"has-post-thumbnail","7":"category-etats-unis","8":"tag-actualites","9":"tag-defense","10":"tag-diplomatie","11":"tag-etats-unis","12":"tag-etats-unis-damerique","13":"tag-news","14":"tag-united-states","15":"tag-united-states-of-america","16":"tag-us","17":"tag-usa","18":"tag-venezuela"},"share_on_mastodon":{"url":"https:\/\/pubeurope.com\/@fr\/115471924866852079","error":""},"_links":{"self":[{"href":"https:\/\/www.europesays.com\/fr\/wp-json\/wp\/v2\/posts\/503514","targetHints":{"allow":["GET"]}}],"collection":[{"href":"https:\/\/www.europesays.com\/fr\/wp-json\/wp\/v2\/posts"}],"about":[{"href":"https:\/\/www.europesays.com\/fr\/wp-json\/wp\/v2\/types\/post"}],"author":[{"embeddable":true,"href":"https:\/\/www.europesays.com\/fr\/wp-json\/wp\/v2\/users\/2"}],"replies":[{"embeddable":true,"href":"https:\/\/www.europesays.com\/fr\/wp-json\/wp\/v2\/comments?post=503514"}],"version-history":[{"count":0,"href":"https:\/\/www.europesays.com\/fr\/wp-json\/wp\/v2\/posts\/503514\/revisions"}],"wp:featuredmedia":[{"embeddable":true,"href":"https:\/\/www.europesays.com\/fr\/wp-json\/wp\/v2\/media\/25030"}],"wp:attachment":[{"href":"https:\/\/www.europesays.com\/fr\/wp-json\/wp\/v2\/media?parent=503514"}],"wp:term":[{"taxonomy":"category","embeddable":true,"href":"https:\/\/www.europesays.com\/fr\/wp-json\/wp\/v2\/categories?post=503514"},{"taxonomy":"post_tag","embeddable":true,"href":"https:\/\/www.europesays.com\/fr\/wp-json\/wp\/v2\/tags?post=503514"}],"curies":[{"name":"wp","href":"https:\/\/api.w.org\/{rel}","templated":true}]}}