{"id":503515,"date":"2025-11-01T01:48:22","date_gmt":"2025-11-01T01:48:22","guid":{"rendered":"https:\/\/www.europesays.com\/fr\/503515\/"},"modified":"2025-11-01T01:48:22","modified_gmt":"2025-11-01T01:48:22","slug":"tournee-des-zeniths-en-france-train-nouveau-parc-au-royaume-uni-le-puy-du-fou-veut-etendre-son-empire","status":"publish","type":"post","link":"https:\/\/www.europesays.com\/fr\/503515\/","title":{"rendered":"Tourn\u00e9e des z\u00e9niths en France, train, nouveau parc au Royaume-Uni\u2026 Le Puy du Fou veut \u00e9tendre son empire"},"content":{"rendered":"<p>\n    <strong>D\u00c9CRYPTAGE &#8211;<\/strong> Le parc de loisirs, d\u00e9sormais deuxi\u00e8me plus visit\u00e9 de France apr\u00e8s une saison record, multiplie les projets pour faire vivre sa marque au-del\u00e0 du site vend\u00e9en. Il ouvrira aussi \u00e0 No\u00ebl d\u00e8s l\u2019an prochain.<\/p>\n<p class=\"fig-paragraph\">\u00ab\u00a0Un cap historique\u00a0\u00bb de franchi pour le Puy du Fou.\u00a0<a href=\"http:\/\/www.lefigaro.fr\/actualite-france\/puy-du-fou-dans-les-coulisses-du-meilleur-parc-d-attractions-du-monde-20240727\" data-fig-type=\"Article\" data-gtm-custom-categorie=\"navigation\" data-gtm-custom-action=\"crossclick\" data-gtm-custom-label=\"Contextuel\" data-gtm-event=\"customEventSPE\" data-fig-domain=\"LEFIGARO\" target=\"_blank\" rel=\"noopener\">Connu pour ses spectacles inspir\u00e9s de l\u2019histoire de France<\/a>, le parc de loisirs vend\u00e9en a accueilli trois millions de visiteurs en 2025,\u00a0<a href=\"http:\/\/www.lefigaro.fr\/societes\/en-47-ans-d-existence-le-puy-du-fou-n-avait-jamais-atteint-un-tel-score-record-de-frequentation-pour-le-parc-de-loisirs-vendeen-20241025\" data-fig-type=\"NewsFlash\" data-gtm-custom-categorie=\"navigation\" data-gtm-custom-action=\"crossclick\" data-gtm-custom-label=\"Contextuel\" data-gtm-event=\"customEventSPE\" data-fig-domain=\"LEFIGARO\" target=\"_blank\" rel=\"noopener\">un record depuis son ouverture en 1989<\/a>, a-t-il annonc\u00e9 ce vendredi 31\u00a0octobre. En battant de peu le Parc Ast\u00e9rix (2,9\u00a0millions), il devient le deuxi\u00e8me complexe de loisirs fran\u00e7ais le plus visit\u00e9, derri\u00e8re le g\u00e9ant Disneyland Paris (16\u00a0millions). \u00ab\u00a0Nous sommes tr\u00e8s heureux de franchir ce palier, se r\u00e9jouit aupr\u00e8s du Figaro Olivier Strebelle, directeur g\u00e9n\u00e9ral du Puy du Fou. C\u2019est une reconnaissance de notre savoir-faire unique dans le spectacle vivant et cela d\u00e9montre que nous r\u00e9pondons \u00e0 un besoin de se retrouver ensemble, loin des \u00e9crans.\u00a0\u00bb<\/p>\n<p class=\"fig-paragraph\">Port\u00e9 par la dynamique hors norme du secteur des parcs de loisirs, notamment depuis la pand\u00e9mie de Covid, et par ses investissements soutenus pour d\u00e9velopper de nouveaux spectacles, le Puy du Fou a vu sa fr\u00e9quentation progresser de 46\u00a0% en 10\u00a0ans, et de\u2026<\/p>\n<p class=\"fig-premium-paywall__infos\">\n        Cet article est r\u00e9serv\u00e9 aux abonn\u00e9s.        Il vous reste 83% \u00e0 d\u00e9couvrir.\n    <\/p>\n<p>                <img  data- alt=\"Le Figaro\" class=\"fig-img--complete fig-img\"\/><\/p>\n<p class=\"fig-premium-paywall__title\">Vous avez envie de lire la suite ?<\/p>\n<p class=\"fig-premium-paywall__subtitle\">D\u00e9bloquez tous les articles imm\u00e9diatement.<\/p>\n<p class=\"fig-premium-paywall__connect\">\n                D\u00e9j\u00e0 abonn\u00e9\u00a0?                <a class=\"fig-premium-paywall__connect-link\" href=\"https:\/\/connect.lefigaro.fr\/login?client=horizon_web&amp;type=main&amp;redirect_uri=https%3A%2F%2Fwww.lefigaro.fr%2Fsocietes%2Ftournee-des-zeniths-en-france-train-nouveau-parc-au-royaume-uni-le-puy-du-fou-veut-etendre-son-empire-20251031\" data-js-gtm=\"{&quot;customCategorie&quot;: &quot;conversion&quot;, &quot;customAction&quot;: &quot;before_Landing_Connexion_paywall_auto&quot;, &quot;customLabel&quot;: &quot;bGVmaWdhcm8uZnJfXzFmMGI2MzhhLTVlYTktNjdiMC04MzRlLTZkNDUxNTg2NWQ3Nl9fTmV3c0ZsYXNo_Tourn\u00e9e des z\u00e9niths en France, train, nouveau parc au Royaume-Uni\u2026 Le Puy du Fou veut \u00e9tendre son empire_253&quot;, &quot;customIDSPE&quot;: &quot;bGVmaWdhcm8uZnJfXzFmMGI2MzhhLTVlYTktNjdiMC04MzRlLTZkNDUxNTg2NWQ3Nl9fTmV3c0ZsYXNo&quot;, &quot;event&quot;: &quot;customEventSPE&quot;}\" target=\"_blank\" rel=\"noopener\"><br \/>\n                    Connectez-vous<br \/>\n                <\/a>\n            <\/p>\n","protected":false},"excerpt":{"rendered":"D\u00c9CRYPTAGE &#8211; Le parc de loisirs, d\u00e9sormais deuxi\u00e8me plus visit\u00e9 de France apr\u00e8s une saison record, multiplie les&hellip;\n","protected":false},"author":2,"featured_media":503516,"comment_status":"","ping_status":"","sticky":false,"template":"","format":"standard","meta":{"footnotes":""},"categories":[1588],"tags":[11,1777,674,12,61961,23061,473,1853,1851,1850,1852],"class_list":{"0":"post-503515","1":"post","2":"type-post","3":"status-publish","4":"format-standard","5":"has-post-thumbnail","7":"category-royaume-uni","8":"tag-actualites","9":"tag-eu","10":"tag-europe","11":"tag-news","12":"tag-parc-dattraction","13":"tag-puy-du-fou","14":"tag-royaume-uni","15":"tag-royaume-uni-de-grande-bretagne-et-dirlande-du-nord","16":"tag-uk","17":"tag-united-kingdom","18":"tag-united-kingdom-of-great-britain-and-northern-ireland"},"share_on_mastodon":{"url":"https:\/\/pubeurope.com\/@fr\/115471929108987426","error":""},"_links":{"self":[{"href":"https:\/\/www.europesays.com\/fr\/wp-json\/wp\/v2\/posts\/503515","targetHints":{"allow":["GET"]}}],"collection":[{"href":"https:\/\/www.europesays.com\/fr\/wp-json\/wp\/v2\/posts"}],"about":[{"href":"https:\/\/www.europesays.com\/fr\/wp-json\/wp\/v2\/types\/post"}],"author":[{"embeddable":true,"href":"https:\/\/www.europesays.com\/fr\/wp-json\/wp\/v2\/users\/2"}],"replies":[{"embeddable":true,"href":"https:\/\/www.europesays.com\/fr\/wp-json\/wp\/v2\/comments?post=503515"}],"version-history":[{"count":0,"href":"https:\/\/www.europesays.com\/fr\/wp-json\/wp\/v2\/posts\/503515\/revisions"}],"wp:featuredmedia":[{"embeddable":true,"href":"https:\/\/www.europesays.com\/fr\/wp-json\/wp\/v2\/media\/503516"}],"wp:attachment":[{"href":"https:\/\/www.europesays.com\/fr\/wp-json\/wp\/v2\/media?parent=503515"}],"wp:term":[{"taxonomy":"category","embeddable":true,"href":"https:\/\/www.europesays.com\/fr\/wp-json\/wp\/v2\/categories?post=503515"},{"taxonomy":"post_tag","embeddable":true,"href":"https:\/\/www.europesays.com\/fr\/wp-json\/wp\/v2\/tags?post=503515"}],"curies":[{"name":"wp","href":"https:\/\/api.w.org\/{rel}","templated":true}]}}