{"id":503517,"date":"2025-11-01T01:49:12","date_gmt":"2025-11-01T01:49:12","guid":{"rendered":"https:\/\/www.europesays.com\/fr\/503517\/"},"modified":"2025-11-01T01:49:12","modified_gmt":"2025-11-01T01:49:12","slug":"les-vols-suspendus-pendant-deux-heures-a-laeroport-de-berlin-apres-un-nouveau-survol-de-drones","status":"publish","type":"post","link":"https:\/\/www.europesays.com\/fr\/503517\/","title":{"rendered":"Les vols suspendus pendant deux heures \u00e0 l\u2019a\u00e9roport de Berlin apr\u00e8s un nouveau survol de drones"},"content":{"rendered":"<p>Les d\u00e9collages et atterrissages ont \u00e9t\u00e9 suspendus pendant pr\u00e8s de deux heures vendredi soir \u00e0 l\u2019<a href=\"https:\/\/www.20minutes.fr\/magazine\/aeroport-mag\/\" target=\"_blank\" class=\"c-link c-link--is-underlined\" rel=\"nofollow noopener\">a\u00e9roport<\/a> de <a href=\"https:\/\/www.20minutes.fr\/dossier\/berlin\" target=\"_blank\" class=\"c-link c-link--is-underlined\" rel=\"nofollow noopener\">Berlin-Brandebourg<\/a>, apr\u00e8s la d\u00e9tection de <a href=\"https:\/\/www.20minutes.fr\/monde\/drone\/\" target=\"_blank\" class=\"c-link c-link--is-underlined\" rel=\"nofollow noopener\">drones<\/a> dans son espace a\u00e9rien. Un nouvel incident qui illustre la mont\u00e9e en puissance d\u2019une menace jug\u00e9e pr\u00e9occupante par les autorit\u00e9s europ\u00e9ennes.<\/p>\n<p>Entre 20h08 et 21h58, le <a href=\"https:\/\/www.20minutes.fr\/dossier\/trafic_aerien\" target=\"_blank\" class=\"c-link c-link--is-underlined\" rel=\"nofollow noopener\">trafic a\u00e9rien<\/a> de la capitale allemande a \u00e9t\u00e9 interrompu, entra\u00eenant la diversion de plusieurs vols vers d\u2019autres villes. L\u2019interdiction des vols de nuit a m\u00eame d\u00fb \u00eatre assouplie pour limiter les perturbations. \u00ab\u00a0Nous supposons que le danger est \u00e9cart\u00e9 pour le moment\u00a0\u00bb, a indiqu\u00e9 un porte-parole de l\u2019a\u00e9roport, apr\u00e8s l\u2019intervention de la police et le d\u00e9ploiement d\u2019un h\u00e9licopt\u00e8re.<\/p>\n<p>De nombreuses incursions de drones<\/p>\n<p>Ce nouvel \u00e9pisode s\u2019inscrit dans une s\u00e9rie d\u2019incursions de drones non identifi\u00e9s au-dessus de sites sensibles en Europe. En <a href=\"https:\/\/www.20minutes.fr\/dossier\/allemagne\" target=\"_blank\" class=\"c-link c-link--is-underlined\" rel=\"nofollow noopener\">Allemagne<\/a>, plusieurs bases militaires et infrastructures critiques ont d\u00e9j\u00e0 \u00e9t\u00e9 survol\u00e9es ces derniers mois, tout comme <a href=\"https:\/\/www.20minutes.fr\/monde\/allemagne\/4177117-20251004-allemagne-deuxieme-nuit-consecutive-aeroport-munich-ferme-apres-nouvelle-alerte-drones\" target=\"_blank\" class=\"c-link c-link--is-underlined\" rel=\"nofollow noopener\">les a\u00e9roports de Munich<\/a> ou de Copenhague. Les autorit\u00e9s allemandes soup\u00e7onnent <a href=\"https:\/\/www.20minutes.fr\/monde\/moscou\/\" target=\"_blank\" class=\"c-link c-link--is-underlined\" rel=\"nofollow noopener\">Moscou<\/a> d\u2019\u00eatre derri\u00e8re ces op\u00e9rations. \u00ab\u00a0Nous n\u2019en sommes pas encore s\u00fbrs, mais une partie essentielle de ces actions est probablement orchestr\u00e9e par la Russie\u00a0\u00bb, d\u00e9clarait d\u00e9but octobre le chancelier <a href=\"https:\/\/www.20minutes.fr\/politique\/friedrich-merz\/\" target=\"_blank\" class=\"c-link c-link--is-underlined\" rel=\"nofollow noopener\">Friedrich Merz<\/a> sur la cha\u00eene publique ARD.<\/p>\n<\/p>\n<p>Berlin d\u00e9nonce depuis plusieurs semaines des \u00ab\u00a0tentatives d\u2019espionnage et de d\u00e9stabilisation\u00a0\u00bb. Le gouvernement surveille notamment la \u00ab\u00a0flotte fant\u00f4me russe\u00a0\u00bb dans la mer Baltique, suspect\u00e9e de coordonner certaines de ces incursions. Face \u00e0 cette situation, le ministre de l\u2019Int\u00e9rieur Alexander Dobrindt appelle \u00e0 \u00ab\u00a0trouver de nouvelles r\u00e9ponses \u00e0 cette menace hybride\u00a0\u00bb, en renfor\u00e7ant les capacit\u00e9s de d\u00e9tection et d\u2019interception des drones.<\/p>\n<p>Un projet de \u00ab\u00a0mur antidrones\u00a0\u00bb \u00e0 l\u2019\u00e9tude<\/p>\n<p>L\u2019Allemagne a lanc\u00e9 une r\u00e9vision de sa l\u00e9gislation sur la s\u00e9curit\u00e9 a\u00e9rienne afin d\u2019autoriser, \u00e0 terme, l\u2019arm\u00e9e \u00e0 neutraliser ces engins, un pouvoir jusqu\u2019ici r\u00e9serv\u00e9 \u00e0 la police. Au niveau europ\u00e9en, la Commission travaille sur un projet de \u00ab\u00a0mur antidrones\u00a0\u00bb cens\u00e9 \u00eatre op\u00e9rationnel d\u2019ici\u00a02027. Mais plusieurs \u00c9tats membres doutent de sa faisabilit\u00e9 et de son efficacit\u00e9 \u00e0 court terme.<\/p>\n<p><a href=\"https:\/\/www.20minutes.fr\/monde\/drone\/\" target=\"_blank\" class=\"c-link c-btn c-btn--primary\" rel=\"nofollow noopener\">Notre dossier sur les drones<\/a><\/p>\n<p>L\u2019<a href=\"https:\/\/www.20minutes.fr\/monde\/otan\/\" target=\"_blank\" class=\"c-link c-link--is-underlined\" rel=\"nofollow noopener\">Otan<\/a> elle-m\u00eame a r\u00e9cemment \u00e9t\u00e9 confront\u00e9e \u00e0 la complexit\u00e9 du probl\u00e8me\u00a0: lorsque vingt drones russes ont p\u00e9n\u00e9tr\u00e9 dans l\u2019espace a\u00e9rien polonais, il a fallu tirer plusieurs missiles co\u00fbteux pour en abattre seulement trois. Une d\u00e9monstration, s\u2019il en fallait encore une, des limites actuelles de la d\u00e9fense europ\u00e9enne face \u00e0 ce nouveau champ de bataille a\u00e9rien sans pilote.<\/p>\n","protected":false},"excerpt":{"rendered":"Les d\u00e9collages et atterrissages ont \u00e9t\u00e9 suspendus pendant pr\u00e8s de deux heures vendredi soir \u00e0 l\u2019a\u00e9roport de Berlin-Brandebourg,&hellip;\n","protected":false},"author":2,"featured_media":503518,"comment_status":"","ping_status":"","sticky":false,"template":"","format":"standard","meta":{"footnotes":""},"categories":[1587],"tags":[47,11,663,672,37,1898,1804,16573,1805,1803,564,1777,674,4710,1801,74,1916,12,136,1802,132,36161],"class_list":{"0":"post-503517","1":"post","2":"type-post","3":"status-publish","4":"format-standard","5":"has-post-thumbnail","7":"category-allemagne","8":"tag-actualite","9":"tag-actualites","10":"tag-aeroport","11":"tag-allemagne","12":"tag-avion","13":"tag-berlin","14":"tag-bundesrepublik-deutschland","15":"tag-copenhague","16":"tag-de","17":"tag-deutschland","18":"tag-drone","19":"tag-eu","20":"tag-europe","21":"tag-friedrich-merz","22":"tag-germany","23":"tag-monde","24":"tag-moscou","25":"tag-news","26":"tag-otan","27":"tag-republique-federale-dallemagne","28":"tag-russie","29":"tag-trafic-aerien"},"share_on_mastodon":{"url":"https:\/\/pubeurope.com\/@fr\/115471932705260520","error":""},"_links":{"self":[{"href":"https:\/\/www.europesays.com\/fr\/wp-json\/wp\/v2\/posts\/503517","targetHints":{"allow":["GET"]}}],"collection":[{"href":"https:\/\/www.europesays.com\/fr\/wp-json\/wp\/v2\/posts"}],"about":[{"href":"https:\/\/www.europesays.com\/fr\/wp-json\/wp\/v2\/types\/post"}],"author":[{"embeddable":true,"href":"https:\/\/www.europesays.com\/fr\/wp-json\/wp\/v2\/users\/2"}],"replies":[{"embeddable":true,"href":"https:\/\/www.europesays.com\/fr\/wp-json\/wp\/v2\/comments?post=503517"}],"version-history":[{"count":0,"href":"https:\/\/www.europesays.com\/fr\/wp-json\/wp\/v2\/posts\/503517\/revisions"}],"wp:featuredmedia":[{"embeddable":true,"href":"https:\/\/www.europesays.com\/fr\/wp-json\/wp\/v2\/media\/503518"}],"wp:attachment":[{"href":"https:\/\/www.europesays.com\/fr\/wp-json\/wp\/v2\/media?parent=503517"}],"wp:term":[{"taxonomy":"category","embeddable":true,"href":"https:\/\/www.europesays.com\/fr\/wp-json\/wp\/v2\/categories?post=503517"},{"taxonomy":"post_tag","embeddable":true,"href":"https:\/\/www.europesays.com\/fr\/wp-json\/wp\/v2\/tags?post=503517"}],"curies":[{"name":"wp","href":"https:\/\/api.w.org\/{rel}","templated":true}]}}