{"id":503520,"date":"2025-11-01T01:51:14","date_gmt":"2025-11-01T01:51:14","guid":{"rendered":"https:\/\/www.europesays.com\/fr\/503520\/"},"modified":"2025-11-01T01:51:14","modified_gmt":"2025-11-01T01:51:14","slug":"lue-appelle-la-lettonie-a-garantir-la-protection-des-droits-des-femmes-apres-le-retrait-du-pays-de-la-convention-distanbul-2","status":"publish","type":"post","link":"https:\/\/www.europesays.com\/fr\/503520\/","title":{"rendered":"L&rsquo;UE appelle la Lettonie \u00e0 garantir la protection des droits des femmes, apr\u00e8s le retrait du pays de la convention d&rsquo;Istanbul"},"content":{"rendered":"<p>\n  Par&amp;nbsp<b>euronews<\/b>\n<\/p>\n<p>\n         Publi\u00e9 le<br \/>\n            31\/10\/2025 &#8211; 22:33 UTC+1\n            <\/p>\n<p>La Commission europ\u00e9enne a rappel\u00e9 vendredi que la Lettonie, \u00c9tat membre de l&rsquo;UE, \u00e9tait tenue de respecter les r\u00e8gles internationales de protection des femmes, alors que le pays d\u00e9bat de la d\u00e9cision controvers\u00e9e de se retirer de la Convention d&rsquo;Istanbul.<\/p>\n<p>Le parlement letton a vot\u00e9 en faveur du retrait du trait\u00e9 au motif qu&rsquo;il promeut un \u00ab\u00a0f\u00e9minisme radical fond\u00e9 sur l&rsquo;id\u00e9ologie du genre\u00a0\u00bb. Le pr\u00e9sident Edgars Rink\u0113vi\u010ds devra d\u00e9cider de ratifier ou non la d\u00e9cision au cours des dix prochains jours. Le parlement qui l&rsquo;a ratifi\u00e9e en premier serait le m\u00eame qui demanderait sa sortie un an plus tard.<\/p>\n<p>Les organisations de la soci\u00e9t\u00e9 civile consid\u00e8rent que la d\u00e9cision de se retirer de la convention d&rsquo;Istanbul constitue un retour en arri\u00e8re en mati\u00e8re de droits fondamentaux. <\/p>\n<p>La convention d&rsquo;Istanbul est un trait\u00e9 visant \u00e0 pr\u00e9venir et \u00e0 combattre la violence \u00e0 l&rsquo;\u00e9gard des femmes, sign\u00e9 par tous les \u00c9tats membres de l&rsquo;Union europ\u00e9enne et plusieurs autres nations ext\u00e9rieures \u00e0 l&rsquo;UE, comme le Royaume-Uni et la Norv\u00e8ge.<\/p>\n<p>La Bulgarie, la Hongrie, la Slovaquie, la R\u00e9publique tch\u00e8que et la Lituanie ne l&rsquo;ont pas ratifi\u00e9e. Si la motion est confirm\u00e9e par le pr\u00e9sident du pays, la Lettonie sera le premier pays de l&rsquo;UE \u00e0 se retirer de la Convention apr\u00e8s sa ratification en janvier 2024.<\/p>\n<p>Adh\u00e9sion de l&rsquo;UE \u00e0 la Convention d&rsquo;Istanbul en 2023<\/p>\n<p>L&rsquo;UE dans son ensemble a adh\u00e9r\u00e9 \u00e0 la convention d&rsquo;Istanbul en 2023, ce qui en fait un accord juridiquement contraignant pour les 27 \u00c9tats membres dans les domaines qui rel\u00e8vent de la comp\u00e9tence de l&rsquo;UE. Il s&rsquo;agit notamment des institutions et de l&rsquo;administration publique de l&rsquo;UE, de la coop\u00e9ration judiciaire en mati\u00e8re de lutte contre la criminalit\u00e9 et des droits d&rsquo;asile.<\/p>\n<p>\u00ab\u00a0Ces parties [&#8230;] font partie de l&rsquo;ordre juridique, ce qui signifie que tous les \u00c9tats membres sont li\u00e9s par elles\u00a0\u00bb, a d\u00e9clar\u00e9 un porte-parole de la Commission lors d&rsquo;un point de presse vendredi \u00e0 Bruxelles.<\/p>\n<p>La Commission europ\u00e9enne a refus\u00e9 de commenter le vote et, interrog\u00e9e par Euronews, a d\u00e9clar\u00e9 qu&rsquo;il \u00e9tait trop t\u00f4t pour faire une \u00e9valuation. \u00ab\u00a0Nous devons respecter les processus nationaux dans nos \u00c9tats membres\u00a0\u00bb, a d\u00e9clar\u00e9 le porte-parole. <\/p>\n<p>Par le pass\u00e9, l&rsquo;UE a condamn\u00e9 le gouvernement turc pour avoir quitt\u00e9 la convention en 2021. \u00c0 l&rsquo;\u00e9poque, la pr\u00e9sidente de la Commission, Ursula von der Leyen, avait d\u00e9clar\u00e9 que cette d\u00e9cision \u00e9tait \u00ab\u00a0profond\u00e9ment inqui\u00e9tante\u00a0\u00bb.<\/p>\n<p>La d\u00e9cision du parlement letton suscite la controverse<\/p>\n<p>La d\u00e9cision de se retirer de la Convention d&rsquo;Istanbul a \u00e9t\u00e9 approuv\u00e9epar le parlement monocam\u00e9ral letton par 56 voix pour, 32 voix contre et 2 abstentions.<\/p>\n<p>La motion a \u00e9t\u00e9 pr\u00e9sent\u00e9e par le parti d&rsquo;extr\u00eame droite Latvia First, qui affirme que le droit p\u00e9nal national inclut d\u00e9j\u00e0 \u00ab\u00a0les r\u00e8gles qui figurent dans la convention\u00a0\u00bb. Le parti a \u00e9galement soulign\u00e9 ce qu&rsquo;il d\u00e9crit comme des motifs profond\u00e9ment id\u00e9ologiques \u00e0 l&rsquo;origine de la motion.<\/p>\n<p>\u00ab\u00a0La Convention d&rsquo;Istanbul est un produit du f\u00e9minisme radical bas\u00e9 sur l&rsquo;id\u00e9ologie du genre\u00a0\u00bb, a affirm\u00e9 Latvia First dans une d\u00e9claration \u00e0 Euronews.<\/p>\n<p>Le parti conteste en particulier l&rsquo;article 3 du trait\u00e9, qui identifie le \u00ab\u00a0genre\u00a0\u00bb comme \u00ab\u00a0les r\u00f4les, comportements, activit\u00e9s et attributs socialement construits qu&rsquo;une soci\u00e9t\u00e9 donn\u00e9e consid\u00e8re comme appropri\u00e9s pour les femmes et les hommes\u00a0\u00bb sans faire r\u00e9f\u00e9rence au sexe biologique.<\/p>\n<p>Elle accuse \u00e9galement la Convention d&rsquo;obliger les signataires \u00e0 \u00ab\u00a0inclure l&rsquo;id\u00e9ologie du genre dans les programmes scolaires\u00a0\u00bb.<\/p>\n<p>Le texte exact de la Convention invite les pays participants \u00e0 \u00ab\u00a0inclure du mat\u00e9riel p\u00e9dagogique sur des questions telles que l&rsquo;\u00e9galit\u00e9 entre les femmes et les hommes, les r\u00f4les non st\u00e9r\u00e9otyp\u00e9s des hommes et des femmes, le respect mutuel [&#8230;]\u00a0\u00bb.<\/p>\n<p>Des experts lettons estiment que la question a \u00e9t\u00e9 trop politis\u00e9e et sortie de son contexte, alors qu&rsquo;il s&rsquo;agit d&rsquo;un appel au respect des droits fondamentaux des femmes.<\/p>\n<p>\u00ab\u00a0Les d\u00e9put\u00e9s de l&rsquo;opposition utilisent le terme de genre contre l&rsquo;ensemble de la convention\u00a0\u00bb, a d\u00e9clar\u00e9 Beata Jonite, responsable de la politique et du plaidoyer au Centre MARTA, une organisation lettone qui aide les victimes de violence domestique.<\/p>\n<p>Elle a ajout\u00e9 que bien que la Lettonie ait int\u00e9gr\u00e9 certaines de ces dispositions dans son droit p\u00e9nal national, le fait de se retirer de l&rsquo;accord international le plus connu au monde, con\u00e7u sp\u00e9cifiquement pour prot\u00e9ger les victimes de violence domestique, envoie un signal tr\u00e8s inqui\u00e9tant.<\/p>\n<p>Carline Scheele, directrice de l&rsquo;Institut europ\u00e9en pour l&rsquo;\u00e9galit\u00e9 entre les hommes et les femmes, a d\u00e9clar\u00e9 \u00e0 Euronews que la motion \u00e9manant de la Lettonie prouve que les droits des femmes sont en train d&rsquo;\u00eatre d\u00e9mantel\u00e9s.<\/p>\n<p>\u00ab\u00a0Se d\u00e9tourner de cet engagement commun envoie un message d\u00e9vastateur : la vie et les droits des femmes sont n\u00e9gociables. Ce n&rsquo;est pas le cas\u00a0\u00bb, a-t-elle d\u00e9clar\u00e9.<\/p>\n<p>Le pr\u00e9sident letton Edgars Rink\u0113vi\u010ds a d\u00e9clar\u00e9 vendredi \u00e0qu&rsquo;il examinerait la d\u00e9cision \u00ab\u00a0en tenant compte de consid\u00e9rations \u00e9tatiques et juridiques, plut\u00f4t qu&rsquo;id\u00e9ologiques ou politiques\u00a0\u00bb. Il n&rsquo;a pas pr\u00e9cis\u00e9 quand ni s&rsquo;il la ratifierait.<\/p>\n","protected":false},"excerpt":{"rendered":"Par&amp;nbspeuronews Publi\u00e9 le 31\/10\/2025 &#8211; 22:33 UTC+1 La Commission europ\u00e9enne a rappel\u00e9 vendredi que la Lettonie, \u00c9tat membre&hellip;\n","protected":false},"author":2,"featured_media":503521,"comment_status":"","ping_status":"","sticky":false,"template":"","format":"standard","meta":{"footnotes":""},"categories":[1586],"tags":[11,44427,1777,674,1779,1011,27,7776,12,3886,25,1778,364],"class_list":{"0":"post-503520","1":"post","2":"type-post","3":"status-publish","4":"format-standard","5":"has-post-thumbnail","7":"category-europe","8":"tag-actualites","9":"tag-egalite-des-sexes","10":"tag-eu","11":"tag-europe","12":"tag-european-union","13":"tag-fr","14":"tag-france","15":"tag-lettonie","16":"tag-news","17":"tag-politique-de-lue","18":"tag-republique-francaise","19":"tag-ue","20":"tag-union-europeenne"},"share_on_mastodon":{"url":"https:\/\/pubeurope.com\/@fr\/115471940548165578","error":""},"_links":{"self":[{"href":"https:\/\/www.europesays.com\/fr\/wp-json\/wp\/v2\/posts\/503520","targetHints":{"allow":["GET"]}}],"collection":[{"href":"https:\/\/www.europesays.com\/fr\/wp-json\/wp\/v2\/posts"}],"about":[{"href":"https:\/\/www.europesays.com\/fr\/wp-json\/wp\/v2\/types\/post"}],"author":[{"embeddable":true,"href":"https:\/\/www.europesays.com\/fr\/wp-json\/wp\/v2\/users\/2"}],"replies":[{"embeddable":true,"href":"https:\/\/www.europesays.com\/fr\/wp-json\/wp\/v2\/comments?post=503520"}],"version-history":[{"count":0,"href":"https:\/\/www.europesays.com\/fr\/wp-json\/wp\/v2\/posts\/503520\/revisions"}],"wp:featuredmedia":[{"embeddable":true,"href":"https:\/\/www.europesays.com\/fr\/wp-json\/wp\/v2\/media\/503521"}],"wp:attachment":[{"href":"https:\/\/www.europesays.com\/fr\/wp-json\/wp\/v2\/media?parent=503520"}],"wp:term":[{"taxonomy":"category","embeddable":true,"href":"https:\/\/www.europesays.com\/fr\/wp-json\/wp\/v2\/categories?post=503520"},{"taxonomy":"post_tag","embeddable":true,"href":"https:\/\/www.europesays.com\/fr\/wp-json\/wp\/v2\/tags?post=503520"}],"curies":[{"name":"wp","href":"https:\/\/api.w.org\/{rel}","templated":true}]}}