{"id":503524,"date":"2025-11-01T01:53:19","date_gmt":"2025-11-01T01:53:19","guid":{"rendered":"https:\/\/www.europesays.com\/fr\/503524\/"},"modified":"2025-11-01T01:53:19","modified_gmt":"2025-11-01T01:53:19","slug":"la-limitation-de-la-duree-des-arrets-de-travail-approuvee-en-commission-des-affaires-sociales-liberation","status":"publish","type":"post","link":"https:\/\/www.europesays.com\/fr\/503524\/","title":{"rendered":"la limitation de la dur\u00e9e des arr\u00eats de travail approuv\u00e9e en commission des Affaires sociales \u2013 Lib\u00e9ration"},"content":{"rendered":"<p class=\"sc-cPiKLX AiZTS text-element\">Un article de loi \u00e0 l\u2019image du budget de la s\u00e9cu 2026, <a href=\"https:\/\/www.liberation.fr\/societe\/sante\/budget-de-la-secu-au-1er-janvier-2026-lassurance-maladie-remboursera-moins-les-malades-20251014_EFEA5QNZS5ACVABVDKZL3WOR2I\/\" target=\"_blank\" rel=\"noreferrer noopener\" title=\"https:\/\/www.liberation.fr\/societe\/sante\/budget-de-la-secu-au-1er-janvier-2026-lassurance-maladie-remboursera-moins-les-malades-20251014_EFEA5QNZS5ACVABVDKZL3WOR2I\/\">qui promet un r\u00e9gime sec pour les malades.<\/a> Au cours de <a href=\"https:\/\/www.liberation.fr\/politique\/reforme-des-retraites-lexamen-du-budget-de-la-securite-sociale-debute-ce-lundi-20251027_FCINIJIWWJF5VM5IJVPSGT75ZM\/\" target=\"_blank\" rel=\"noreferrer noopener\" title=\"https:\/\/www.liberation.fr\/politique\/reforme-des-retraites-lexamen-du-budget-de-la-securite-sociale-debute-ce-lundi-20251027_FCINIJIWWJF5VM5IJVPSGT75ZM\/\">l\u2019examen du budget de la S\u00e9curit\u00e9 sociale pour 2026,<\/a> les d\u00e9put\u00e9s de la commission des Affaires sociales de l\u2019Assembl\u00e9e nationale ont approuv\u00e9 vendredi 31 octobre la limitation de la dur\u00e9e des arr\u00eats de travail prescrits.<\/p>\n<p class=\"sc-cPiKLX AiZTS text-element\">Dans le d\u00e9tail, la dur\u00e9e serait fix\u00e9e par d\u00e9cret, le gouvernement ayant fait part de son intention de fixer \u00e0 quinze jours la dur\u00e9e d\u2019un premier arr\u00eat de travail prescrit par un m\u00e9decin de ville, et \u00e0 trente jours \u00e0 l\u2019h\u00f4pital. Toute prolongation serait plafonn\u00e9e \u00e0 deux mois et chaque arr\u00eat devra comporter \u00ables motifs de l\u2019arr\u00eat de travail [\u2026] \u00e0 des fins de contr\u00f4le par l\u2019assurance maladie\u00bb, pr\u00e9cise en outre le texte. Les m\u00e9decins pourront toutefois d\u00e9roger au plafond pr\u00e9vu \u00abau regard de la situation du patient\u00bb et en le justifiant sur leur prescription.<\/p>\n<p class=\"sc-cPiKLX AiZTS text-element\">Aucune dur\u00e9e maximale d\u2019arr\u00eat maladie n\u2019est aujourd\u2019hui pr\u00e9vue, bien que des recommandations existent pour certaines pathologies, avec des dur\u00e9es indicatives. Les assur\u00e9s sont par ailleurs soumis \u00e0 un plafond de 360 jours d\u2019indemnit\u00e9s journali\u00e8res sur trois ans. Ce vote en commission ne constitue qu\u2019une indication et les d\u00e9put\u00e9s devront le confirmer la semaine prochaine dans l\u2019h\u00e9micycle, o\u00f9 ils repartiront du texte initial du gouvernement.<\/p>\n<p class=\"sc-cPiKLX AiZTS text-element\">Pour justifier cette mesure, l\u2019ex\u00e9cutif pointe notamment la croissance des d\u00e9penses d\u2019indemnit\u00e9s journali\u00e8res, <a href=\"https:\/\/drees.solidarites-sante.gouv.fr\/sites\/default\/files\/2025-09\/CNS%20-%20Fiche%2025%20-%20Les%20indemnit%C3%A9s%20journali%C3%A8res_0.pdf\" target=\"_blank\" rel=\"noopener\" title=\"https:\/\/drees.solidarites-sante.gouv.fr\/sites\/default\/files\/2025-09\/CNS%20-%20Fiche%2025%20-%20Les%20indemnit%C3%A9s%20journali%C3%A8res_0.pdf\">en hausse continue ces derni\u00e8res ann\u00e9es,<\/a> une dynamique toutefois largement li\u00e9e \u00e0 la hausse des salaires du fait de l\u2019inflation. Cette nouvelle mesure, a argument\u00e9 le rapporteur g\u00e9n\u00e9ral du texte, le LR Thibault Bazin, doit permettre un suivi \u00abplus r\u00e9gulier des patients, donc une r\u00e9\u00e9valuation au meilleur rythme de leur \u00e9tat de sant\u00e9\u00bb.<\/p>\n<p class=\"sc-cPiKLX AiZTS text-element\">\u00abQui sommes-nous pour nous immiscer dans la relation entre le patient et le m\u00e9decin ?\u00bb, a r\u00e9torqu\u00e9 la d\u00e9put\u00e9e de La France insoumise S\u00e9gol\u00e8ne Amiot. Elle pointe un potentiel manque de visibilit\u00e9 pour les employeurs voulant \u00abpr\u00e9voir un rempla\u00e7ant\u00bb avec un premier arr\u00eat limit\u00e9 \u00e0 15 jours. Cette limitation \u00abpart du postulat que <a href=\"https:\/\/www.liberation.fr\/societe\/sante\/arrets-de-travail-injustifies-une-desinformation-orchestree-20250802_MYJ3ERBEGFHL7NWELQZOK4M63Q\/\" target=\"_blank\" rel=\"noreferrer noopener\" title=\"https:\/\/www.liberation.fr\/societe\/sante\/arrets-de-travail-injustifies-une-desinformation-orchestree-20250802_MYJ3ERBEGFHL7NWELQZOK4M63Q\/\">l\u2019augmentation des arr\u00eats de travail est une augmentation de la fraude<\/a> et c\u2019est faux\u00bb, a ajout\u00e9 Hendrik Davi (groupe \u00e9cologiste).<\/p>\n<p class=\"sc-cPiKLX AiZTS text-element\">Un amendement de Thibault Bazin a, par ailleurs, \u00e9t\u00e9 adopt\u00e9 pour supprimer la possibilit\u00e9 pour la t\u00e9l\u00e9m\u00e9decine de renouveler un arr\u00eat de travail, sauf en cas d\u2019impossibilit\u00e9 d\u00fbment justifi\u00e9e d\u2019obtenir une consultation classique.<\/p>\n<p class=\"sc-cPiKLX AiZTS text-element\">Les d\u00e9put\u00e9s ont, en outre, d\u00e9battu de l\u2019examen de reprise du travail \u00e0 l\u2019issue d\u2019un cong\u00e9 maternit\u00e9, r\u00e9alis\u00e9 par un m\u00e9decin du travail. Celui-ci est actuellement obligatoire, mais le gouvernement souhaite le rendre facultatif. \u00abIl manque des m\u00e9decins du travail\u00bb et c\u2019est une fa\u00e7on pour le gouvernement de \u00abg\u00e9rer la p\u00e9nurie\u00bb, a critiqu\u00e9 le d\u00e9put\u00e9 Paul-Andr\u00e9 Colombani (groupe ind\u00e9pendant Liot).<\/p>\n<p class=\"sc-cPiKLX AiZTS text-element\">Thibault Bazin a lui estim\u00e9 que cette mesure \u00e9tait susceptible d\u2019\u00eatre censur\u00e9e par le Conseil constitutionnel, car n\u2019ayant pas sa place dans un budget de la S\u00e9curit\u00e9 sociale. Elle a \u00e9t\u00e9 supprim\u00e9e en commission, mais l\u00e0 encore, les d\u00e9put\u00e9s devront renouveler leur vote dans l\u2019h\u00e9micycle, avant que le texte ne soit envoy\u00e9 au S\u00e9nat.<\/p>\n","protected":false},"excerpt":{"rendered":"Un article de loi \u00e0 l\u2019image du budget de la s\u00e9cu 2026, qui promet un r\u00e9gime sec pour&hellip;\n","protected":false},"author":2,"featured_media":503525,"comment_status":"","ping_status":"","sticky":false,"template":"","format":"standard","meta":{"footnotes":""},"categories":[2],"tags":[11,25548,1011,27,418,12,25,731],"class_list":{"0":"post-503524","1":"post","2":"type-post","3":"status-publish","4":"format-standard","5":"has-post-thumbnail","7":"category-actualites","8":"tag-actualites","9":"tag-budget-public","10":"tag-fr","11":"tag-france","12":"tag-gouvernement","13":"tag-news","14":"tag-republique-francaise","15":"tag-securite-sociale"},"share_on_mastodon":{"url":"https:\/\/pubeurope.com\/@fr\/115471948399206112","error":""},"_links":{"self":[{"href":"https:\/\/www.europesays.com\/fr\/wp-json\/wp\/v2\/posts\/503524","targetHints":{"allow":["GET"]}}],"collection":[{"href":"https:\/\/www.europesays.com\/fr\/wp-json\/wp\/v2\/posts"}],"about":[{"href":"https:\/\/www.europesays.com\/fr\/wp-json\/wp\/v2\/types\/post"}],"author":[{"embeddable":true,"href":"https:\/\/www.europesays.com\/fr\/wp-json\/wp\/v2\/users\/2"}],"replies":[{"embeddable":true,"href":"https:\/\/www.europesays.com\/fr\/wp-json\/wp\/v2\/comments?post=503524"}],"version-history":[{"count":0,"href":"https:\/\/www.europesays.com\/fr\/wp-json\/wp\/v2\/posts\/503524\/revisions"}],"wp:featuredmedia":[{"embeddable":true,"href":"https:\/\/www.europesays.com\/fr\/wp-json\/wp\/v2\/media\/503525"}],"wp:attachment":[{"href":"https:\/\/www.europesays.com\/fr\/wp-json\/wp\/v2\/media?parent=503524"}],"wp:term":[{"taxonomy":"category","embeddable":true,"href":"https:\/\/www.europesays.com\/fr\/wp-json\/wp\/v2\/categories?post=503524"},{"taxonomy":"post_tag","embeddable":true,"href":"https:\/\/www.europesays.com\/fr\/wp-json\/wp\/v2\/tags?post=503524"}],"curies":[{"name":"wp","href":"https:\/\/api.w.org\/{rel}","templated":true}]}}