{"id":503527,"date":"2025-11-01T01:55:13","date_gmt":"2025-11-01T01:55:13","guid":{"rendered":"https:\/\/www.europesays.com\/fr\/503527\/"},"modified":"2025-11-01T01:55:13","modified_gmt":"2025-11-01T01:55:13","slug":"qui-rachetera-le-golf-de-la-gruyere","status":"publish","type":"post","link":"https:\/\/www.europesays.com\/fr\/503527\/","title":{"rendered":"Qui rach\u00e8tera le Golf de la Gruy\u00e8re?"},"content":{"rendered":"<p>Que deviendra le golf de la Gruy\u00e8re? Une premi\u00e8re r\u00e9ponse tombera d&rsquo;ici moins de deux semaines. Le Tribunal de la Gruy\u00e8re d\u00e9cidera d&rsquo;accorder ou non une chance \u00e0 l&rsquo;investisseur chinois Yongjun Li.<\/p>\n<p>Si ce dernier peut prouver que des perspectives d&rsquo;assainissement existent ou qu&rsquo;un accord avec les cr\u00e9anciers est possible, il pourrait obtenir encore un peu de temps avant que la faillite de l&rsquo;entreprise Golf de la Gruy\u00e8re SA, l&rsquo;une des soci\u00e9t\u00e9s li\u00e9es au projet, ne soit prononc\u00e9e.\u00a0<\/p>\n<p>Un espoir de relance\u00a0<\/p>\n<p data-start=\"698\" data-end=\"1145\">Si le green est rest\u00e9 vide cette ann\u00e9e, un nouveau site internet vient d\u2019\u00eatre lanc\u00e9. Et les golfeurs et golfeuses du coin gardent bon espoir de pouvoir retrouver leur terrain l&rsquo;ann\u00e9e prochaine. \u00ab\u00a0Le comit\u00e9 travaille d\u2019arrache-pied pour rendre possible l\u2019ouverture du golf en 2026\u00a0\u00bb, nous a indiqu\u00e9 Lionel Lechot, pr\u00e9sident du Golf Club de la Gruy\u00e8re.<\/p>\n<p data-start=\"698\" data-end=\"1145\">Et cet espoir n&rsquo;est peut-\u00eatre pas vain. Selon nos informations, l&rsquo;investisseur chinois Yongjun Li est bien d\u00e9cid\u00e9 \u00e0 vendre toutes ses soci\u00e9t\u00e9s li\u00e9es au golf.<\/p>\n<p data-start=\"698\" data-end=\"1145\">\u00ab\u00a0Nous nous sommes mis d\u2019accord il y a une ann\u00e9e pour vendre, mais depuis, je ne sais pas avec qui Monsieur Li n\u00e9gocie\u00a0\u00bb, confie Urs M\u00fcller qui regrette de ne pas \u00eatre partie prenante des n\u00e9gociations. L&rsquo;homme d&rsquo;affaires, actionnaire majoritaire des soci\u00e9t\u00e9s li\u00e9es au d\u00e9veloppement de logements, ajoute qu&rsquo;il souhaite que ce projet puisse \u00eatre repris dans son ensemble.\u00a0<\/p>\n<p>Des offres en pr\u00e9paration<\/p>\n<p data-start=\"698\" data-end=\"1145\">Contact\u00e9, un proche de l&rsquo;investisseur chinois nous confirme la volont\u00e9 de ce dernier et de sa fille de vendre. Jean-Jacques de Dardel, ancien ambassadeur de Suisse en Chine, et d\u00e9sormais membre du conseil d&rsquo;administration de plusieurs soci\u00e9t\u00e9s li\u00e9es au golf, nous explique: \u00ab\u00a0Le projet leur a caus\u00e9 tellement de probl\u00e8mes qu\u2019ils pr\u00e9f\u00e8rent s\u2019en d\u00e9sengager totalement\u00a0\u00bb. Il rappelle que Yongjun Li avait investi \u00e0 Pont-la-Ville pour l&rsquo;amour de la Suisse et la r\u00e9gion, o\u00f9 ses filles ont \u00e9tudi\u00e9.<\/p>\n<p data-start=\"698\" data-end=\"1145\">Jean-Jacques de Dardel indique qu&rsquo;il y a aujourd&rsquo;hui plusieurs investisseurs int\u00e9ress\u00e9s et que des offres sont en pr\u00e9paration. Il ajoute qu&rsquo;il faut d\u00e9sormais finaliser les n\u00e9gociations, et dit avoir bon espoir que le Tribunal de la Gruy\u00e8re accorde un peu de temps suppl\u00e9mentaire \u00e0 l&rsquo;investisseur chinois.\u00a0<\/p>\n<p>Deux groupes d&rsquo;investisseurs de la r\u00e9gion sur le coup\u00a0<\/p>\n<p data-start=\"1724\" data-end=\"2314\">Selon nos informations, au moins deux investisseurs de la r\u00e9gion gardent un int\u00e9r\u00eat pour le projet du Golf de Pont-la-Ville.<\/p>\n<p data-start=\"1724\" data-end=\"2314\">Le premier, articul\u00e9 autour de Bulliard Immobilier, confirme son int\u00e9r\u00eat, mais se heurte \u00e0 un manque de transparence. \u00ab\u00a0Nous et nos partenaires n\u2019avons pas encore eu acc\u00e8s \u00e0 certains documents financiers\u00a0\u00bb, pr\u00e9cise son directeur Damiano Lepori. Aucune offre n&rsquo;a donc \u00e9t\u00e9 d\u00e9pos\u00e9e.\u00a0<\/p>\n<p><strong data-start=\"1678\" data-end=\"1723\">Christian Constantin fait partie des int\u00e9ress\u00e9s<\/strong><\/p>\n<p data-start=\"1724\" data-end=\"2314\">L\u2019autre duo sur le coup se compose du Bullois Julien Raboud, qui quittera son poste de directeur au sein de BKW \u00e0 la fin de l&rsquo;ann\u00e9e, et de Christian Constantin, pr\u00e9sident du FC Sion.\u00a0<\/p>\n<p data-start=\"1724\" data-end=\"2314\">\u00ab\u00a0Je le regardais encore ce matin en allant \u00e0 GC (Grasshopper), je voyais les couleurs sur le lac et le site, et je me disais: &lsquo;ah, c&rsquo;est quand m\u00eame dommage'\u00a0\u00bb, explique l&rsquo;homme d&rsquo;affaires valaisan. \u00ab\u00a0Tu peux dire que je le regarde du coin de l&rsquo;\u0153il\u00a0\u00bb, ajoute le pr\u00e9sident du FC Sion. Un point que nous confirme Julien Raboud. \u00ab\u00a0Nous sommes toujours int\u00e9ress\u00e9s\u00a0\u00bb, d\u00e9clare-t-il, \u00ab\u00a0mais c&rsquo;est un dossier sem\u00e9 d&#8217;emb\u00fbches.\u00a0\u00bb\u00a0<\/p>\n<p data-start=\"1724\" data-end=\"2314\">Autre nom qui circulait pour une possible reprise: celui de Damien Piller. L&rsquo;homme d&rsquo;affaires fribourgeois nous a r\u00e9pondu qu&rsquo;il n&rsquo;\u00e9tait pas int\u00e9ress\u00e9.\u00a0<\/p>\n<p data-start=\"1724\" data-end=\"2314\">Aujourd&rsquo;hui, le terrain continue d&rsquo;\u00eatre entretenu, aux frais de la Banque cantonale de Fribourg. Contact\u00e9e, la BCF reste discr\u00e8te sur cette affaire. Elle pr\u00e9cise simplement qu&rsquo;elle essaie, dans la mesure du possible, de favoriser la reprise de l\u2019exploitation du golf de la Gruy\u00e8re.\u00a0<\/p>\n<p>Personne ne se prononce sur le prix de reprise\u00a0<\/p>\n<p data-start=\"2851\" data-end=\"3246\">Combien vaut aujourd\u2019hui le Golf de la Gruy\u00e8re? Aucun acteur ne s\u2019avance sur une estimation. Un seul observateur \u00e9voque un prix de rachat: \u00ab\u00a0autour de 40 millions de francs\u00a0\u00bb.<\/p>\n<p data-start=\"2851\" data-end=\"3246\">On rappelle que le projet initial pr\u00e9voyait 350 millions d\u2019investissements pour transformer Pont-la-Ville en un complexe h\u00f4telier et r\u00e9sidentiel d\u2019envergure. Un h\u00f4tel cinq \u00e9toiles, une centaine d&rsquo;appartement et une modernisation du parcours de golf \u00e9taient pr\u00e9vus.\u00a0<\/p>\n<p>RadioFr. &#8211; Lo\u00efc Schorderet<\/p>\n","protected":false},"excerpt":{"rendered":"Que deviendra le golf de la Gruy\u00e8re? Une premi\u00e8re r\u00e9ponse tombera d&rsquo;ici moins de deux semaines. Le Tribunal&hellip;\n","protected":false},"author":2,"featured_media":503528,"comment_status":"","ping_status":"","sticky":false,"template":"","format":"standard","meta":{"footnotes":""},"categories":[1418],"tags":[1011,27,1472,60],"class_list":{"0":"post-503527","1":"post","2":"type-post","3":"status-publish","4":"format-standard","5":"has-post-thumbnail","7":"category-golf","8":"tag-fr","9":"tag-france","10":"tag-golf","11":"tag-sports"},"share_on_mastodon":{"url":"https:\/\/pubeurope.com\/@fr\/115471956219511295","error":""},"_links":{"self":[{"href":"https:\/\/www.europesays.com\/fr\/wp-json\/wp\/v2\/posts\/503527","targetHints":{"allow":["GET"]}}],"collection":[{"href":"https:\/\/www.europesays.com\/fr\/wp-json\/wp\/v2\/posts"}],"about":[{"href":"https:\/\/www.europesays.com\/fr\/wp-json\/wp\/v2\/types\/post"}],"author":[{"embeddable":true,"href":"https:\/\/www.europesays.com\/fr\/wp-json\/wp\/v2\/users\/2"}],"replies":[{"embeddable":true,"href":"https:\/\/www.europesays.com\/fr\/wp-json\/wp\/v2\/comments?post=503527"}],"version-history":[{"count":0,"href":"https:\/\/www.europesays.com\/fr\/wp-json\/wp\/v2\/posts\/503527\/revisions"}],"wp:featuredmedia":[{"embeddable":true,"href":"https:\/\/www.europesays.com\/fr\/wp-json\/wp\/v2\/media\/503528"}],"wp:attachment":[{"href":"https:\/\/www.europesays.com\/fr\/wp-json\/wp\/v2\/media?parent=503527"}],"wp:term":[{"taxonomy":"category","embeddable":true,"href":"https:\/\/www.europesays.com\/fr\/wp-json\/wp\/v2\/categories?post=503527"},{"taxonomy":"post_tag","embeddable":true,"href":"https:\/\/www.europesays.com\/fr\/wp-json\/wp\/v2\/tags?post=503527"}],"curies":[{"name":"wp","href":"https:\/\/api.w.org\/{rel}","templated":true}]}}