{"id":503531,"date":"2025-11-01T01:58:14","date_gmt":"2025-11-01T01:58:14","guid":{"rendered":"https:\/\/www.europesays.com\/fr\/503531\/"},"modified":"2025-11-01T01:58:14","modified_gmt":"2025-11-01T01:58:14","slug":"atp-jim-courier-sur-carlos-alcaraz-voici-les-trois-tournois-quil-devrait-supprimer-de-son-calendrier","status":"publish","type":"post","link":"https:\/\/www.europesays.com\/fr\/503531\/","title":{"rendered":"ATP > Jim Courier sur Carlos Alcaraz : \u00ab\u00a0Voici les trois tournois qu&rsquo;il devrait supprimer de son calendrier\u00a0\u00bb"},"content":{"rendered":"<p>R\u00e9cemment invit\u00e9 sur le plateau de Tennis Channel o\u00f9 il s\u2019est notam\u00adment exprim\u00e9 sur la d\u00e9faite de Carlos Alcaraz d\u00e8s son entr\u00e9e en lice sur le Rolex Paris Masters, Jim Courier a pass\u00e9 en revue le calen\u00addrier de l\u2019Espagnol. Et pour l\u2019an\u00adcien joueur am\u00e9ri\u00adcain, il y a au moins trois tour\u00adnois en\u00a0trop.\u00a0<\/p>\n<p><strong>\u00ab\u202fVoici ce qu\u2019il devrait supprimer, selon moi, et la raison est simple\u00a0: il a besoin de plusieurs pauses de trois semaines au cours de la saison. Cela lui donne\u00adrait le temps de se remettre des voyages, de se recons\u00adtruire physi\u00adque\u00adment et de se ressourcer menta\u00adle\u00adment. Commen\u00e7ons apr\u00e8s l\u2019Open d\u2019Australie \u2014 Rotterdam, d\u00e9sol\u00e9 Richard Krajicek, le direc\u00adteur du tournoi \u2014 c\u2019est fichu. Prenez trois semaines de repos apr\u00e8s l\u2019Australie. Reprenez \u00e0 Doha, puis foncez \u00e0 travers le Sunshine Double \u2014 Indian Wells et Miami. Mais Monte\u2010Carlo\u202f? Tu doit l\u2019\u00e9li\u00adminer. Et Barcelone \u2014 ce sera diffi\u00adcile pour lui de faire l\u2019im\u00adpasse, car c\u2019est en Espagne, mais s\u2019il veut \u00eatre en forme pour la s\u00e9rie de tour\u00adnois qui commence \u00e0 Madrid et se termine \u00e0 Wimbledon, il a besoin de cette pause. C\u2019est une p\u00e9riode tr\u00e8s diffi\u00adcile avec tr\u00e8s peu de repos, d\u2019au\u00adtant plus qu\u2019il faut passer tr\u00e8s rapi\u00adde\u00adment de la terre battue au gazon. Je dirais donc que Monte\u2010Carlo est \u00e9limin\u00e9, et id\u00e9a\u00adle\u00adment, Barcelone aussi.\u202f\u00bb<\/strong><\/p>\n<p class=\"post-published-date\" style=\"color: silver; font-size: 75%; text-align: left;\">Publi\u00e9 le vendredi 31 octobre 2025 \u00e0 18:38<\/p>\n","protected":false},"excerpt":{"rendered":"R\u00e9cemment invit\u00e9 sur le plateau de Tennis Channel o\u00f9 il s\u2019est notam\u00adment exprim\u00e9 sur la d\u00e9faite de Carlos&hellip;\n","protected":false},"author":2,"featured_media":503532,"comment_status":"","ping_status":"","sticky":false,"template":"","format":"standard","meta":{"footnotes":""},"categories":[1415],"tags":[1744,1011,27,60,1467],"class_list":{"0":"post-503531","1":"post","2":"type-post","3":"status-publish","4":"format-standard","5":"has-post-thumbnail","7":"category-tennis","8":"tag-alcaraz","9":"tag-fr","10":"tag-france","11":"tag-sports","12":"tag-tennis"},"share_on_mastodon":{"url":"https:\/\/pubeurope.com\/@fr\/115471968039907833","error":""},"_links":{"self":[{"href":"https:\/\/www.europesays.com\/fr\/wp-json\/wp\/v2\/posts\/503531","targetHints":{"allow":["GET"]}}],"collection":[{"href":"https:\/\/www.europesays.com\/fr\/wp-json\/wp\/v2\/posts"}],"about":[{"href":"https:\/\/www.europesays.com\/fr\/wp-json\/wp\/v2\/types\/post"}],"author":[{"embeddable":true,"href":"https:\/\/www.europesays.com\/fr\/wp-json\/wp\/v2\/users\/2"}],"replies":[{"embeddable":true,"href":"https:\/\/www.europesays.com\/fr\/wp-json\/wp\/v2\/comments?post=503531"}],"version-history":[{"count":0,"href":"https:\/\/www.europesays.com\/fr\/wp-json\/wp\/v2\/posts\/503531\/revisions"}],"wp:featuredmedia":[{"embeddable":true,"href":"https:\/\/www.europesays.com\/fr\/wp-json\/wp\/v2\/media\/503532"}],"wp:attachment":[{"href":"https:\/\/www.europesays.com\/fr\/wp-json\/wp\/v2\/media?parent=503531"}],"wp:term":[{"taxonomy":"category","embeddable":true,"href":"https:\/\/www.europesays.com\/fr\/wp-json\/wp\/v2\/categories?post=503531"},{"taxonomy":"post_tag","embeddable":true,"href":"https:\/\/www.europesays.com\/fr\/wp-json\/wp\/v2\/tags?post=503531"}],"curies":[{"name":"wp","href":"https:\/\/api.w.org\/{rel}","templated":true}]}}