{"id":503535,"date":"2025-11-01T02:03:12","date_gmt":"2025-11-01T02:03:12","guid":{"rendered":"https:\/\/www.europesays.com\/fr\/503535\/"},"modified":"2025-11-01T02:03:12","modified_gmt":"2025-11-01T02:03:12","slug":"un-match-arrete-apres-le-desistement-dun-arbitre-de-touche","status":"publish","type":"post","link":"https:\/\/www.europesays.com\/fr\/503535\/","title":{"rendered":"un match arr\u00eat\u00e9 apr\u00e8s le d\u00e9sistement d\u2019un arbitre de touche"},"content":{"rendered":"<p data-start=\"158\" data-end=\"813\">Dans un match comptant pour le 4e tour de la Coupe du Troph\u00e9e Morbihan, disput\u00e9 ce dimanche entre l\u2019US Saint-Armel et l\u2019AS M\u00e9nimur (B), la rencontre a \u00e9t\u00e9 arr\u00eat\u00e9e apr\u00e8s 75 minutes de jeu. En cause, le d\u00e9sistement de l\u2019arbitre de touche b\u00e9n\u00e9vole de Saint-Armel qui, selon les informations du journal Le T\u00e9l\u00e9gramme, aurait, de d\u00e9pit, jet\u00e9 son drapeau en l\u2019air. D&rsquo;apr\u00e8s Yves Joubioux, membre du bureau arm\u00e9lois, le b\u00e9n\u00e9vole aurait agi de la sorte apr\u00e8s avoir \u00e9t\u00e9 \u00ab\u00a0lass\u00e9 d\u2019entendre des propos d\u00e9sobligeants \u00e0 son encontre\u00a0\u00bb. Toujours dans le m\u00e9dia breton, l\u2019arbitre de la rencontre, M. J\u00e9hanno, pr\u00e9cise que \u00ab\u00a0cela figure dans mon rapport d\u2019apr\u00e8s-match\u00a0\u00bb.<\/p>\n<p><strong data-start=\"815\" data-end=\"906\">\u00ab\u00a0L\u2019arbitre de touche n\u2019a jamais \u00e9t\u00e9 la victime de propos d\u00e9sobligeants de notre part\u00a0\u00bb<\/strong><\/p>\n<p data-start=\"910\" data-end=\"1463\">D&rsquo;apr\u00e8s les acteurs du match, il n\u2019y aurait eu aucun incident particulier justifiant que la rencontre soit arr\u00eat\u00e9e. Selon Gildas Le D\u00e9, l\u2019entra\u00eeneur de M\u00e9nimur, \u00ab\u00a0l\u2019arbitre de touche n\u2019a jamais \u00e9t\u00e9 la victime de propos d\u00e9sobligeants de notre part\u00a0\u00bb. Des propos corrobor\u00e9s par M. J\u00e9hanno, l\u2019arbitre. De m\u00eame, l\u2019AS M\u00e9nimur \u00e9voque un coup de drapeau port\u00e9 \u00e0 l\u2019un de ses joueurs, ce que d\u00e9mentent non seulement M. J\u00e9hanno, mais \u00e9galement le camp arm\u00e9lois. Pour avoir le fin mot de l\u2019histoire, il faudra attendre la d\u00e9cision de la commission de discipline de la Ligue de Bretagne de football.<\/p>\n<p>Partagez cette info avec vos amis et vos proches en cliquant ici<br \/>Foot Amateur : un match arr\u00eater apr\u00e8s le d\u00e9sistement d\u2019un arbitre de touche<\/p>\n<p>Le match Saint-Armel \u2013 M\u00e9nimur (Troph\u00e9e du Morbihan) a \u00e9t\u00e9 arr\u00eat\u00e9 apr\u00e8s 75 minutes. Un arbitre de touche b\u00e9n\u00e9vole de Saint-Armel aurait quitt\u00e9 le terrain, lass\u00e9 d\u2019insultes. Les versions divergent, la commission tranchera.<\/p>\n<p> <img decoding=\"async\" width=\"76\" height=\"76\" loading=\"lazy\" src=\"https:\/\/static.wui.fr\/images_v3\/avatar-footnational.png\" alt=\"Clement Fradique\"\/><\/p>\n","protected":false},"excerpt":{"rendered":"Dans un match comptant pour le 4e tour de la Coupe du Troph\u00e9e Morbihan, disput\u00e9 ce dimanche entre&hellip;\n","protected":false},"author":2,"featured_media":503536,"comment_status":"","ping_status":"","sticky":false,"template":"","format":"standard","meta":{"footnotes":""},"categories":[1410],"tags":[9314,63,1011,27,60],"class_list":{"0":"post-503535","1":"post","2":"type-post","3":"status-publish","4":"format-standard","5":"has-post-thumbnail","7":"category-football","8":"tag-foot-amateur","9":"tag-football","10":"tag-fr","11":"tag-france","12":"tag-sports"},"share_on_mastodon":{"url":"https:\/\/pubeurope.com\/@fr\/115471988365464319","error":""},"_links":{"self":[{"href":"https:\/\/www.europesays.com\/fr\/wp-json\/wp\/v2\/posts\/503535","targetHints":{"allow":["GET"]}}],"collection":[{"href":"https:\/\/www.europesays.com\/fr\/wp-json\/wp\/v2\/posts"}],"about":[{"href":"https:\/\/www.europesays.com\/fr\/wp-json\/wp\/v2\/types\/post"}],"author":[{"embeddable":true,"href":"https:\/\/www.europesays.com\/fr\/wp-json\/wp\/v2\/users\/2"}],"replies":[{"embeddable":true,"href":"https:\/\/www.europesays.com\/fr\/wp-json\/wp\/v2\/comments?post=503535"}],"version-history":[{"count":0,"href":"https:\/\/www.europesays.com\/fr\/wp-json\/wp\/v2\/posts\/503535\/revisions"}],"wp:featuredmedia":[{"embeddable":true,"href":"https:\/\/www.europesays.com\/fr\/wp-json\/wp\/v2\/media\/503536"}],"wp:attachment":[{"href":"https:\/\/www.europesays.com\/fr\/wp-json\/wp\/v2\/media?parent=503535"}],"wp:term":[{"taxonomy":"category","embeddable":true,"href":"https:\/\/www.europesays.com\/fr\/wp-json\/wp\/v2\/categories?post=503535"},{"taxonomy":"post_tag","embeddable":true,"href":"https:\/\/www.europesays.com\/fr\/wp-json\/wp\/v2\/tags?post=503535"}],"curies":[{"name":"wp","href":"https:\/\/api.w.org\/{rel}","templated":true}]}}