{"id":503537,"date":"2025-11-01T02:04:17","date_gmt":"2025-11-01T02:04:17","guid":{"rendered":"https:\/\/www.europesays.com\/fr\/503537\/"},"modified":"2025-11-01T02:04:17","modified_gmt":"2025-11-01T02:04:17","slug":"elle-ma-demande-de-la-femme-dun-acheteur","status":"publish","type":"post","link":"https:\/\/www.europesays.com\/fr\/503537\/","title":{"rendered":"\u201cElle m\u2019a demand\u00e9 de\u2026\u201d, la femme d\u2019un acheteur &#8230;"},"content":{"rendered":"<p>EN BREF<\/p>\n<ul class=\"bloc_resume_post_list\">\n<li>Depuis 2023, Georges van Cauwenbergh est un acheteur<br \/>\nnotable dans \u00ab\u00a0Affaire conclue&rsquo;, partageant son temps entre sa<br \/>\ngalerie Artimo et l&rsquo;\u00e9mission.<\/li>\n<li>Sa femme, Aurore, \u00e9tait initialement oppos\u00e9e \u00e0 sa<br \/>\nparticipation \u00e0 l&rsquo;\u00e9mission, craignant l&rsquo;incompr\u00e9hension des<br \/>\nmarchands sp\u00e9cialis\u00e9s.<\/li>\n<li>Malgr\u00e9 sa notori\u00e9t\u00e9 croissante, Georges a d\u00fb ajuster sa<br \/>\nvie priv\u00e9e, notamment en cessant de publier des photos de couple<br \/>\nsur les r\u00e9seaux sociaux.<\/li>\n<\/ul>\n<p>Depuis 2023, <strong>Georges van Cauwenbergh<\/strong> s\u2019est<br \/>\nimpos\u00e9 comme <a href=\"https:\/\/www.telestar.fr\/actu-tv\/affaire-conclue-qui-est-georges-van-cauwenbergh-le-nouvel-acheteur-824298\" target=\"_blank\" rel=\"noopener\"><br \/>\nl\u2019un des visages marquants<\/a> d\u2019Affaire conclue, en tant qu&rsquo;acheteur, aux c\u00f4t\u00e9s de<br \/>\n<a href=\"https:\/\/www.telestar.fr\/actu_tv\/affaire-conclue-ce-petit-objet-achete-50-centimes-a-ete-vendu-une-somme-folle-a-caroline-margeridon-1736254\" target=\"_blank\" rel=\"noopener\"><br \/>\nCaroline Margeridon<\/a>, Anne-Catherine Verwaerde, St\u00e9phane<br \/>\nVanhandenhoven ou Aurore Morisse. Le Bruxellois partage d\u00e9sormais<br \/>\nson temps entre sa galerie Artimo en Belgique, sp\u00e9cialis\u00e9e dans les<br \/>\nsculptures et l\u2019horlogerie, et les tournages du programme.<\/p>\n<p>Georges van Cauwenbergh : sa femme \u00e9tait \u00ab\u00a0contre\u00a0\u00bb sa<br \/>\nparticipation \u00e0 Affaire conclue<\/p>\n<p>Depuis 2022, le trentenaire est mari\u00e9 \u00e0 sa femme, Aurore. Mais<br \/>\ncette derni\u00e8re semble avoir du mal \u00e0 supporter sa notori\u00e9t\u00e9&#8230;<br \/>\nLorsque Georges van Cauwenbergh a accept\u00e9 de participer \u00e0<br \/>\nl&rsquo;\u00e9mission, son \u00e9pouse\u00a0n\u2019a pas imm\u00e9diatement accueilli la<br \/>\nnouvelle avec enthousiasme.<\/p>\n<p>\u00ab\u00a0Elle \u00e9tait contre au d\u00e9part. Elle me disait que ce n&rsquo;\u00e9tait<br \/>\npas bien pour moi, car beaucoup de marchands ne comprenaient pas ce<br \/>\nque j&rsquo;irais faire dans ce programme. Ils estimaient que c&rsquo;\u00e9tait une<br \/>\n\u00e9mission pour les g\u00e9n\u00e9ralistes alors que je ne fais que de la<br \/>\nsculpture\u00a0\u00bb, a-t-il confi\u00e9 dans les colonnes de T\u00e9l\u00e9-Loisirs.<\/p>\n<p>Georges van Cauwenbergh : cette demande<br \/>\nparticuli\u00e8re de sa femme<\/p>\n<p data-start=\"1030\" data-end=\"1341\">Rapidement, la situation a<br \/>\nchang\u00e9 : \u00ab\u00a0Quand j&rsquo;ai commenc\u00e9 les tournages, ma femme \u00e9tait<br \/>\nfinalement ravie, car \u00e7a me rendait tr\u00e8s heureux\u00a0\u00bb, assure<br \/>\nGeorges. Pour autant, la notori\u00e9t\u00e9 n\u2019est pas sans contraintes.<br \/>\n\u00ab\u00a0Quand on m&rsquo;accoste dans la rue ou au restaurant pour une photo,<br \/>\nl\u00e0, \u00e7a lui fait moins plaisir\u00a0\u00bb, a racont\u00e9 celui <a href=\"https:\/\/www.telestar.fr\/actu_tv\/affaire-conclue-la-bourde-de-ce-celebre-acheteur-lui-a-valu-de-se-faire-taper-sur-les-doigts-1733948\" target=\"_blank\" rel=\"noopener\"><br \/>\nqui a \u00e9t\u00e9 rappel\u00e9 \u00e0 l\u2019ordre apr\u00e8s une pause-caf\u00e9.<\/a><\/p>\n<p data-start=\"1030\" data-end=\"1341\">Afin de pr\u00e9server leur<br \/>\nintimit\u00e9, Aurore a demand\u00e9 \u00e0 son mari de ne plus publier de photos<br \/>\nd\u2019eux sur les r\u00e9seaux sociaux. \u00ab\u00a0Avant, je mettais des photos de<br \/>\nnous et elle m&rsquo;a demand\u00e9 de ne plus en poster avec elle pour<br \/>\npr\u00e9server notre intimit\u00e9, a-t-il r\u00e9v\u00e9l\u00e9. <strong>Je<br \/>\ncomprends parfaitement<\/strong>.\u00a0\u00bb \u00a0\u00ab\u00a0Finalement, \u00e7a me<br \/>\nrend heureux parce qu&rsquo;elle m&rsquo;aide \u00e0 garder les pieds sur<br \/>\nterre\u00a0\u00bb, conclut-il.<\/p>\n","protected":false},"excerpt":{"rendered":"EN BREF Depuis 2023, Georges van Cauwenbergh est un acheteur notable dans \u00ab\u00a0Affaire conclue&rsquo;, partageant son temps entre&hellip;\n","protected":false},"author":2,"featured_media":503538,"comment_status":"","ping_status":"","sticky":false,"template":"","format":"standard","meta":{"footnotes":""},"categories":[1359],"tags":[9885,548,58,59,1011,27,973],"class_list":{"0":"post-503537","1":"post","2":"type-post","3":"status-publish","4":"format-standard","5":"has-post-thumbnail","7":"category-people","8":"tag-affaire-conclue","9":"tag-article-simple","10":"tag-divertissement","11":"tag-entertainment","12":"tag-fr","13":"tag-france","14":"tag-people"},"share_on_mastodon":{"url":"https:\/\/pubeurope.com\/@fr\/115471991818018491","error":""},"_links":{"self":[{"href":"https:\/\/www.europesays.com\/fr\/wp-json\/wp\/v2\/posts\/503537","targetHints":{"allow":["GET"]}}],"collection":[{"href":"https:\/\/www.europesays.com\/fr\/wp-json\/wp\/v2\/posts"}],"about":[{"href":"https:\/\/www.europesays.com\/fr\/wp-json\/wp\/v2\/types\/post"}],"author":[{"embeddable":true,"href":"https:\/\/www.europesays.com\/fr\/wp-json\/wp\/v2\/users\/2"}],"replies":[{"embeddable":true,"href":"https:\/\/www.europesays.com\/fr\/wp-json\/wp\/v2\/comments?post=503537"}],"version-history":[{"count":0,"href":"https:\/\/www.europesays.com\/fr\/wp-json\/wp\/v2\/posts\/503537\/revisions"}],"wp:featuredmedia":[{"embeddable":true,"href":"https:\/\/www.europesays.com\/fr\/wp-json\/wp\/v2\/media\/503538"}],"wp:attachment":[{"href":"https:\/\/www.europesays.com\/fr\/wp-json\/wp\/v2\/media?parent=503537"}],"wp:term":[{"taxonomy":"category","embeddable":true,"href":"https:\/\/www.europesays.com\/fr\/wp-json\/wp\/v2\/categories?post=503537"},{"taxonomy":"post_tag","embeddable":true,"href":"https:\/\/www.europesays.com\/fr\/wp-json\/wp\/v2\/tags?post=503537"}],"curies":[{"name":"wp","href":"https:\/\/api.w.org\/{rel}","templated":true}]}}