{"id":503541,"date":"2025-11-01T02:07:24","date_gmt":"2025-11-01T02:07:24","guid":{"rendered":"https:\/\/www.europesays.com\/fr\/503541\/"},"modified":"2025-11-01T02:07:24","modified_gmt":"2025-11-01T02:07:24","slug":"quand-sortent-les-prochains-episodes-le-calendrier-de-diffusion-de-la-competition-netflix","status":"publish","type":"post","link":"https:\/\/www.europesays.com\/fr\/503541\/","title":{"rendered":"Quand sortent les prochains \u00e9pisodes ? Le calendrier de diffusion de la comp\u00e9tition Netflix"},"content":{"rendered":"<p>Nouvelle \u00c9cole, la comp\u00e9tition de rap de Netflix, est de retour pour une saison 4 qui voit SCH et SDM s&rsquo;affronter avec chacun leur \u00e9quipe de nouveaux talents. Les premiers \u00e9pisodes sont sortis ce vendredi 31 octobre, mais quand sort la suite ? R\u00e9ponse. <\/p>\n<p>Depuis 2022, un programme de Netflix met chaque ann\u00e9e le feu aux abonn\u00e9s : il s&rsquo;agit de Nouvelle \u00c9cole. Adapt\u00e9e<a href=\"https:\/\/www.programme-tv.net\/news\/series-tv\/287621-nouvelle-ecole-niska-en-dit-plus-sur-ladaptation-de-lemission-evenement-rythm-flow\/\" data-api-deeplink=\"teleloisirs:\/\/news\/287621\" target=\"_blank\" rel=\"noopener\"> du format am\u00e9ricain Rythm + Flow, <\/a>ce format de t\u00e9l\u00e9crochet voit de jeunes talents du rap s&rsquo;affronter pour gagner la comp\u00e9tition. D\u00e9sireux de ne pas laisser les spectateurs assidus de l&rsquo;\u00e9mission se lasser, Netflix fait le choix d&rsquo;apporter des changements r\u00e9guliers au concept. Lors des saisons 1 et 2, le jury compos\u00e9 de SCH, Shay et Niska sillonnaient la France, chacun en direction de leurs r\u00e9gions d&rsquo;origine, pour faire passer un casting \u00e0 une s\u00e9lection de candidats. La saison 3, diffus\u00e9e en 2024, rebattait totalement les cartes du jury puisque<a href=\"https:\/\/www.programme-tv.net\/news\/tv\/356440-nouvelle-ecole-pourquoi-shay-et-niska-ont-ils-quitte-le-programme-phare-de-netflix\/\" data-api-deeplink=\"teleloisirs:\/\/news\/356440\" target=\"_blank\" rel=\"noopener\"> Shay et Niska se voyaient remplac\u00e9s par Aya Nakamura et SDM<\/a>. Un changement applaudi par les fans. Mais peu apr\u00e8s la diffusion, <a href=\"https:\/\/www.programme-tv.net\/news\/tv\/357505-nouvelle-ecole-netflix-aya-nakamura-annonce-une-mauvaise-nouvelle\/\" data-api-deeplink=\"teleloisirs:\/\/news\/357505\" target=\"_blank\" rel=\"noopener\">Aya Nakamura annon\u00e7ait qu&rsquo;elle ne rempilerait pas en tant que jur\u00e9 pour la saison 4<\/a>. Plut\u00f4t que de la remplacer, au risque de ne pas trouver une artiste avec sa notori\u00e9t\u00e9 internationale,<a href=\"https:\/\/www.programme-tv.net\/news\/tv\/370620-nouvelle-ecole-saison-4-suite-au-depart-daya-nakamura-netflix-annonce-une-decision-radicale\/\" data-api-deeplink=\"teleloisirs:\/\/news\/370620\" target=\"_blank\" rel=\"noopener\"> Netflix a plut\u00f4t pris la d\u00e9cision de faire \u00e9voluer le concept de l&rsquo;\u00e9mission en une battle<\/a>.<\/p>\n<p>                        Nouvelle \u00c9cole : la saison 4 met les rappeurs SCH et SDM face \u00e0 face<\/p>\n<p>Disponibles depuis ce vendredi 31 octobre, les quatre premiers \u00e9pisodes de la saison 4 annoncent la couleur : entre SCH et SDM, il y aura match. Ainsi, aid\u00e9s de guests de qualit\u00e9 \u00e0 l&rsquo;instar de Theodora et Vald, SCH et SDM vont chacun de leur c\u00f4t\u00e9 composer leur \u00e9quipe avec les meilleurs talents possibles. Ces diff\u00e9rents jeunes artistes s&rsquo;affronteront ensuite par \u00e9quipe sur diff\u00e9rentes \u00e9preuves. Une v\u00e9ritable nouveaut\u00e9 qui renouvelle la m\u00e9canique de la comp\u00e9tition, et \u00e9vite de produire une saison trop r\u00e9p\u00e9titive de la pr\u00e9c\u00e9dente, comme cela avait \u00e9t\u00e9 le cas en saison 2.<\/p>\n<p>Nouvelle \u00c9cole : \u00e0 quelle date sortent les prochains \u00e9pisodes de la saison 4 de la comp\u00e9tition Netflix ?<\/p>\n<p>En cette journ\u00e9e d&rsquo;Halloween, Netflix a ouvert la saison 4 en proposant les quatre premiers \u00e9pisodes. Un nombre d&rsquo;\u00e9pisodes diffus\u00e9 par semaine qui ira de fa\u00e7on d\u00e9croissante car la deuxi\u00e8me partie ne contiendra que trois \u00e9pisodes, et seulement deux pour la troisi\u00e8me et ultime partie. Leur diffusion est r\u00e9partie comme suit :<\/p>\n<ul>\n<li>31 octobre : Episodes 1 \u00e0 4<\/li>\n<li>7 novembre: Episodes 5 \u00e0 7<\/li>\n<li>14 novembre: Episodes 8 \u00e0 9<\/li>\n<\/ul>\n","protected":false},"excerpt":{"rendered":"Nouvelle \u00c9cole, la comp\u00e9tition de rap de Netflix, est de retour pour une saison 4 qui voit SCH&hellip;\n","protected":false},"author":2,"featured_media":503542,"comment_status":"","ping_status":"","sticky":false,"template":"","format":"standard","meta":{"footnotes":""},"categories":[1356],"tags":[244,58,59,1011,27,127,62570,1722,129,252,1364],"class_list":{"0":"post-503541","1":"post","2":"type-post","3":"status-publish","4":"format-standard","5":"has-post-thumbnail","7":"category-television","8":"tag-commentaire","9":"tag-divertissement","10":"tag-entertainment","11":"tag-fr","12":"tag-france","13":"tag-netflix","14":"tag-nouvelle-u00e9cole","15":"tag-pub-streaming-netflix","16":"tag-svod","17":"tag-television","18":"tag-tv"},"share_on_mastodon":{"url":"https:\/\/pubeurope.com\/@fr\/115472003492295719","error":""},"_links":{"self":[{"href":"https:\/\/www.europesays.com\/fr\/wp-json\/wp\/v2\/posts\/503541","targetHints":{"allow":["GET"]}}],"collection":[{"href":"https:\/\/www.europesays.com\/fr\/wp-json\/wp\/v2\/posts"}],"about":[{"href":"https:\/\/www.europesays.com\/fr\/wp-json\/wp\/v2\/types\/post"}],"author":[{"embeddable":true,"href":"https:\/\/www.europesays.com\/fr\/wp-json\/wp\/v2\/users\/2"}],"replies":[{"embeddable":true,"href":"https:\/\/www.europesays.com\/fr\/wp-json\/wp\/v2\/comments?post=503541"}],"version-history":[{"count":0,"href":"https:\/\/www.europesays.com\/fr\/wp-json\/wp\/v2\/posts\/503541\/revisions"}],"wp:featuredmedia":[{"embeddable":true,"href":"https:\/\/www.europesays.com\/fr\/wp-json\/wp\/v2\/media\/503542"}],"wp:attachment":[{"href":"https:\/\/www.europesays.com\/fr\/wp-json\/wp\/v2\/media?parent=503541"}],"wp:term":[{"taxonomy":"category","embeddable":true,"href":"https:\/\/www.europesays.com\/fr\/wp-json\/wp\/v2\/categories?post=503541"},{"taxonomy":"post_tag","embeddable":true,"href":"https:\/\/www.europesays.com\/fr\/wp-json\/wp\/v2\/tags?post=503541"}],"curies":[{"name":"wp","href":"https:\/\/api.w.org\/{rel}","templated":true}]}}