{"id":503543,"date":"2025-11-01T02:08:12","date_gmt":"2025-11-01T02:08:12","guid":{"rendered":"https:\/\/www.europesays.com\/fr\/503543\/"},"modified":"2025-11-01T02:08:12","modified_gmt":"2025-11-01T02:08:12","slug":"voici-qui-a-remporte-le-titre-de-revelation-belge-aux-nrj-music-awards-2025-cest-une-consecration-de-fou","status":"publish","type":"post","link":"https:\/\/www.europesays.com\/fr\/503543\/","title":{"rendered":"Voici qui a remport\u00e9 le titre de \u00ab\u00a0R\u00e9v\u00e9lation belge\u00a0\u00bb aux NRJ Music Awards 2025\u00a0: \u00ab\u00a0C&rsquo;est une cons\u00e9cration de fou\u00a0!\u00a0\u00bb"},"content":{"rendered":"<p class=\"ap-StoryElement ap-StoryElement--mb ap-StoryText\">\u00ab\u00a0Excit\u00e9e\u00a0\u00bb comme une puce (elle courait et sautait dans les couloirs en criant sa joie) apr\u00e8s la remise de son troph\u00e9e au poids \u00ab\u00a0lourd mais avec le c\u0153ur l\u00e9ger\u00a0\u00bb des NMA, Orlane s&rsquo;est confi\u00e9e \u00e0 la DH. \u00ab\u00a0J&rsquo;avais vraiment trop espoir que \u00e7a le fasse pour moi, confesse, encore tremblotante, la jeune artiste et ancienne finaliste de The Voice Belgique, qui avait aussi entrepris des \u00e9tudes en m\u00e9decine sur le c\u00f4t\u00e9. Et en m\u00eame temps, il y avait des artistes incroyables qui \u00e9taient nomm\u00e9s aussi. Et qui m\u00e9ritaient trop. Ils font de la musique que j&rsquo;admire et que j&rsquo;aime beaucoup.\u00a0\u00bb<\/p>\n<p class=\"ap-StoryElement ap-StoryElement--mb ap-StoryText\">Apr\u00e8s ses titres \u00ab\u00a0\u00c0 quoi tu penses\u00a0?\u00a0\u00bb, \u00ab\u00a0Adieu\u00b2\u00a0\u00bb puis \u00ab\u00a0Jeux Dangereux\u00a0\u00bb que l&rsquo;on retrouve sur l&rsquo;EP PRISME, Orlane vient de sortir son premier album Aller-retour en mai dernier (dont le titre Toucher le ciel). \u00ab\u00a0Je sais que j&rsquo;ai \u00e9norm\u00e9ment boss\u00e9 et que j&rsquo;ai une communaut\u00e9 que je construis depuis longtemps. Je suis trop reconnaissante qu&rsquo;ils soient l\u00e0 pour me rendre tout \u00e7a et me donner cette victoire. Enfin, c&rsquo;est gr\u00e2ce \u00e0 tous les gens qui me suivent donc je suis trop reconnaissante de \u00e7a.\u00a0\u00bb<\/p>\n<blockquote class=\"ap-StoryQuote ap-StoryQuote--blockquote\">\n<p class=\"ap-StoryQuote-text\">\u00ab\u00a0J&rsquo;ai l&rsquo;impression qu&rsquo;on remercie mon premier b\u00e9b\u00e9 (sourire)\u00a0\u00bb<\/p>\n<\/blockquote>\n<p class=\"ap-StoryElement ap-StoryElement--mb ap-StoryText\">Orlane, qui a \u00e9galement lanc\u00e9 une s\u00e9rie de vid\u00e9os Youtube en mode &lsquo;ALLER-RETOUR&rsquo;, n&rsquo;en revient toujours pas. Dans ce projet, elle re\u00e7oit des personnalit\u00e9s li\u00e9es au monde de la musique avec qui elle parle cr\u00e9ation, parcours, chansons et chante des titres en acoustique (le premier invit\u00e9 \u00e9tait Vincha, qui a collabor\u00e9 avec Helena sur Mauvais gar\u00e7on). \u00ab\u00a0J&rsquo;essaie de faire la meilleure musique que je puisse faire et je m&rsquo;entoure de gens avec qui je suis hyper align\u00e9e. Je suis hyper fi\u00e8re de cet album. Du coup, je suis tellement contente de ce prix. C&rsquo;est un cadeau pour cet album\u00a0! J&rsquo;ai l&rsquo;impression qu&rsquo;on remercie mon premier b\u00e9b\u00e9 (sourire).\u00a0\u00bb<\/p>\n<p class=\"ap-StoryElement ap-StoryElement--mb ap-StoryText\">Une cons\u00e9cration par rapport aussi au message f\u00e9ministe qu&rsquo;Orlane d\u00e9sire v\u00e9hiculer et faire passer. \u00ab\u00a0J&rsquo;ai l&rsquo;impression d&rsquo;avoir \u00e9t\u00e9 chercher des trucs beaucoup plus loin en moi. Et j&rsquo;ai l&rsquo;impression que c&rsquo;est vraiment un merci pour \u00e7a. Et si cet album n&rsquo;avait pas exist\u00e9, ce prix n&rsquo;existerait pas. C&rsquo;est vraiment un merci pour ces chansons, et pour tout ce que j&rsquo;ai voulu exprimer l\u00e0-dedans. C&rsquo;est une cons\u00e9cration de fou.\u00a0\u00bb<\/p>\n<p class=\"ap-StoryElement ap-StoryElement--mb ap-StoryText\">Et de conclure sur The Voice (en 2021) qui, finalement, para\u00eet d\u00e9j\u00e0 loin aujourd&rsquo;hui. \u00ab\u00a0C&rsquo;est hyper loin, mais c&rsquo;est l\u00e0 o\u00f9 tout a commenc\u00e9. Parce que moi, je suis une petite meuf de la campagne qui ne conna\u00eet personne, qui ne conna\u00eet rien. Mes parents ne sont pas dans la musique, ni dans la m\u00e9decine. J&rsquo;ai tout commenc\u00e9 \u00e0 z\u00e9ro, toute seule. Et du coup, \u00eatre l\u00e0 aujourd&rsquo;hui, gr\u00e2ce \u00e0 ma petite main, \u00e0 mon \u00e9nergie, les gens avec qui j&rsquo;ai choisi de m&rsquo;entourer, c&rsquo;est vraiment dingue\u2026 Je suis trop reconnaissante. Je suis trop fi\u00e8re d&rsquo;\u00eatre arriv\u00e9e jusqu&rsquo;ici en partant de rien.\u00a0\u00bb<\/p>\n<p class=\"ap-StoryElement ap-StoryElement--mb ap-StoryText\"><b>Pour voir Orlane en concert en Belgique ou en France, voici ses prochaines dates<\/b>\u00a0: 28\/11 au Le Belv\u00e9d\u00e8re, Namur, 04\/12 au Rocher de Palmer, Bordeaux, 05\/12 au Le Rex, Toulouse, 17\/12 au Le Ferrailleur, Nantes, 18\/12 au Le 4bis, Rennes, 07\/01 au La Maroquinerie, Paris, 05\/03 au Le Man\u00e8ge, Mons et le 06\/03 au Reflektor, Li\u00e8ge.<\/p>\n","protected":false},"excerpt":{"rendered":"\u00ab\u00a0Excit\u00e9e\u00a0\u00bb comme une puce (elle courait et sautait dans les couloirs en criant sa joie) apr\u00e8s la remise&hellip;\n","protected":false},"author":2,"featured_media":503544,"comment_status":"","ping_status":"","sticky":false,"template":"","format":"standard","meta":{"footnotes":""},"categories":[1355],"tags":[9499,1350,35,10006,26388,58,19816,59,1011,27,62571,26395,37971,8798,1361,873,1238,9026,37974,3552,62572,37975,27952],"class_list":{"0":"post-503543","1":"post","2":"type-post","3":"status-publish","4":"format-standard","5":"has-post-thumbnail","7":"category-musique","8":"tag-adult","9":"tag-architecture","10":"tag-business","11":"tag-city","12":"tag-clothing","13":"tag-divertissement","14":"tag-emotion","15":"tag-entertainment","16":"tag-fr","17":"tag-france","18":"tag-human-face","19":"tag-looking-at-camera","20":"tag-mature-adult","21":"tag-men","22":"tag-music","23":"tag-musique","24":"tag-person","25":"tag-portrait","26":"tag-senior-adult","27":"tag-seniors","28":"tag-serious","29":"tag-two-people","30":"tag-women"},"share_on_mastodon":{"url":"https:\/\/pubeurope.com\/@fr\/115472007891434251","error":""},"_links":{"self":[{"href":"https:\/\/www.europesays.com\/fr\/wp-json\/wp\/v2\/posts\/503543","targetHints":{"allow":["GET"]}}],"collection":[{"href":"https:\/\/www.europesays.com\/fr\/wp-json\/wp\/v2\/posts"}],"about":[{"href":"https:\/\/www.europesays.com\/fr\/wp-json\/wp\/v2\/types\/post"}],"author":[{"embeddable":true,"href":"https:\/\/www.europesays.com\/fr\/wp-json\/wp\/v2\/users\/2"}],"replies":[{"embeddable":true,"href":"https:\/\/www.europesays.com\/fr\/wp-json\/wp\/v2\/comments?post=503543"}],"version-history":[{"count":0,"href":"https:\/\/www.europesays.com\/fr\/wp-json\/wp\/v2\/posts\/503543\/revisions"}],"wp:featuredmedia":[{"embeddable":true,"href":"https:\/\/www.europesays.com\/fr\/wp-json\/wp\/v2\/media\/503544"}],"wp:attachment":[{"href":"https:\/\/www.europesays.com\/fr\/wp-json\/wp\/v2\/media?parent=503543"}],"wp:term":[{"taxonomy":"category","embeddable":true,"href":"https:\/\/www.europesays.com\/fr\/wp-json\/wp\/v2\/categories?post=503543"},{"taxonomy":"post_tag","embeddable":true,"href":"https:\/\/www.europesays.com\/fr\/wp-json\/wp\/v2\/tags?post=503543"}],"curies":[{"name":"wp","href":"https:\/\/api.w.org\/{rel}","templated":true}]}}