{"id":50355,"date":"2025-04-24T23:25:10","date_gmt":"2025-04-24T23:25:10","guid":{"rendered":"https:\/\/www.europesays.com\/fr\/50355\/"},"modified":"2025-04-24T23:25:10","modified_gmt":"2025-04-24T23:25:10","slug":"la-vaccination-sera-encore-elargie-pour-les-moins-de-24-ans-annonce-le-ministre-de-la-sante","status":"publish","type":"post","link":"https:\/\/www.europesays.com\/fr\/50355\/","title":{"rendered":"La vaccination sera encore \u00e9largie pour les moins de 24 ans, annonce le ministre de la Sant\u00e9"},"content":{"rendered":"<p>Apr\u00e8s une premi\u00e8re campagne d\u2019\u00e9largissement en janvier, la <a href=\"https:\/\/www.20minutes.fr\/france\/vaccination\/\" class=\"color-ultramarine c-link\" target=\"_blank\" rel=\"noopener\">vaccination<\/a> contre les m\u00e9ningocoques va aller plus loin. Face \u00e0 une flamb\u00e9e des cas de <a href=\"https:\/\/www.20minutes.fr\/dossier\/meningite\" class=\"color-ultramarine c-link\" target=\"_blank\" rel=\"noopener\">m\u00e9ningites<\/a> et d\u2019autres infections \u00e0 ces <a href=\"https:\/\/www.20minutes.fr\/dossier\/bacterie\" class=\"color-ultramarine c-link\" target=\"_blank\" rel=\"noopener\">bact\u00e9ries<\/a>, le minist\u00e8re de la sant\u00e9 a annonc\u00e9 une \u00ab\u00a0intensification de la strat\u00e9gie vaccinale pour mieux prot\u00e9ger les populations les plus expos\u00e9es\u00a0\u00bb.<\/p>\n<p>Les infections par bact\u00e9ries m\u00e9ningocoques causent notamment les m\u00e9ningites les plus graves qui, m\u00eame soign\u00e9es, entra\u00eenent une mortalit\u00e9 \u00e9lev\u00e9e et un gros risque de s\u00e9quelles. Selon les derniers chiffres donn\u00e9s jeudi par Sant\u00e9 publique France, plus de 600 cas d\u2019infections \u00e0 m\u00e9ningocoques ont d\u00e9j\u00e0 \u00e9t\u00e9 recens\u00e9s depuis le d\u00e9but de l\u2019ann\u00e9e, un niveau sans pr\u00e9c\u00e9dent depuis\u00a02010. La hausse \u00e9tait d\u00e9j\u00e0 sensible depuis plusieurs ann\u00e9es, ce qui avait conduit les autorit\u00e9s sanitaires \u00e0 d\u00e9j\u00e0 \u00e9largir la vaccination pour r\u00e9pondre \u00e0 la mont\u00e9e en puissance de nouvelles souches\u00a0: A, Y et W, cette derni\u00e8re \u00e9tant particuli\u00e8rement meurtri\u00e8re. Elles ont quasiment supplant\u00e9 le m\u00e9ningocoque C, qui \u00e9tait cibl\u00e9 de mani\u00e8re unique par un <a href=\"https:\/\/www.20minutes.fr\/dossier\/vaccin\" class=\"color-ultramarine c-link\" target=\"_blank\" rel=\"noopener\">vaccin<\/a>. Toutefois, la souche B &#8211; cible d\u2019un autre vaccin &#8211; reste la plus r\u00e9pandue.<\/p>\n<p>De nombreuses campagnes de rattrapages contre la m\u00e9ningite<\/p>\n<p>Depuis janvier, les b\u00e9b\u00e9s de moins d\u2019un an devaient recevoir un vaccin ciblant A, C, W et Y &#8211; et non plus seulement C. Ce sera d\u00e9sormais obligatoire pour tous les moins de deux ans comme c\u2019est d\u00e9j\u00e0 le cas pour le vaccin B. Le minist\u00e8re instaure aussi un rattrapage pour les b\u00e9b\u00e9s n\u2019ayant pas \u00e9t\u00e9 vaccin\u00e9s en temps voulu. Tous les moins de cinq ans concern\u00e9s devront recevoir les vaccins ACWY et B.<\/p>\n<\/p>\n<p>D\u00e9j\u00e0 recommand\u00e9 chez tous les 11-14 ans, un rappel de ACWY donnera lieu \u00e0 une campagne dans les coll\u00e8ges, coupl\u00e9e \u00e0 celle en vigueur contre le <a href=\"https:\/\/www.20minutes.fr\/dossier\/papillomavirus\" class=\"color-ultramarine c-link\" target=\"_blank\" rel=\"noopener\">papillomavirus<\/a> (HPV). Enfin, une campagne de rattrapage &#8211; B et ACWY &#8211; va viser les 15-24 ans n\u2019\u00e9tant pas \u00e0 jour de leurs vaccins, sur le mod\u00e8le de ce qui s\u2019est r\u00e9cemment fait \u00e0 Rennes apr\u00e8s la mort d\u2019une jeune patiente. Ces mesures vont encore plus loin que les recommandations de la Haute autorit\u00e9 de Sant\u00e9 (HAS).<\/p>\n","protected":false},"excerpt":{"rendered":"Apr\u00e8s une premi\u00e8re campagne d\u2019\u00e9largissement en janvier, la vaccination contre les m\u00e9ningocoques va aller plus loin. Face \u00e0&hellip;\n","protected":false},"author":2,"featured_media":50356,"comment_status":"","ping_status":"","sticky":false,"template":"","format":"standard","meta":{"footnotes":""},"categories":[10],"tags":[47,1011,27,72,4696,125,71,5699,773],"class_list":{"0":"post-50355","1":"post","2":"type-post","3":"status-publish","4":"format-standard","5":"has-post-thumbnail","7":"category-sante","8":"tag-actualite","9":"tag-fr","10":"tag-france","11":"tag-health","12":"tag-meningite","13":"tag-ministere-de-la-sante","14":"tag-sante","15":"tag-sante-publique","16":"tag-vaccin"},"share_on_mastodon":{"url":"https:\/\/pubeurope.com\/@fr\/114395527658872590","error":""},"_links":{"self":[{"href":"https:\/\/www.europesays.com\/fr\/wp-json\/wp\/v2\/posts\/50355","targetHints":{"allow":["GET"]}}],"collection":[{"href":"https:\/\/www.europesays.com\/fr\/wp-json\/wp\/v2\/posts"}],"about":[{"href":"https:\/\/www.europesays.com\/fr\/wp-json\/wp\/v2\/types\/post"}],"author":[{"embeddable":true,"href":"https:\/\/www.europesays.com\/fr\/wp-json\/wp\/v2\/users\/2"}],"replies":[{"embeddable":true,"href":"https:\/\/www.europesays.com\/fr\/wp-json\/wp\/v2\/comments?post=50355"}],"version-history":[{"count":0,"href":"https:\/\/www.europesays.com\/fr\/wp-json\/wp\/v2\/posts\/50355\/revisions"}],"wp:featuredmedia":[{"embeddable":true,"href":"https:\/\/www.europesays.com\/fr\/wp-json\/wp\/v2\/media\/50356"}],"wp:attachment":[{"href":"https:\/\/www.europesays.com\/fr\/wp-json\/wp\/v2\/media?parent=50355"}],"wp:term":[{"taxonomy":"category","embeddable":true,"href":"https:\/\/www.europesays.com\/fr\/wp-json\/wp\/v2\/categories?post=50355"},{"taxonomy":"post_tag","embeddable":true,"href":"https:\/\/www.europesays.com\/fr\/wp-json\/wp\/v2\/tags?post=50355"}],"curies":[{"name":"wp","href":"https:\/\/api.w.org\/{rel}","templated":true}]}}