{"id":503556,"date":"2025-11-01T02:15:11","date_gmt":"2025-11-01T02:15:11","guid":{"rendered":"https:\/\/www.europesays.com\/fr\/503556\/"},"modified":"2025-11-01T02:15:11","modified_gmt":"2025-11-01T02:15:11","slug":"allemagne-les-vols-suspendus-pendant-pres-de-deux-heures-a-laeroport-de-berlin-apres-une-alerte-aux-drones-le-figaro","status":"publish","type":"post","link":"https:\/\/www.europesays.com\/fr\/503556\/","title":{"rendered":"Allemagne : les vols suspendus pendant pr\u00e8s de deux heures \u00e0 l\u2019a\u00e9roport de Berlin apr\u00e8s une alerte aux drones &#8211; Le Figaro"},"content":{"rendered":"<ol>\n<li><a href=\"https:\/\/news.google.com\/rss\/articles\/CBMi6gFBVV95cUxOcEVmN2FwMlVILVhBallTTWljektjOTBQd3NYZkoxNkd6Rll1NG5GV0JnaFllSUFtQnE0NlJqTVk1aFp6WkRCZTIxRVFOREE1UU85WFJKaGlzbU84UjRhYkM4NjNDTk45eFlPbVpjNlJaQUNaa1cydnYtd1UtdUFpVGtmdGQ5c2lqLXlMbExmVWFLOGprNWtTWHVFOF9nLUIyUXFUSmNydUp1dEJXVUJlamJFWjRJZ254Mm5kcHlJTE1NY0NTeUl3eWIzd044Y1l6MTk4bGhBOGU2aTV5VTBWSVIzWVl2N0pGdlE?oc=5\" target=\"_blank\" rel=\"nofollow noopener\">Allemagne : les vols suspendus pendant pr\u00e8s de deux heures \u00e0 l\u2019a\u00e9roport de Berlin apr\u00e8s une alerte aux drones<\/a>&nbsp;&nbsp;Le Figaro<\/li>\n<li><a href=\"https:\/\/news.google.com\/rss\/articles\/CBMi-AFBVV95cUxQYlhHYmtBZG4yRDNMU0NaU0tNVWlMVGgtYTZiMGRBV3R0MzFnMi1XdmswTkpiNkVQRVlFaFBEZmNTT0YzMmZhdEtDSWZXR0hOT0MwNDMydUc3U1oyYl8tWWJVVVRzMlhVTUk2eW80dUNFWEt6Y0hDaGdsUEdYSUlLN2pkWXlQN1NndG1aNjJYWmFNWXhuQ0pHQmZDTFhxSHZQcmtHaEczYWd3MEkzWmtMMzdTOWNQOUNhMnZMQ21nSEl3MHdmUmxOdzBvV0N0cmZQaWlVUG1MQnVxaWM1Z24zdmxHdENJUlVlUWh4RTRPRHczZXc2SVJXQw?oc=5\" target=\"_blank\" rel=\"nofollow noopener\">L\u2019a\u00e9roport de Berlin suspend ses vols pendant deux heures en raison d\u2019une alerte aux drones<\/a>&nbsp;&nbsp;Le Monde.fr<\/li>\n<li><a href=\"https:\/\/news.google.com\/rss\/articles\/CBMihgJBVV95cUxNQ2p4UjZwN0xvMi1fcGtnOGZTbndBaE9lbWZPM2pXTTc5by1WZ1VVZzhxODRXWnVTTkxWMHAtSVQzbXlkUVFyYnJqQ3ZmSjZiaG1ab3FSNVl2OEluRk83MjBfVlQza0xoajhGaXo1V0tPNDZ0cUgwSm1zVWIxZ2JDSHVFbnN2bzNTNkZ1akoxQ3hfS1VGRE5kU3FDdDdmd1loY3BXR0tOZGs4S3M2WEJVZFBuYTREN0dvaW5MTkJfUUQzVUxaVjlFbnBNUGstUVd3S1poT2VJYXNUUXpDQnVjYkRsZExfLV9lc0RsOG1RYWRVVk9MbV9zaTJzLUR6OVB6T0thSmtR?oc=5\" target=\"_blank\" rel=\"nofollow noopener\">Alerte aux drones \u00e0 l\u2019a\u00e9roport de Berlin : les vols suspendus pendant pr\u00e8s de deux heures<\/a>&nbsp;&nbsp;Ouest-France<\/li>\n<li><a href=\"https:\/\/news.google.com\/rss\/articles\/CBMi7gFBVV95cUxPcGZDaVNyclhNcnU2azU0SFFoY3B0QVkxNEJ2QmphODlWLTRoNkZfNzh2aE8wQklfblVfQThZZnJRa1VwbjBNaHJiakpoMlZZMlZoS3ZqbHRxeTNlTXNFQlRYSlpmSHpYZmJXdThEeUNLVHY1c2RtZHV1ektvbkh5U19zZ0hDQlBLeEQ4b1plLTBSNW1hOUJrOXJqU3NZTC1fc1ZjT0ZGNXRWVHdqVExMeXkxX0xWVkViZTM5cmw4RUJxNDhWTk5CaUE0eGVicjBZSGI2OWtFZGRYbmg3aGRCVUl4WjdhN0lUUGloWGdn?oc=5\" target=\"_blank\" rel=\"nofollow noopener\">Alerte aux drones : le trafic a\u00e9rien temporairement suspendu \u00e0 l\u2019a\u00e9roport de Berlin<\/a>&nbsp;&nbsp;Le Parisien<\/li>\n<li><a href=\"https:\/\/news.google.com\/rss\/articles\/CBMi3wFBVV95cUxNcnNaNVhBTmRjZ1FrVnh4SmdSU2RuMzVzdDAzQlVZOGVySEk4NWlTMkZrT3N1NFlzMVBLeGF6bkxnRjM2TEZ1MHctSHBUVVVIOWJHSG1rbFdZZEd5WDJUd3kzQy1qNTZkYU8yYVVEZlVWdk1peTJJWk1KMHpGRFZaXzZvRjFOY3oxLUVfaTduYXZKTVdsS1N0SzRiMV9INzNqR3liZk9jT2J2U1hfa0FUb1FDX0tSR1B4ZEJiTHlWQUdXbGRDSGpxaWpmT2FsWVNwZ2l3ME1reXJsMGs5RWU4?oc=5\" target=\"_blank\" rel=\"nofollow noopener\">L\u2019a\u00e9roport de Berlin suspend les vols apr\u00e8s la d\u00e9tection de drones<\/a>&nbsp;&nbsp;20 Minutes<\/li>\n<\/ol>\n","protected":false},"excerpt":{"rendered":"Allemagne : les vols suspendus pendant pr\u00e8s de deux heures \u00e0 l\u2019a\u00e9roport de Berlin apr\u00e8s une alerte aux&hellip;\n","protected":false},"author":2,"featured_media":503557,"comment_status":"","ping_status":"","sticky":false,"template":"","format":"standard","meta":{"footnotes":""},"categories":[5],"tags":[11,663,1898,564,1011,27,14,12,28],"class_list":{"0":"post-503556","1":"post","2":"type-post","3":"status-publish","4":"format-standard","5":"has-post-thumbnail","7":"category-international","8":"tag-actualites","9":"tag-aeroport","10":"tag-berlin","11":"tag-drone","12":"tag-fr","13":"tag-france","14":"tag-international","15":"tag-news","16":"tag-world"},"share_on_mastodon":{"url":"https:\/\/pubeurope.com\/@fr\/115472034990898876","error":""},"_links":{"self":[{"href":"https:\/\/www.europesays.com\/fr\/wp-json\/wp\/v2\/posts\/503556","targetHints":{"allow":["GET"]}}],"collection":[{"href":"https:\/\/www.europesays.com\/fr\/wp-json\/wp\/v2\/posts"}],"about":[{"href":"https:\/\/www.europesays.com\/fr\/wp-json\/wp\/v2\/types\/post"}],"author":[{"embeddable":true,"href":"https:\/\/www.europesays.com\/fr\/wp-json\/wp\/v2\/users\/2"}],"replies":[{"embeddable":true,"href":"https:\/\/www.europesays.com\/fr\/wp-json\/wp\/v2\/comments?post=503556"}],"version-history":[{"count":0,"href":"https:\/\/www.europesays.com\/fr\/wp-json\/wp\/v2\/posts\/503556\/revisions"}],"wp:featuredmedia":[{"embeddable":true,"href":"https:\/\/www.europesays.com\/fr\/wp-json\/wp\/v2\/media\/503557"}],"wp:attachment":[{"href":"https:\/\/www.europesays.com\/fr\/wp-json\/wp\/v2\/media?parent=503556"}],"wp:term":[{"taxonomy":"category","embeddable":true,"href":"https:\/\/www.europesays.com\/fr\/wp-json\/wp\/v2\/categories?post=503556"},{"taxonomy":"post_tag","embeddable":true,"href":"https:\/\/www.europesays.com\/fr\/wp-json\/wp\/v2\/tags?post=503556"}],"curies":[{"name":"wp","href":"https:\/\/api.w.org\/{rel}","templated":true}]}}