{"id":503558,"date":"2025-11-01T02:16:11","date_gmt":"2025-11-01T02:16:11","guid":{"rendered":"https:\/\/www.europesays.com\/fr\/503558\/"},"modified":"2025-11-01T02:16:11","modified_gmt":"2025-11-01T02:16:11","slug":"mort-de-tcheky-karyo-acteur-connu-pour-ses-roles-dans-nikita-et-lours-a-lage-de-72-ans","status":"publish","type":"post","link":"https:\/\/www.europesays.com\/fr\/503558\/","title":{"rendered":"Mort de Tch\u00e9ky Karyo, acteur connu pour ses r\u00f4les dans \u00ab\u00a0Nikita\u00a0\u00bb et \u00ab\u00a0L\u2019Ours\u00a0\u00bb, \u00e0 l\u2019\u00e2ge de 72\u00a0ans"},"content":{"rendered":"<p>        <img decoding=\"async\" loading=\"lazy\" src=\"https:\/\/www.europesays.com\/fr\/wp-content\/uploads\/2025\/11\/b0ed2ee_upload-1-asqvyxuhhbej-afp-20150617-par8202616-v1-midres-monacotvfestival.jpg\"  width=\"728\" height=\"410\" alt=\"L\u2019acteur Tch\u00e9ky Karyo, ici au 55e Festival de t\u00e9l\u00e9vision de Monte-Carlo en 2015, est d\u00e9c\u00e9d\u00e9 ce vendredi 31\u00a0octobre.\"\/>  <\/p>\n<p>VALERY HACHE \/ AFP<\/p>\n<p>L\u2019acteur Tch\u00e9ky Karyo, ici au 55e Festival de t\u00e9l\u00e9vision de Monte-Carlo en 2015, est d\u00e9c\u00e9d\u00e9 ce vendredi 31\u00a0octobre.<\/p>\n<p class=\"asset asset-text\">CULTURE &#8211; Un visage carr\u00e9, un talent pour les r\u00f4les sombres\u00a0: une star du<a href=\"https:\/\/www.huffingtonpost.fr\/culture\/article\/dans-l-industrie-du-cinema-francais-les-scenaristes-obtiennent-un-accord-majeur_256049.html\" target=\"_blank\" rel=\"noopener\"> cin\u00e9ma fran\u00e7ais<\/a> et international s\u2019en est all\u00e9e. L\u2019acteur et com\u00e9dien de th\u00e9\u00e2tre Tch\u00e9ky Karyo, qui a jou\u00e9 dans environ 80 films dont\u00a0L\u2019Ours de Jean-Jacques Annaud et\u00a0Nikita\u00a0de<a href=\"https:\/\/www.huffingtonpost.fr\/people\/article\/l-emotion-de-luc-besson-face-a-des-images-d-archives-de-bruce-willis-actuellement-tres-malade_251888.html\" target=\"_blank\" rel=\"noopener\"> Luc Besson<\/a>, est d\u00e9c\u00e9d\u00e9 ce vendredi 31\u00a0octobre \u00e0 l\u2019\u00e2ge de 72\u00a0ans, a annonc\u00e9 \u00e0 l\u2019AFP son agente \u00c9lisabeth Tanner.<\/p>\n<p class=\"asset asset-text\">\u00ab\u00a0Val\u00e9rie Keruzor\u00e9, son \u00e9pouse, et leurs enfants ont la douleur de faire part de la disparition de Tch\u00e9ky Karyo emport\u00e9 par un cancer\u00a0\u00bb, indique un communiqu\u00e9 de sa famille transmis \u00e0 l\u2019AFP.<\/p>\n<p class=\"asset asset-text\">N\u00e9 \u00e0 Istanbul en 1953, Tch\u00e9ky Karyo s\u2019\u00e9tait fait conna\u00eetre du grand public \u00e0 la fin des ann\u00e9es 1980 en tenant le premier r\u00f4le dans L\u2019Ours, grand succ\u00e8s en salles avec pr\u00e8s de neuf millions d\u2019entr\u00e9es, o\u00f9 il campait un chasseur de plantigrades pris de remords. En 1990, le com\u00e9dien au regard per\u00e7ant avait encha\u00een\u00e9 avec un autre succ\u00e8s en jouant le r\u00f4le ambigu de l\u2019agent recruteur de Nikita, redoutable tueuse \u00e0 gage incarn\u00e9e par Anne Parillaud devant la cam\u00e9ra de Luc Besson.<\/p>\n<p>    Polyglotte, il s\u2019illustre aussi \u00e0 l\u2019international    <\/p>\n<p class=\"asset asset-text\">Celui qui a commenc\u00e9 sa carri\u00e8re sur les planches avant de se lancer au cin\u00e9ma s\u2019est d\u2019abord illustr\u00e9 en 1982 devant la cam\u00e9ra de Chantal Akerman pour Toute une nuit ou encore devant celle d\u2019\u00c9ric Rohmer en 1984 dans Les Nuits de la pleine lune. Mais aussi plus tard dans les films de Jan Kounen (Doberman, 1997), de Jean-Pierre Jeunet (Le Fabuleux destin d\u2019Am\u00e9lie Poulain\u00a0\u00bb, 2001) ou encore d\u2019Olivier Marchal (Les Lyonnais, 2011).<\/p>\n<p class=\"asset asset-text\">Polyglotte ma\u00eetrisant le fran\u00e7ais, l\u2019anglais, l\u2019espagnol et l\u2019arabe, Tch\u00e9ky Karyo faisait \u00e9galement r\u00e9guli\u00e8rement office de second couteau \u00e0 Hollywood, notamment dans James Bond Golden Eye (Campbell, 1995), 1492\u00a0: Christophe Colomb de\u00a0Ridley Scott ou encore dans Bad Boys de Michael Bay.<\/p>\n<p class=\"asset asset-text\">Tch\u00e9ky Karyo a donc \u00e9galement eu une longue carri\u00e8re sur les planches et s\u2019\u00e9tait notamment produit au Festival d\u2019Avignon au d\u00e9but des ann\u00e9es 1980. \u00ab\u00a0Ce m\u00e9tier m\u2019a aid\u00e9 \u00e0 devenir un homme meilleur. L\u2019art dramatique est un moyen d\u2019aller sur un espace r\u00e9serv\u00e9 et magique dans lequel on entre en compagnie d\u2019autres personnes qui ont besoin aussi de cette pulsion et peut-\u00eatre de prendre du recul par rapport \u00e0 eux-m\u00eames\u00a0\u00bb, d\u00e9clarait-il en 2017 dans les colonnes du journal <a href=\"https:\/\/www.midilibre.fr\/2025\/10\/31\/mort-de-tcheky-karyo-lacteur-de-lours-et-belle-et-sebastien-est-decede-a-lage-de-72-ans-13026496.php\" target=\"_blank\" rel=\"noopener\" title=\"Nouvelle fen\u00eatre\">Midi Libre<\/a>.<\/p>\n","protected":false},"excerpt":{"rendered":"VALERY HACHE \/ AFP L\u2019acteur Tch\u00e9ky Karyo, ici au 55e Festival de t\u00e9l\u00e9vision de Monte-Carlo en 2015, est&hellip;\n","protected":false},"author":2,"featured_media":503559,"comment_status":"","ping_status":"","sticky":false,"template":"","format":"standard","meta":{"footnotes":""},"categories":[4],"tags":[253,11,8900,251,2081,1011,27,2137,4849,12,25],"class_list":{"0":"post-503558","1":"post","2":"type-post","3":"status-publish","4":"format-standard","5":"has-post-thumbnail","7":"category-france","8":"tag-acteur","9":"tag-actualites","10":"tag-cinema-francais","11":"tag-culture","12":"tag-film","13":"tag-fr","14":"tag-france","15":"tag-hollywood","16":"tag-morts-en-2025","17":"tag-news","18":"tag-republique-francaise"},"share_on_mastodon":{"url":"https:\/\/pubeurope.com\/@fr\/115472039418131377","error":""},"_links":{"self":[{"href":"https:\/\/www.europesays.com\/fr\/wp-json\/wp\/v2\/posts\/503558","targetHints":{"allow":["GET"]}}],"collection":[{"href":"https:\/\/www.europesays.com\/fr\/wp-json\/wp\/v2\/posts"}],"about":[{"href":"https:\/\/www.europesays.com\/fr\/wp-json\/wp\/v2\/types\/post"}],"author":[{"embeddable":true,"href":"https:\/\/www.europesays.com\/fr\/wp-json\/wp\/v2\/users\/2"}],"replies":[{"embeddable":true,"href":"https:\/\/www.europesays.com\/fr\/wp-json\/wp\/v2\/comments?post=503558"}],"version-history":[{"count":0,"href":"https:\/\/www.europesays.com\/fr\/wp-json\/wp\/v2\/posts\/503558\/revisions"}],"wp:featuredmedia":[{"embeddable":true,"href":"https:\/\/www.europesays.com\/fr\/wp-json\/wp\/v2\/media\/503559"}],"wp:attachment":[{"href":"https:\/\/www.europesays.com\/fr\/wp-json\/wp\/v2\/media?parent=503558"}],"wp:term":[{"taxonomy":"category","embeddable":true,"href":"https:\/\/www.europesays.com\/fr\/wp-json\/wp\/v2\/categories?post=503558"},{"taxonomy":"post_tag","embeddable":true,"href":"https:\/\/www.europesays.com\/fr\/wp-json\/wp\/v2\/tags?post=503558"}],"curies":[{"name":"wp","href":"https:\/\/api.w.org\/{rel}","templated":true}]}}