{"id":503560,"date":"2025-11-01T02:17:13","date_gmt":"2025-11-01T02:17:13","guid":{"rendered":"https:\/\/www.europesays.com\/fr\/503560\/"},"modified":"2025-11-01T02:17:13","modified_gmt":"2025-11-01T02:17:13","slug":"nrj-music-awards-2025-non-merci-helena-bailly-met-un-vent-a-ahmed-sylla-au-moment-de-recuperer-son-prix","status":"publish","type":"post","link":"https:\/\/www.europesays.com\/fr\/503560\/","title":{"rendered":"NRJ Music Awards 2025 : \u00ab\u00a0Non merci !\u00a0\u00bb, H\u00e9l\u00e9na Bailly met un vent \u00e0 Ahmed Sylla au moment de r\u00e9cup\u00e9rer son prix"},"content":{"rendered":"<p>      R\u00e9sum\u00e9<\/p>\n<p>H\u00e9l\u00e9na Bailly a remport\u00e9 un prix aux NRJ Music Awards 2025 et, sur sc\u00e8ne, elle a gentiment repouss\u00e9 la proposition humoristique d\u2019Ahmed Sylla lors de son discours de remerciement.<\/p>\n<p>        Sommaire<\/p>\n<p>Comment ne pouvait-elle pas remporter un prix tant l\u2019ann\u00e9e 2025 a \u00e9t\u00e9 SON ann\u00e9e, tout comme la 2024. <a href=\"https:\/\/www.public.fr\/tag\/helena-bailly\" rel=\"nofollow noopener\" target=\"_blank\">H\u00e9l\u00e9na Bailly<\/a> a mis tout le monde d\u2019accord avec ses nombreux titres mais notamment le morceau <strong>Mauvais Gar\u00e7on<\/strong> qui cumule plus de 50 millions d\u2019\u00e9coutes sur Spotify.<\/p>\n<p>C\u2019est pourquoi, sans surprise, l\u2019ancienne candidate de la <strong>Star Academy<\/strong> figure dans plusieurs cat\u00e9gories ce vendredi 31 octobre 2025 \u00e0 l\u2019occasion de la 27e \u00e9dition des NRJ Music Awards. Si elle est en lice pour la chanson de l\u2019ann\u00e9e, elle figurait aussi dans la cat\u00e9gorie artiste f\u00e9minine francophone et a pris le dessus sur ses \u00ab\u00a0rivales\u00a0\u00bb.<\/p>\n<p>Ahmed Sylla, hilarant pour pr\u00e9senter les candidates de la cat\u00e9gorie artiste f\u00e9minine francophone<\/p>\n<p>En effet, aux alentours de 22 heures, apr\u00e8s d\u00e9j\u00e0 plusieurs prix remis et sa chanson interpr\u00e9t\u00e9e sur la sc\u00e8ne du Palais des Festivals, H\u00e9l\u00e9na Bailly a eu droit \u00e0 sa r\u00e9compense. <strong>Pour lui remettre le troph\u00e9e, Ahmed Sylla <\/strong>s\u2019est avanc\u00e9 sur sc\u00e8ne et a pr\u00e9sent\u00e9 les candidats en lice dans la cat\u00e9gorie en question.<\/p>\n<p><a href=\"https:\/\/www.public.fr\/ahmed-sylla-croise-natalie-portman-dans-une-salle-de-cinema-francaise-et-le-coup-de-foudre-est-immediat\" rel=\"nofollow noopener\" target=\"_blank\">L\u2019humoriste<\/a> s\u2019est octroy\u00e9 quelques minutes pour pr\u00e9senter les chanteuses qui avaient le plus de chances de remporter le prix. De Aya Nakamura \u00e0 Charlotte Cardin, en passant par <a href=\"https:\/\/vsd.fr\/tag\/vanessa-paradis\/\" rel=\"nofollow noopener\" target=\"_blank\">Vanessa Paradis<\/a> et <a href=\"https:\/\/www.public.fr\/tag\/louane\" rel=\"nofollow noopener\" target=\"_blank\">Louane<\/a>, ou encore, comme \u00e9voqu\u00e9, H\u00e9l\u00e9na Bailly.<\/p>\n<p>Et c\u2019est bel et bien la Belge qui a eu droit \u00e0 la r\u00e9compense gr\u00e2ce \u00e0 son titre <strong>Mauvais Gar\u00e7on<\/strong>. Un prix qui l\u2019a profond\u00e9ment \u00e9mu comme les t\u00e9l\u00e9spectateurs ont pu le lire sur son visage au moment o\u00f9 elle s\u2019avan\u00e7ait sur sc\u00e8ne pour recevoir son prix des mains d\u2019Ahmed Sylla.<\/p>\n<p>H\u00e9l\u00e9na Bailly recadre gentiment l&rsquo;humoriste<\/p>\n<p>Ce dernier, apr\u00e8s l\u2019avoir aid\u00e9e \u00e0 monter sur sc\u00e8ne, s\u2019est d\u2019ailleurs permis une petite blague lui valant un \u00ab\u00a0vent\u00a0\u00bb plut\u00f4t mignon de la part de <a href=\"https:\/\/www.public.fr\/pas-tres-sympa-helene-segara-garde-un-souvenir-amer-de-son-duo-avec-helena-a-la-star-academy\" rel=\"nofollow noopener\" target=\"_blank\">l\u2019ancienne candidate de la <strong>Star Academy.\u00a0<\/strong><\/a><\/p>\n<p>\u00ab\u00a0<strong>C\u2019est ton moment. Tu prends ton temps, profite, on a la soir\u00e9e\u00a0\u00bb<\/strong>, l\u2019a pr\u00e9venue l\u2019humoriste avant qu\u2019H\u00e9l\u00e9na Bailly ne lui r\u00e9ponde, en r\u00e9f\u00e9rence \u00e0 son sketch quelques minutes auparavant : \u00ab\u00a0Je ne vais pas faire aussi long que toi, mais merci \u00e0 vous\u00a0\u00bb, a-t-elle r\u00e9pondu.\u00a0<\/p>\n<p>Toujours sur sc\u00e8ne aux c\u00f4t\u00e9s de la gagnante, Ahmed Sylla a alors propos\u00e9 : <strong>\u00ab\u00a0Tu veux. Tu veux qu&rsquo;on chante ?\u00a0\u00bb. \u00ab\u00a0Non, merci. Non merci\u00a0\u00bb<\/strong>, lui a alors lanc\u00e9 l\u2019artiste belge avec beaucoup d\u2019humour, contraignant l\u2019humoriste \u00e0 se mettre en retrait et laisser H\u00e9l\u00e9na poursuivre son discours de remerciement.\u00a0<\/p>\n<p>\n          Hits &amp; People en continu\n        <\/p>\n<p>\n          Public Radio\n        <\/p>\n<p>      Mentionn\u00e9s dans cet article<\/p>\n<p>      Sur le m\u00eame sujet<\/p>\n","protected":false},"excerpt":{"rendered":"R\u00e9sum\u00e9 H\u00e9l\u00e9na Bailly a remport\u00e9 un prix aux NRJ Music Awards 2025 et, sur sc\u00e8ne, elle a gentiment&hellip;\n","protected":false},"author":2,"featured_media":503561,"comment_status":"","ping_status":"","sticky":false,"template":"","format":"standard","meta":{"footnotes":""},"categories":[2],"tags":[11,62582,1011,27,5098,12,22726],"class_list":{"0":"post-503560","1":"post","2":"type-post","3":"status-publish","4":"format-standard","5":"has-post-thumbnail","7":"category-actualites","8":"tag-actualites","9":"tag-ahmed-sylla","10":"tag-fr","11":"tag-france","12":"tag-helena-bailly","13":"tag-news","14":"tag-nrj-music-awards"},"share_on_mastodon":{"url":"https:\/\/pubeurope.com\/@fr\/115472042830039495","error":""},"_links":{"self":[{"href":"https:\/\/www.europesays.com\/fr\/wp-json\/wp\/v2\/posts\/503560","targetHints":{"allow":["GET"]}}],"collection":[{"href":"https:\/\/www.europesays.com\/fr\/wp-json\/wp\/v2\/posts"}],"about":[{"href":"https:\/\/www.europesays.com\/fr\/wp-json\/wp\/v2\/types\/post"}],"author":[{"embeddable":true,"href":"https:\/\/www.europesays.com\/fr\/wp-json\/wp\/v2\/users\/2"}],"replies":[{"embeddable":true,"href":"https:\/\/www.europesays.com\/fr\/wp-json\/wp\/v2\/comments?post=503560"}],"version-history":[{"count":0,"href":"https:\/\/www.europesays.com\/fr\/wp-json\/wp\/v2\/posts\/503560\/revisions"}],"wp:featuredmedia":[{"embeddable":true,"href":"https:\/\/www.europesays.com\/fr\/wp-json\/wp\/v2\/media\/503561"}],"wp:attachment":[{"href":"https:\/\/www.europesays.com\/fr\/wp-json\/wp\/v2\/media?parent=503560"}],"wp:term":[{"taxonomy":"category","embeddable":true,"href":"https:\/\/www.europesays.com\/fr\/wp-json\/wp\/v2\/categories?post=503560"},{"taxonomy":"post_tag","embeddable":true,"href":"https:\/\/www.europesays.com\/fr\/wp-json\/wp\/v2\/tags?post=503560"}],"curies":[{"name":"wp","href":"https:\/\/api.w.org\/{rel}","templated":true}]}}