{"id":503562,"date":"2025-11-01T02:18:35","date_gmt":"2025-11-01T02:18:35","guid":{"rendered":"https:\/\/www.europesays.com\/fr\/503562\/"},"modified":"2025-11-01T02:18:35","modified_gmt":"2025-11-01T02:18:35","slug":"quand-france-tv-place-sainte-dans-le-sud-ouest","status":"publish","type":"post","link":"https:\/\/www.europesays.com\/fr\/503562\/","title":{"rendered":"Quand France TV place Saint\u00e9&#8230; dans le Sud-Ouest !"},"content":{"rendered":"<p><img decoding=\"async\" class=\"\" style=\"width:100%\" src=\"https:\/\/www.europesays.com\/fr\/wp-content\/uploads\/2025\/11\/PHOTO_TAUX1761816953273.png\" alt=\"G\u00e9ographie approximative.\"\/><\/p>\n<p>G\u00e9ographie approximative.<\/p>\n<p>Cr\u00e9dit : Capture d&rsquo;\u00e9cran.<\/p>\n<p>L&rsquo;image fait sourire. \u00c0 l&rsquo;occasion d&rsquo;un sujet sur l&rsquo;immobilier, dans son Journal T\u00e9l\u00e9vis\u00e9, France 2 a \u00e9videmment \u00e9voqu\u00e9 le cas st\u00e9phanois, avec des prix en dessous des villes de m\u00eame taille en France. Petit couac, ce n&rsquo;est pas trop la situation attractive de la capitale de la Loire qui a interpell\u00e9, mais plut\u00f4t sa situation g\u00e9ographique.<\/p>\n<p>En effet, dans l&rsquo;infographie, Saint\u00e9 quitte la Loire pour se retrouver quelque part entre P\u00e9rigueux et Agen. L&rsquo;oc\u00e9an Atlantique \u00e0 quelques dizaines de kilom\u00e8tres, mais le Pilat d\u00e9sormais si loin. Le pays de l&rsquo;ovalie \u00e0 la place du ballon rond. Merci France TV, mais \u00e0 la r\u00e9daction, on pr\u00e9f\u00e8re rester en Auvergne-Rh\u00f4ne-Alpes.<\/p>\n","protected":false},"excerpt":{"rendered":"G\u00e9ographie approximative. Cr\u00e9dit : Capture d&rsquo;\u00e9cran. L&rsquo;image fait sourire. \u00c0 l&rsquo;occasion d&rsquo;un sujet sur l&rsquo;immobilier, dans son Journal&hellip;\n","protected":false},"author":2,"featured_media":503563,"comment_status":"","ping_status":"","sticky":false,"template":"","format":"standard","meta":{"footnotes":""},"categories":[9653],"tags":[1111,11,2430,1777,674,1011,27,62583,62584,23779,230,1757,3367,12,25,4001],"class_list":{"0":"post-503562","1":"post","2":"type-post","3":"status-publish","4":"format-standard","5":"has-post-thumbnail","7":"category-saint-etienne","8":"tag-actu","9":"tag-actualites","10":"tag-auvergne-rhone-alpes","11":"tag-eu","12":"tag-europe","13":"tag-fr","14":"tag-france","15":"tag-france2","16":"tag-francetv","17":"tag-geographie","18":"tag-infographie","19":"tag-insolite","20":"tag-loire","21":"tag-news","22":"tag-republique-francaise","23":"tag-saint-etienne"},"share_on_mastodon":{"url":"https:\/\/pubeurope.com\/@fr\/115472047473717830","error":""},"_links":{"self":[{"href":"https:\/\/www.europesays.com\/fr\/wp-json\/wp\/v2\/posts\/503562","targetHints":{"allow":["GET"]}}],"collection":[{"href":"https:\/\/www.europesays.com\/fr\/wp-json\/wp\/v2\/posts"}],"about":[{"href":"https:\/\/www.europesays.com\/fr\/wp-json\/wp\/v2\/types\/post"}],"author":[{"embeddable":true,"href":"https:\/\/www.europesays.com\/fr\/wp-json\/wp\/v2\/users\/2"}],"replies":[{"embeddable":true,"href":"https:\/\/www.europesays.com\/fr\/wp-json\/wp\/v2\/comments?post=503562"}],"version-history":[{"count":0,"href":"https:\/\/www.europesays.com\/fr\/wp-json\/wp\/v2\/posts\/503562\/revisions"}],"wp:featuredmedia":[{"embeddable":true,"href":"https:\/\/www.europesays.com\/fr\/wp-json\/wp\/v2\/media\/503563"}],"wp:attachment":[{"href":"https:\/\/www.europesays.com\/fr\/wp-json\/wp\/v2\/media?parent=503562"}],"wp:term":[{"taxonomy":"category","embeddable":true,"href":"https:\/\/www.europesays.com\/fr\/wp-json\/wp\/v2\/categories?post=503562"},{"taxonomy":"post_tag","embeddable":true,"href":"https:\/\/www.europesays.com\/fr\/wp-json\/wp\/v2\/tags?post=503562"}],"curies":[{"name":"wp","href":"https:\/\/api.w.org\/{rel}","templated":true}]}}