{"id":503565,"date":"2025-11-01T02:20:30","date_gmt":"2025-11-01T02:20:30","guid":{"rendered":"https:\/\/www.europesays.com\/fr\/503565\/"},"modified":"2025-11-01T02:20:30","modified_gmt":"2025-11-01T02:20:30","slug":"edouard-philippe-en-visite-a-nancy-ce-mardi-voici-son-programme","status":"publish","type":"post","link":"https:\/\/www.europesays.com\/fr\/503565\/","title":{"rendered":"\u00c9douard Philippe en visite \u00e0 Nancy ce mardi : voici son programme"},"content":{"rendered":"<p>            Par<br \/>\n        <strong><br \/>\n            <a href=\"https:\/\/actu.fr\/auteur\/redaction-lorraine\" title=\"Consulter tous les articles de R\u00e9daction Lorraine\" target=\"_blank\" rel=\"noopener\">R\u00e9daction Lorraine<\/a><br \/>\n        <\/strong><\/p>\n<p>        Publi\u00e9 le<\/p>\n<p>            31 oct. 2025 \u00e0 15h37        <\/p>\n<p><a href=\"https:\/\/actu.fr\/tag\/edouard-philippe\" target=\"_blank\" rel=\"noopener\">\u00c9douard Philippe<\/a>, ancien premier ministre d\u2019<a href=\"https:\/\/actu.fr\/tag\/emmanuel-macron\" target=\"_blank\" rel=\"noopener\">Emmanuel Macron<\/a> et candidat \u00e0 l\u2019<strong>\u00e9lection pr\u00e9sidentielle de 2027<\/strong>, viendra \u00e0 <a href=\"https:\/\/actu.fr\/grand-est\/nancy_54395\" target=\"_blank\" rel=\"noopener\">Nancy<\/a> la semaine prochaine, mardi 4\u00a0novembre.<\/p>\n<p class=\" wall-content\">On vous explique pourquoi le chef du parti Horizons, qui avait appel\u00e9 <a href=\"https:\/\/actu.fr\/normandie\/le-havre_76351\/un-jeu-politique-affligeant-edouard-philippe-tacle-emmanuel-macron-et-demande-une-presidentielle-anticipee_63264115.html\" target=\"_blank\" rel=\"noopener\">le pr\u00e9sident de la R\u00e9publique \u00e0 d\u00e9missionner<\/a>, sera en d\u00e9placement dans la cit\u00e9 ducale.<\/p>\n<p>Une visite en parrain de promo<\/p>\n<p class=\" wall-content\">Le maire du Havre ne viendra pas pour faire campagne. Nomm\u00e9 parrain de la promotion du dipl\u00f4me universitaire \u00ab\u2009S\u00e9curit\u00e9 int\u00e9rieure\u2009\u00bb et du master 2 \u00ab\u2009Droit et m\u00e9tiers de la s\u00e9curit\u00e9 int\u00e9rieure\u2009\u00bb, \u00c9douard Philippe viendra \u00e0 la rencontre des \u00e9tudiants dipl\u00f4m\u00e9s en 2025 de la facult\u00e9 de droit de l\u2019<a href=\"https:\/\/actu.fr\/tag\/universite-de-lorraine\" target=\"_blank\" rel=\"noopener\">Universit\u00e9 de Lorraine<\/a>, \u00e0 Nancy.<\/p>\n<p class=\" wall-content\">Un moment qui lui permettra de remettre\u00a0leur dipl\u00f4me aux \u00e9tudiants de licence et de master, et d\u2019\u00e9changer avec eux et les professeurs.<\/p>\n<p class=\" wall-content\"><strong>Par Elyse Jacquemart<\/strong><\/p>\n<p class=\" wall-content\">Personnalisez votre actualit\u00e9 en ajoutant vos villes et m\u00e9dias en favori avec <a href=\"https:\/\/moncompte.actu.fr\" title=\"D\u00e9couvez Mon Actu\" rel=\"nofollow noopener\" data-trk=\"{&quot;cta&quot;:{&quot;action&quot;:&quot;https:\\\/\\\/moncompte.actu.fr&quot;,&quot;category&quot;:&quot;mon compte&quot;,&quot;from&quot;:&quot;article footer&quot;,&quot;name&quot;:&quot;Mon actu&quot;,&quot;type&quot;:&quot;cta&quot;}}\" target=\"_blank\">Mon Actu<\/a>.<\/p>\n","protected":false},"excerpt":{"rendered":"Par R\u00e9daction Lorraine Publi\u00e9 le 31 oct. 2025 \u00e0 15h37 \u00c9douard Philippe, ancien premier ministre d\u2019Emmanuel Macron et&hellip;\n","protected":false},"author":2,"featured_media":503566,"comment_status":"","ping_status":"","sticky":false,"template":"","format":"standard","meta":{"footnotes":""},"categories":[9635],"tags":[1111,11,3080,1777,674,1011,27,775,1702,12,316,25,56012],"class_list":{"0":"post-503565","1":"post","2":"type-post","3":"status-publish","4":"format-standard","5":"has-post-thumbnail","7":"category-nancy","8":"tag-actu","9":"tag-actualites","10":"tag-edouard-philippe","11":"tag-eu","12":"tag-europe","13":"tag-fr","14":"tag-france","15":"tag-grand-est","16":"tag-nancy","17":"tag-news","18":"tag-politique","19":"tag-republique-francaise","20":"tag-universite-de-lorraine"},"share_on_mastodon":{"url":"https:\/\/pubeurope.com\/@fr\/115472054609716793","error":""},"_links":{"self":[{"href":"https:\/\/www.europesays.com\/fr\/wp-json\/wp\/v2\/posts\/503565","targetHints":{"allow":["GET"]}}],"collection":[{"href":"https:\/\/www.europesays.com\/fr\/wp-json\/wp\/v2\/posts"}],"about":[{"href":"https:\/\/www.europesays.com\/fr\/wp-json\/wp\/v2\/types\/post"}],"author":[{"embeddable":true,"href":"https:\/\/www.europesays.com\/fr\/wp-json\/wp\/v2\/users\/2"}],"replies":[{"embeddable":true,"href":"https:\/\/www.europesays.com\/fr\/wp-json\/wp\/v2\/comments?post=503565"}],"version-history":[{"count":0,"href":"https:\/\/www.europesays.com\/fr\/wp-json\/wp\/v2\/posts\/503565\/revisions"}],"wp:featuredmedia":[{"embeddable":true,"href":"https:\/\/www.europesays.com\/fr\/wp-json\/wp\/v2\/media\/503566"}],"wp:attachment":[{"href":"https:\/\/www.europesays.com\/fr\/wp-json\/wp\/v2\/media?parent=503565"}],"wp:term":[{"taxonomy":"category","embeddable":true,"href":"https:\/\/www.europesays.com\/fr\/wp-json\/wp\/v2\/categories?post=503565"},{"taxonomy":"post_tag","embeddable":true,"href":"https:\/\/www.europesays.com\/fr\/wp-json\/wp\/v2\/tags?post=503565"}],"curies":[{"name":"wp","href":"https:\/\/api.w.org\/{rel}","templated":true}]}}