{"id":50359,"date":"2025-04-24T23:27:09","date_gmt":"2025-04-24T23:27:09","guid":{"rendered":"https:\/\/www.europesays.com\/fr\/50359\/"},"modified":"2025-04-24T23:27:09","modified_gmt":"2025-04-24T23:27:09","slug":"exclu-laeticia-hallyday-plombee-par-les-dettes-de-johnny-decision-radicale-pour-sa-maison-de-marnes-la-coquette","status":"publish","type":"post","link":"https:\/\/www.europesays.com\/fr\/50359\/","title":{"rendered":"EXCLU. Laeticia Hallyday plomb\u00e9e par les dettes de Johnny : d\u00e9cision radicale pour sa maison de Marnes-la-Coquette"},"content":{"rendered":"<p class=\"\" data-start=\"384\" data-end=\"925\">Pour Laeticia Hallyday,<br \/>\n<strong>la ruine n&rsquo;est pas loin<\/strong>. Depuis la <a href=\"https:\/\/www.closermag.fr\/people\/la-nuit-ou-johnny-est-mort-le-recit-bouleversant-de-ses-dernieres-heures-795592\" rel=\"nofollow noopener\" target=\"_blank\"><br \/>\nmort de Johnny<\/a>, sa veuve se d\u00e9bat avec les \u00e9normes dettes qu&rsquo;il<br \/>\nlui a laiss\u00e9es. Oblig\u00e9e de r\u00e9duire son train de vie, elle a tout<br \/>\ntent\u00e9 pour trouver un arrangement avec le fisc. En vain. Selon<br \/>\nL&rsquo;Inform\u00e9, la maman de<br \/>\nJade et Joy a essay\u00e9 \u00ab\u00a0d&rsquo;obtenir une ristourne\u00a0\u00bb financi\u00e8re<br \/>\npour que l&rsquo;administration \u00ab\u00a0oublie\u00a0\u00bb 9 millions d&rsquo;euros. En<br \/>\n2022, le minist\u00e8re de l&rsquo;\u00c9conomie lui avait \u00ab\u00a0fait cadeau\u00a0\u00bb de plus de<br \/>\n3 millions d&rsquo;euros si elle acceptait de ne pas contester son<br \/>\nredressement fiscal.<\/p>\n<p class=\"\" data-start=\"927\" data-end=\"1418\">Se disant incapable de<br \/>\nr\u00e9gler les 7,7 millions d&rsquo;euros restants, <a href=\"https:\/\/www.closermag.fr\/bio-people\/biographie-laeticia-hallyday-112340\" rel=\"nofollow noopener\" target=\"_blank\"><br \/>\nLaeticia Hallyday<\/a> s&rsquo;\u00e9tait pourvue en appel. Mais le tribunal a<br \/>\nestim\u00e9 qu&rsquo;elle n&rsquo;\u00e9tait <strong>\u00ab\u00a0pas dans la<br \/>\nmis\u00e8re\u00a0\u00bb<\/strong>. Elle va donc devoir s&rsquo;acquitter de ses<br \/>\ndettes, sauf si elle se lance dans un nouvel appel. L&rsquo;addition<br \/>\nreste en tout cas sal\u00e9e, car la veuve de Johnny a plusieurs fois<br \/>\naffirm\u00e9 ne pas rouler sur l&rsquo;or. Apr\u00e8s avoir perdu sa <a href=\"https:\/\/www.closermag.fr\/people\/johnny-et-laeticia-hallyday-a-quoi-ressemblait-leur-sublime-villa-a-pacific-palisades-3508953\" rel=\"nofollow noopener\" target=\"_blank\"><br \/>\nmaison de Pacific Palisades<\/a> dans les incendies de Los Angeles,<br \/>\nelle fait donc les fonds de tiroir.<\/p>\n<p data-start=\"927\" data-end=\"1418\"><img itemprop=\"thumbnailUrl\" decoding=\"async\" loading=\"lazy\" class=\"alignnone size-full wp-image-3539534 img-responsive\" src=\"https:\/\/www.europesays.com\/fr\/wp-content\/uploads\/2025\/04\/marnes-la-coquette.webp.webp\" alt=\"\" width=\"616\" height=\"431\"\/> \u00a9 Kretz<\/p>\n<p>Elle frappe fort avec<br \/>\nMarnes-la-Coquette<\/p>\n<p class=\"\" data-start=\"1420\" data-end=\"1898\">De passage en France<br \/>\npour retrouver son <a href=\"https:\/\/www.closermag.fr\/people\/exclu-laeticia-hallyday-en-couple-qui-est-frederic-son-nouveau-compagnon-3513547\" rel=\"nofollow noopener\" target=\"_blank\"><br \/>\ncompagnon Fr\u00e9d\u00e9ric<\/a>, Laeticia Hallyday a fait un d\u00e9tour par la<br \/>\nr\u00e9gion parisienne pour tenter (\u00e0 nouveau) de r\u00e9cup\u00e9rer de l&rsquo;argent<br \/>\net de se d\u00e9barrasser d\u2019un boulet financier qu&rsquo;elle tra\u00eene depuis<br \/>\n2018. Selon les informations de Closer, en effet, le couple s&rsquo;est discr\u00e8tement rendu \u00e0<br \/>\n<a href=\"https:\/\/www.closermag.fr\/people\/johnny-hallyday-avec-marnes-la-coquette-laeticia-sarrache-les-cheveux-et-ca-ne-va-pas-sarranger-3472581\" rel=\"nofollow noopener\" target=\"_blank\"><br \/>\nMarnes-la-Coquette<\/a>. La jeune cinquantenaire a fait visiter la<br \/>\nmaison o\u00f9 Johnny est mort \u00e0 son nouveau ch\u00e9ri, mais a surtout tent\u00e9<br \/>\n<strong>un bras de fer financier<\/strong>.<\/p>\n<p class=\"\" data-start=\"1900\" data-end=\"2416\">Car depuis des<br \/>\nann\u00e9es, elle peine \u00e0 vendre Marnes-la-Coquette. Oblig\u00e9e de s&rsquo;en<br \/>\ns\u00e9parer, <strong>elle a plusieurs fois revu le prix de cette maison<br \/>\n\u00e0 la baisse<\/strong>. Mais pour l&rsquo;instant, rien n&rsquo;y fait, et la<br \/>\ndemeure est toujours sur le march\u00e9. \u00c9paul\u00e9e par ses avocats, selon<br \/>\nnos informations, elle a d\u00e9cid\u00e9 de frapper fort. Laeticia Hallyday<br \/>\na en effet mandat\u00e9 deux agences immobili\u00e8res internationales pour<br \/>\nacc\u00e9l\u00e9rer la vente de cette maison de 1 000 m\u00b2. Peut-\u00eatre<br \/>\nauront-elles plus de chance que les autres agents<br \/>\nsp\u00e9cialis\u00e9s&#8230;<\/p>\n<p>Laeticia Hallyday et la \u00ab\u00a0dette fiscale vertigineuse\u00a0\u00bb de Johnny<\/p>\n<p class=\"\" data-start=\"2418\" data-end=\"2835\">Et m\u00eame la famille<br \/>\nKretz s\u2019y est cass\u00e9 les dents. \u00ab\u00a0Elle n\u2019est pas invendable. Elle<br \/>\na un charme fou, elle est bien plac\u00e9e. <strong>Il faut \u00eatre \u00e0 la<br \/>\nhauteur de Johnny<\/strong> pour acqu\u00e9rir cette propri\u00e9t\u00e9. C\u2019est<br \/>\ndifficile de mettre un prix sur un mus\u00e9e\u00a0\u00bb, assuraient les<br \/>\nfr\u00e8res stars de l&rsquo;immobilier de luxe dans Quotidien. Mise en vente en 2018 au prix de 26<br \/>\nmillions d\u2019euros, la propri\u00e9t\u00e9 avait \u00e9t\u00e9 \u00e9valu\u00e9e \u00e0 10,5 millions<br \/>\nd\u2019euros.<\/p>\n<p class=\"\" data-start=\"2837\" data-end=\"3269\">Financi\u00e8rement<br \/>\naccul\u00e9e, Laeticia Hallyday va pourtant peut-\u00eatre devoir brader La<br \/>\nSavannah. Car sans l&rsquo;argent de cette vente, difficile, voire<br \/>\nimpossible, pour elle d&rsquo;\u00e9ponger ses dettes. \u00ab\u00a0Une dette fiscale<br \/>\ncompliqu\u00e9e, vertigineuse, \u00e9norme, colossale\u00a0\u00bb, expliquait-elle<br \/>\nen 2023 sur BFMTV,<br \/>\n\u00e9voquant une somme globale d&rsquo;environ 30 millions d&rsquo;euros. La<br \/>\nplupart a d\u00e9j\u00e0 \u00e9t\u00e9 pay\u00e9e, mais il reste encore pr\u00e8s de 8 millions<br \/>\nd&rsquo;euros \u00e0 r\u00e9gler.<\/p>\n<p><strong>COMMENT ACHETER CLOSER ? Votre magazine est en vente \u00e0<br \/>\npartir du vendredi 25 avril 2025 chez votre marchand de journaux,<br \/>\nsur <a href=\"https:\/\/play.google.com\/store\/apps\/details?id=com.immanens.kioskmag&amp;hl=fr\" data-mrf-link=\"https:\/\/play.google.com\/store\/apps\/details?id=com.immanens.kioskmag&amp;hl=fr\" rel=\"nofollow noopener\" target=\"_blank\"><br \/>\nAndroid<\/a>,\u00a0<a href=\"https:\/\/apps.apple.com\/fr\/app\/closer-magazine\/id395501531\" data-mrf-link=\"https:\/\/apps.apple.com\/fr\/app\/closer-magazine\/id395501531\" rel=\"nofollow noopener\" target=\"_blank\">iPad<\/a>\u00a0et<br \/>\nsur\u00a0<a href=\"https:\/\/www.kiosquemag.com\/titres\/closer\/offres?utm_source=Closer&amp;utm_medium=article\" data-mrf-link=\"https:\/\/www.kiosquemag.com\/titres\/closer\/offres?utm_source=Closer&amp;utm_medium=article\" rel=\"nofollow noopener\" target=\"_blank\">KiosqueMag.<\/a><\/strong><\/p>\n","protected":false},"excerpt":{"rendered":"Pour Laeticia Hallyday, la ruine n&rsquo;est pas loin. Depuis la mort de Johnny, sa veuve se d\u00e9bat avec&hellip;\n","protected":false},"author":2,"featured_media":50360,"comment_status":"","ping_status":"","sticky":false,"template":"","format":"standard","meta":{"footnotes":""},"categories":[8],"tags":[548,58,59,1011,27,1304,7648,8414],"class_list":{"0":"post-50359","1":"post","2":"type-post","3":"status-publish","4":"format-standard","5":"has-post-thumbnail","7":"category-divertissement","8":"tag-article-simple","9":"tag-divertissement","10":"tag-entertainment","11":"tag-fr","12":"tag-france","13":"tag-johnny-hallyday","14":"tag-laeticia-hallyday","15":"tag-maisons-de-stars"},"share_on_mastodon":{"url":"https:\/\/pubeurope.com\/@fr\/114395535325636027","error":""},"_links":{"self":[{"href":"https:\/\/www.europesays.com\/fr\/wp-json\/wp\/v2\/posts\/50359","targetHints":{"allow":["GET"]}}],"collection":[{"href":"https:\/\/www.europesays.com\/fr\/wp-json\/wp\/v2\/posts"}],"about":[{"href":"https:\/\/www.europesays.com\/fr\/wp-json\/wp\/v2\/types\/post"}],"author":[{"embeddable":true,"href":"https:\/\/www.europesays.com\/fr\/wp-json\/wp\/v2\/users\/2"}],"replies":[{"embeddable":true,"href":"https:\/\/www.europesays.com\/fr\/wp-json\/wp\/v2\/comments?post=50359"}],"version-history":[{"count":0,"href":"https:\/\/www.europesays.com\/fr\/wp-json\/wp\/v2\/posts\/50359\/revisions"}],"wp:featuredmedia":[{"embeddable":true,"href":"https:\/\/www.europesays.com\/fr\/wp-json\/wp\/v2\/media\/50360"}],"wp:attachment":[{"href":"https:\/\/www.europesays.com\/fr\/wp-json\/wp\/v2\/media?parent=50359"}],"wp:term":[{"taxonomy":"category","embeddable":true,"href":"https:\/\/www.europesays.com\/fr\/wp-json\/wp\/v2\/categories?post=50359"},{"taxonomy":"post_tag","embeddable":true,"href":"https:\/\/www.europesays.com\/fr\/wp-json\/wp\/v2\/tags?post=50359"}],"curies":[{"name":"wp","href":"https:\/\/api.w.org\/{rel}","templated":true}]}}