{"id":503595,"date":"2025-11-01T02:41:30","date_gmt":"2025-11-01T02:41:30","guid":{"rendered":"https:\/\/www.europesays.com\/fr\/503595\/"},"modified":"2025-11-01T02:41:30","modified_gmt":"2025-11-01T02:41:30","slug":"la-compo-pour-le-deplacement-a-castres-actualites-union-bordeaux-begles-ubb-rugby","status":"publish","type":"post","link":"https:\/\/www.europesays.com\/fr\/503595\/","title":{"rendered":"La compo pour le d\u00e9placement \u00e0 Castres &#8211; Actualit\u00e9s &#8211; Union Bordeaux B\u00e8gles (UBB Rugby)"},"content":{"rendered":"<p>                    Dernier d\u00e9placement avant la tr\u00eave internationale pour nos girondins, qui joueront \u00e0 Castres ce samedi \u00e0 16h35 pour la\u00a09\u1d49 journ\u00e9e de TOP 14. D\u00e9couvrez la composition de l\u2019\u00e9quipe :<\/p>\n<p>Avec <strong>4 joueurs \u00ab\u00a0prot\u00e9g\u00e9s par le XV de France : Lucu, Bielle-Biarrey, Depoortere et Penaud <\/strong>notre \u00e9quipe se voit amput\u00e9e de plusieurs joueurs majeurs mais <strong>peut compter\u00a0en revanche sur Pierre Bochaton et Cameron Woki<\/strong> revenus de Marcoussis ce jeudi.<\/p>\n<p>Le XV de d\u00e9part conna\u00eet donc<strong> 7\u00a0changements<\/strong> par rapport \u00e0 l&rsquo;\u00e9quipe align\u00e9e face \u00e0 Bayonne le week-end dernier :\u00a0<\/p>\n<p>En premi\u00e8re ligne <strong>Matis Perchaud<\/strong> d\u00e9butera aux c\u00f4t\u00e9s de Max Lamothe et Carlu Sadie et fait glisser Jeff Poirot sur le banc. En seconde ligne, Boris Palu conserve sa place et formera l&rsquo;attelage avec <strong>Jonny Gray titulaire<\/strong> pour la 2e fois de la saison.\u00a0<\/p>\n<p>La 3e ligne reste elle inchang\u00e9e par rapport au match face \u00e0 Bayonne alors qu&rsquo;\u00e0 la charni\u00e8re <strong>Martin Page-Relo<\/strong> et<strong> Joey Carbery<\/strong> seront associ\u00e9s pour la 2e fois de la saison.<\/p>\n<p>Du c\u00f4t\u00e9 des trois-quarts, <strong>Rohan Janse Van Rensburg<\/strong> effectuera son retour au centre aux c\u00f4t\u00e9s de Pablo Uberti. Enfin, <strong>Arthur Reti\u00e8re<\/strong> et <strong>Romain Buros<\/strong> font leur retour dans l&rsquo;\u00e9quipe et seront accompagn\u00e9s de <strong>Salesi Rayasi<\/strong> dans le triangle arri\u00e8re.<\/p>\n<p><strong>Sur le banc<\/strong>, on notera la pr\u00e9sence\u00a0de<strong> Romain Gardrat,<\/strong> de retour apr\u00e8s une longue absence su blessure (genou).<\/p>\n<p><strong>\u00a0Bon match \u00e0 nos Bordeaux &amp; Blanc !\u00a0<\/strong><\/p>\n<p><img loading=\"lazy\" decoding=\"async\" src=\"https:\/\/www.europesays.com\/fr\/wp-content\/uploads\/2025\/11\/j9-coubb1.png\" alt=\"\" width=\"1200\" height=\"1200\"\/><\/p>\n","protected":false},"excerpt":{"rendered":"Dernier d\u00e9placement avant la tr\u00eave internationale pour nos girondins, qui joueront \u00e0 Castres ce samedi \u00e0 16h35 pour&hellip;\n","protected":false},"author":2,"featured_media":503596,"comment_status":"","ping_status":"","sticky":false,"template":"","format":"standard","meta":{"footnotes":""},"categories":[2817],"tags":[1111,47,11,4402,1997,4404,4401,4356,4400,4357,1983,1777,674,1011,27,1987,1114,2947,955,12,2219,4048,25,479,517,2858,478,4364,4403,1264],"class_list":{"0":"post-503595","1":"post","2":"type-post","3":"status-publish","4":"format-standard","5":"has-post-thumbnail","7":"category-bordeaux","8":"tag-actu","9":"tag-actualite","10":"tag-actualites","11":"tag-begles","12":"tag-bordeaux","13":"tag-chaban","14":"tag-challenge-cup","15":"tag-coronavirus","16":"tag-covid","17":"tag-covid-19","18":"tag-essai","19":"tag-eu","20":"tag-europe","21":"tag-fr","22":"tag-france","23":"tag-girondins","24":"tag-infos","25":"tag-lnr","26":"tag-match","27":"tag-news","28":"tag-nouvelle-aquitaine","29":"tag-presse","30":"tag-republique-francaise","31":"tag-rugby","32":"tag-sport","33":"tag-stade","34":"tag-top-14","35":"tag-ubb","36":"tag-union","37":"tag-victoire"},"share_on_mastodon":{"url":"https:\/\/pubeurope.com\/@fr\/115472137761097418","error":""},"_links":{"self":[{"href":"https:\/\/www.europesays.com\/fr\/wp-json\/wp\/v2\/posts\/503595","targetHints":{"allow":["GET"]}}],"collection":[{"href":"https:\/\/www.europesays.com\/fr\/wp-json\/wp\/v2\/posts"}],"about":[{"href":"https:\/\/www.europesays.com\/fr\/wp-json\/wp\/v2\/types\/post"}],"author":[{"embeddable":true,"href":"https:\/\/www.europesays.com\/fr\/wp-json\/wp\/v2\/users\/2"}],"replies":[{"embeddable":true,"href":"https:\/\/www.europesays.com\/fr\/wp-json\/wp\/v2\/comments?post=503595"}],"version-history":[{"count":0,"href":"https:\/\/www.europesays.com\/fr\/wp-json\/wp\/v2\/posts\/503595\/revisions"}],"wp:featuredmedia":[{"embeddable":true,"href":"https:\/\/www.europesays.com\/fr\/wp-json\/wp\/v2\/media\/503596"}],"wp:attachment":[{"href":"https:\/\/www.europesays.com\/fr\/wp-json\/wp\/v2\/media?parent=503595"}],"wp:term":[{"taxonomy":"category","embeddable":true,"href":"https:\/\/www.europesays.com\/fr\/wp-json\/wp\/v2\/categories?post=503595"},{"taxonomy":"post_tag","embeddable":true,"href":"https:\/\/www.europesays.com\/fr\/wp-json\/wp\/v2\/tags?post=503595"}],"curies":[{"name":"wp","href":"https:\/\/api.w.org\/{rel}","templated":true}]}}