{"id":503599,"date":"2025-11-01T02:43:16","date_gmt":"2025-11-01T02:43:16","guid":{"rendered":"https:\/\/www.europesays.com\/fr\/503599\/"},"modified":"2025-11-01T02:43:16","modified_gmt":"2025-11-01T02:43:16","slug":"a680-toulouse-fermee-dans-les-2-sens","status":"publish","type":"post","link":"https:\/\/www.europesays.com\/fr\/503599\/","title":{"rendered":"A680 Toulouse ferm\u00e9e dans les 2 sens"},"content":{"rendered":"<p itemprop=\"description\">\u00ad\u00c0 l&rsquo;est de Toulouse, les 4 nuits du lundi 3 novembre au vendredi 7 novembre, \u00e0 partir de 20h et au plus tard jusqu\u2019\u00e0 07h du matin, l&rsquo;autoroute A680, sera enti\u00e8rement ferm\u00e9e, dans les deux sens de circulation, pour effectuer des travaux d&rsquo;\u00e9largissement.<\/p>\n<p>        \u00ad\u00c0 l&rsquo;est de Toulouse, au plus tard jusqu\u2019\u00e0 07h du matin, l&rsquo;autoroute A680, est enti\u00e8rement ferm\u00e9e, dans les deux sens de circulation, pour permettre des travaux d&rsquo;\u00e9largissement. <\/p>\n<p>Depuis l\u2019A68, vous pouvez sortir \u00e0 Montastruc N\u00b03, puis emprunter le r\u00e9seau secondaire pour rejoindre Verfeil. <br \/>&#13;<br \/>\nDepuis Verfeil, empruntez le r\u00e9seau secondaire pour rejoindre l\u2019A68 \u00e0 L\u2019Union N\u00b01.<br \/>&#13;\n    <\/p>\n","protected":false},"excerpt":{"rendered":"\u00ad\u00c0 l&rsquo;est de Toulouse, les 4 nuits du lundi 3 novembre au vendredi 7 novembre, \u00e0 partir de&hellip;\n","protected":false},"author":2,"featured_media":503600,"comment_status":"","ping_status":"","sticky":false,"template":"","format":"standard","meta":{"footnotes":""},"categories":[2816],"tags":[46864,1111,11,1777,674,4069,1011,27,9865,12,24649,35025,2680,5537,378,25,4071,2312,6949],"class_list":{"0":"post-503599","1":"post","2":"type-post","3":"status-publish","4":"format-standard","5":"has-post-thumbnail","7":"category-toulouse","8":"tag-a680","9":"tag-actu","10":"tag-actualites","11":"tag-eu","12":"tag-europe","13":"tag-fermee","14":"tag-fr","15":"tag-france","16":"tag-lundi","17":"tag-news","18":"tag-novembre","19":"tag-nuits","20":"tag-occitanie","21":"tag-partir","22":"tag-plus","23":"tag-republique-francaise","24":"tag-sens","25":"tag-toulouse","26":"tag-vendredi"},"share_on_mastodon":{"url":"https:\/\/pubeurope.com\/@fr\/115472144973877681","error":""},"_links":{"self":[{"href":"https:\/\/www.europesays.com\/fr\/wp-json\/wp\/v2\/posts\/503599","targetHints":{"allow":["GET"]}}],"collection":[{"href":"https:\/\/www.europesays.com\/fr\/wp-json\/wp\/v2\/posts"}],"about":[{"href":"https:\/\/www.europesays.com\/fr\/wp-json\/wp\/v2\/types\/post"}],"author":[{"embeddable":true,"href":"https:\/\/www.europesays.com\/fr\/wp-json\/wp\/v2\/users\/2"}],"replies":[{"embeddable":true,"href":"https:\/\/www.europesays.com\/fr\/wp-json\/wp\/v2\/comments?post=503599"}],"version-history":[{"count":0,"href":"https:\/\/www.europesays.com\/fr\/wp-json\/wp\/v2\/posts\/503599\/revisions"}],"wp:featuredmedia":[{"embeddable":true,"href":"https:\/\/www.europesays.com\/fr\/wp-json\/wp\/v2\/media\/503600"}],"wp:attachment":[{"href":"https:\/\/www.europesays.com\/fr\/wp-json\/wp\/v2\/media?parent=503599"}],"wp:term":[{"taxonomy":"category","embeddable":true,"href":"https:\/\/www.europesays.com\/fr\/wp-json\/wp\/v2\/categories?post=503599"},{"taxonomy":"post_tag","embeddable":true,"href":"https:\/\/www.europesays.com\/fr\/wp-json\/wp\/v2\/tags?post=503599"}],"curies":[{"name":"wp","href":"https:\/\/api.w.org\/{rel}","templated":true}]}}