{"id":503601,"date":"2025-11-01T02:45:28","date_gmt":"2025-11-01T02:45:28","guid":{"rendered":"https:\/\/www.europesays.com\/fr\/503601\/"},"modified":"2025-11-01T02:45:28","modified_gmt":"2025-11-01T02:45:28","slug":"ce-qui-est-ferme-et-ce-qui-est-ouvert-a-lille-le-samedi-1er-novembre","status":"publish","type":"post","link":"https:\/\/www.europesays.com\/fr\/503601\/","title":{"rendered":"ce qui est ferm\u00e9 et ce qui est ouvert \u00e0 Lille le samedi 1er novembre"},"content":{"rendered":"<p>            Par<br \/>\n        <strong><br \/>\n            <a href=\"https:\/\/actu.fr\/auteur\/margot-nicodeme\" title=\"Consulter tous les articles de Margot Nicod\u00e8me\" target=\"_blank\" rel=\"noopener\">Margot Nicod\u00e8me<\/a><br \/>\n        <\/strong><\/p>\n<p>        Publi\u00e9 le<\/p>\n<p>            31 oct. 2025 \u00e0 16h00        <\/p>\n<p>On entame (d\u00e9j\u00e0) le second et dernier week-end des vacances de la Toussaint. Avec les <b>c\u00e9l\u00e9brations d\u2019<a href=\"https:\/\/actu.fr\/tag\/halloween\" target=\"_blank\" rel=\"noopener\">Halloween<\/a><\/b>, il sera bien entendu <a href=\"https:\/\/actu.fr\/hauts-de-france\/lille_59350\/bal-boum-nuit-terrible-films-dhorreur-que-faire-a-lille-et-autour-pour-feter-halloween_63325122.html\" target=\"_blank\" rel=\"noopener\">charg\u00e9 en \u00e9v\u00e9nements dans le Nord<\/a>, mais aussi marqu\u00e9 par <b>des fermetures exceptionnelles, 1er\u00a0novembre oblige<\/b>. On sait ce qu\u2019il en sera <a href=\"https:\/\/actu.fr\/hauts-de-france\/lille_59350\/metropole-de-lille-quels-magasins-seront-ouverts-pour-la-toussaint-samedi-1er-novembre_63367519.html\" target=\"_blank\" rel=\"noopener\">du c\u00f4t\u00e9 des magasins dans la m\u00e9tropole de Lille<\/a>, voici maintenant <b>le d\u00e9tail pour les mus\u00e9es, parcs et cimeti\u00e8res<\/b> \u00e0 <a href=\"https:\/\/actu.fr\/hauts-de-france\/lille_59350\" target=\"_blank\" rel=\"noopener\">Lille<\/a>.<\/p>\n<p>1er\u00a0novembre\u2009: ce qui est ferm\u00e9 \u00e0 Lille<\/p>\n<p class=\" wall-content\">C\u00f4t\u00e9 administration, l\u2019h\u00f4tel de ville de Lille et les mairies de quartier seront ferm\u00e9es. Sur le plan culturel, <b>le mus\u00e9e de l\u2019Hospice Comtesse<\/b> est lui aussi ferm\u00e9, tout comme <b>le palais des Beaux-arts<\/b>. Mais on pense bien \u00e0 reporter sa visite au lendemain dimanche\u2009: comme il s\u2019agit du premier dimanche du mois, les <a href=\"https:\/\/actu.fr\/hauts-de-france\/lille_59350\/bon-plan-les-musees-gratuits-a-lille-le-premier-dimanche-du-mois_60915664.html\" target=\"_blank\" rel=\"noopener\">mus\u00e9es de la m\u00e9tropole et du d\u00e9partement sont gratuits pour tous<\/a>.<\/p>\n<p class=\" wall-content\">\u00c0 noter que le tr\u00e8s fr\u00e9quent\u00e9 <b><a href=\"https:\/\/actu.fr\/tag\/musee-la-piscine\" target=\"_blank\" rel=\"noopener\">mus\u00e9e La Piscine<\/a> \u00e0 Roubaix <\/b>est aussi ferm\u00e9.<\/p>\n<p>Mus\u00e9es, cimeti\u00e8res\u2026 ce qui est ouvert<\/p>\n<p class=\" wall-content\">Toutefois, il sera possible de se rendre <b>au zoo de Lille <\/b>le samedi 1er\u00a0novembre, dont c\u2019est <b>l\u2019avant-dernier week-end d\u2019ouverture<\/b>. En effet, \u00e0 compter du dimanche 9\u00a0novembre 17h, la pause hivernale d\u00e9butera. Mais d\u2019ici l\u00e0, les festivit\u00e9s battront leur plein, parmi les animaux\u2009:<\/p>\n<ul class=\" wall-content\">\n<li><b>Samedi 1er\u00a0novembre<\/b>, de 14h30 \u00e0 16h30\u2009: stands d\u2019animations\u2009: \u00ab\u2009A l\u2019assaut des id\u00e9es re\u00e7ues\u2009!\u2009\u00bb Propos\u00e9 par Nord Nature Environnement, ce stand d\u2019animation vise \u00e0 d\u00e9construire les id\u00e9es pr\u00e9con\u00e7ues au sujet de la faune.\n<p>Gratuit pour les visiteurs du\u00a0zoo\u00a0\u2013 Sans r\u00e9servation<\/p>\n<\/li>\n<\/ul>\n<p class=\" wall-content\">\u00c0 noter que le dimanche 9\u00a0novembre, est pr\u00e9vu un spectacle d\u00e9ambulatoire dans les all\u00e9es du zoo, avec \u00e9chassiers et jongleurs (sessions \u00e0 10h, 11h, 14h, 15h et 16h). Un jeu de piste sera \u00e9galement propos\u00e9 en autonomie, pour \u00ab\u2009aider Zouzou le chat \u00e0 d\u00e9couvrir le monde des petites b\u00eates et trouvez le mot myst\u00e8re\u2009\u00bb. Gratuit.<br \/><b\/><\/p>\n<p>Votre r\u00e9gion, votre actu !<\/p>\n<p>Recevez chaque jour les infos qui comptent pour vous.<\/p>\n<p>\t<a href=\"https:\/\/actu.fr\/newsletter\" class=\"ac-btn ac-btn--corner ac-btn--medium ac-btn--blue800\" target=\"_blank\" rel=\"noopener\">S&rsquo;incrire<\/a><\/p>\n<p class=\" wall-content\"><b>La ferme p\u00e9dagogique Marcel-Dh\u00e9nin <\/b>et les\u00a0<b>cimeti\u00e8res<\/b> de Lille, Hellemmes et Lomme seront ouverts samedi. Pour la Toussaint, les cimeti\u00e8res sont exceptionnellement<b> ouverts de 8h \u00e0 18h<\/b> (derni\u00e8re entr\u00e9e \u00e0 17h30) jusqu\u2019au dimanche 2\u00a0novembre inclus.<\/p>\n<p class=\" wall-content\">Tous les mus\u00e9es ne seront pas ferm\u00e9s, \u00e0 l\u2019image du Tripostal, o\u00f9 admirer <a href=\"https:\/\/actu.fr\/hauts-de-france\/lille_59350\/au-tripostal-de-lille-decouvrez-lexposition-pom-pom-pidou-avec-103-artistes_62806897.html\" target=\"_blank\" rel=\"noopener\">l\u2019exposition\u00a0Pom Pom Pidou,<\/a> la <b>Gare Saint-Sauveur<\/b> (exposition Institut Grand Festif), la <b>maison Folie Moulins <\/b>(expo Fuego y Veneno),<b> <\/b>la <b>maison Folie Wazemmes<\/b> (\u00e9v\u00e9nement \u00ab\u2009L\u2019art conserve\u2009\u00bb). \u00c0 Croix,<b> la Villa Cavrois <\/b>est aussi ouverte.<\/p>\n<p>Des suggestions d\u2019activit\u00e9s en parall\u00e8le<\/p>\n<p class=\" wall-content\">La Ville de Lille met l\u2019accent sur deux <a href=\"https:\/\/actu.fr\/hauts-de-france\/lille_59350\/festival-citephilo-a-lille-prendre-le-temps-de-penser-lurgence_63339857.html\" target=\"_blank\" rel=\"noopener\">rencontres Cit\u00e9philo qui se tiendront ce samedi<\/a>\u2009: une sur \u00ab\u2009Cyberpunk, le nouveau syst\u00e8me totalitaire\u2009\u00bb, \u00e0 11h \u00e0 La Verri\u00e8re\u2009; une autre sur \u00ab\u2009Instituer les mondes. Pour une cosmopolitique des communs\u2009\u00bb, \u00e0 15h, toujours \u00e0 La Verri\u00e8re.<\/p>\n<p class=\" wall-content\">L\u2019\u00e9v\u00e9nement <a href=\"https:\/\/www.lille.fr\/Evenements\/Track-on-Mars\" target=\"_blank\" rel=\"noopener\">\u00ab\u2009Track on Mars\u2009\u00bb<\/a> comprend la tenue de deux matchs de roller derby \u00e0 la Halle de glisse (343, rue Marquillies), \u00e0 16h30 et 18h45. \u00c0 noter que la Halle accueillera aussi une roller disco sp\u00e9ciale Halloween, de 21h \u00e0 minuit.<\/p>\n<p class=\" wall-content\">Enfin, voici la liste non exhaustive de tous les chouettes rendez-vous que la r\u00e9daction de Lille actu a rep\u00e9r\u00e9s de son c\u00f4t\u00e9\u2009: festival autour des cultures japonaise et cor\u00e9enne, repas dans des t\u00e9l\u00e9cabines, Labubu\u2026 <a href=\"https:\/\/actu.fr\/hauts-de-france\/lille_59350\/soiree-mousse-dinos-halloween-labubu-que-faire-ce-week-end-a-lille-et-autour_63372705.html\" target=\"_blank\" rel=\"noopener\">Laissez-vous guider<\/a>.<\/p>\n<p class=\" wall-content\">Personnalisez votre actualit\u00e9 en ajoutant vos villes et m\u00e9dias en favori avec <a href=\"https:\/\/moncompte.actu.fr\" title=\"D\u00e9couvez Mon Actu\" rel=\"nofollow noopener\" data-trk=\"{&quot;cta&quot;:{&quot;action&quot;:&quot;https:\\\/\\\/moncompte.actu.fr&quot;,&quot;category&quot;:&quot;mon compte&quot;,&quot;from&quot;:&quot;article footer&quot;,&quot;name&quot;:&quot;Mon actu&quot;,&quot;type&quot;:&quot;cta&quot;}}\" target=\"_blank\">Mon Actu<\/a>.<\/p>\n","protected":false},"excerpt":{"rendered":"Par Margot Nicod\u00e8me Publi\u00e9 le 31 oct. 2025 \u00e0 16h00 On entame (d\u00e9j\u00e0) le second et dernier week-end&hellip;\n","protected":false},"author":2,"featured_media":503602,"comment_status":"","ping_status":"","sticky":false,"template":"","format":"standard","meta":{"footnotes":""},"categories":[2815],"tags":[1111,11,1777,674,1011,27,811,1307,1652,14387,12,25],"class_list":{"0":"post-503601","1":"post","2":"type-post","3":"status-publish","4":"format-standard","5":"has-post-thumbnail","7":"category-lille","8":"tag-actu","9":"tag-actualites","10":"tag-eu","11":"tag-europe","12":"tag-fr","13":"tag-france","14":"tag-hauts-de-france","15":"tag-lille","16":"tag-loisirs-culture","17":"tag-musee-la-piscine","18":"tag-news","19":"tag-republique-francaise"},"share_on_mastodon":{"url":"https:\/\/pubeurope.com\/@fr\/115472152868861452","error":""},"_links":{"self":[{"href":"https:\/\/www.europesays.com\/fr\/wp-json\/wp\/v2\/posts\/503601","targetHints":{"allow":["GET"]}}],"collection":[{"href":"https:\/\/www.europesays.com\/fr\/wp-json\/wp\/v2\/posts"}],"about":[{"href":"https:\/\/www.europesays.com\/fr\/wp-json\/wp\/v2\/types\/post"}],"author":[{"embeddable":true,"href":"https:\/\/www.europesays.com\/fr\/wp-json\/wp\/v2\/users\/2"}],"replies":[{"embeddable":true,"href":"https:\/\/www.europesays.com\/fr\/wp-json\/wp\/v2\/comments?post=503601"}],"version-history":[{"count":0,"href":"https:\/\/www.europesays.com\/fr\/wp-json\/wp\/v2\/posts\/503601\/revisions"}],"wp:featuredmedia":[{"embeddable":true,"href":"https:\/\/www.europesays.com\/fr\/wp-json\/wp\/v2\/media\/503602"}],"wp:attachment":[{"href":"https:\/\/www.europesays.com\/fr\/wp-json\/wp\/v2\/media?parent=503601"}],"wp:term":[{"taxonomy":"category","embeddable":true,"href":"https:\/\/www.europesays.com\/fr\/wp-json\/wp\/v2\/categories?post=503601"},{"taxonomy":"post_tag","embeddable":true,"href":"https:\/\/www.europesays.com\/fr\/wp-json\/wp\/v2\/tags?post=503601"}],"curies":[{"name":"wp","href":"https:\/\/api.w.org\/{rel}","templated":true}]}}