{"id":503605,"date":"2025-11-01T02:47:30","date_gmt":"2025-11-01T02:47:30","guid":{"rendered":"https:\/\/www.europesays.com\/fr\/503605\/"},"modified":"2025-11-01T02:47:30","modified_gmt":"2025-11-01T02:47:30","slug":"bifurcation-a46-et-a47-vers-a7-direction-marseille-fermee","status":"publish","type":"post","link":"https:\/\/www.europesays.com\/fr\/503605\/","title":{"rendered":"Bifurcation A46 et A47 vers A7 direction Marseille ferm\u00e9e"},"content":{"rendered":"<ol class=\"breadcrumb\" itemscope=\"\" itemtype=\"https:\/\/schema.org\/BreadcrumbList\">\n<li itemprop=\"itemListElement\" itemscope=\"\" itemtype=\"https:\/\/schema.org\/ListItem\">\n                    <a itemprop=\"item\" href=\"https:\/\/radio.vinci-autoroutes.com\/\" target=\"_blank\" rel=\"noopener\"><br \/>\n                        Accueil<br \/>\n                    <\/a><\/p>\n<\/li>\n<li itemprop=\"itemListElement\" itemscope=\"\" itemtype=\"https:\/\/schema.org\/ListItem\">\n                        <a itemprop=\"item\" href=\"https:\/\/radio.vinci-autoroutes.com\/rubrique\/infotrafic\" target=\"_blank\" rel=\"noopener\"><br \/>\n                            Actu trafic<br \/>\n                        <\/a><\/p>\n<\/li>\n<li itemprop=\"itemListElement\" itemscope=\"\" itemtype=\"https:\/\/schema.org\/ListItem\">\n                        <a itemprop=\"item\" href=\"https:\/\/radio.vinci-autoroutes.com\/rubrique\/travaux\" target=\"_blank\" rel=\"noopener\"><br \/>\n                            Travaux<br \/>\n                        <\/a><\/p>\n<\/li>\n<\/ol>\n<p class=\"article-chapeau\" itemprop=\"description\">Au sud de Lyon, les 4 nuits du lundi 3 au vendredi 7 novembre,  \u00e0 partir de 21h et au plus tard jusqu&rsquo;\u00e0 05h du matin, les bretelles qui permettent, depuis l&rsquo;autoroute A46, le contournement Est de la ville, et depuis l&rsquo;A47, de rejoindre l&rsquo;A7 en direction de Marseille, sont ferm\u00e9es pour effectuer des travaux d&rsquo;entretien.<\/p>\n<p class=\"article-author\">Auteur : H\u00e9l\u00e8ne Dali<\/p>\n<p class=\"article-modification\">Derni\u00e8re modification : 31\/10\/2025 17:37<\/p>\n<p>                <img decoding=\"async\" src=\"https:\/\/www.europesays.com\/fr\/wp-content\/uploads\/2025\/11\/V-jour-balisage-copyright-adobe-stock.jpg\" alt=\"Bifurcation A46 et A47 vers A7 direction Marseille ferm\u00e9e \"\/><\/p>\n<p>                                                    0:28\n                                            <\/p>\n<p class=\"legende\">Balisage de s\u00e9curit\u00e9 en journ\u00e9e sur la route<\/p>\n<p>                            \u00a9 Adobe Stock                        <\/p>\n<p>        Depuis l&rsquo;A46, continuez en direction de Saint-Etienne et sortez \u00e0 Chasse N\u00b08 sur l&rsquo;A47.<\/p>\n<p>Depuis l&rsquo;A47, il faut vous engager sur l&rsquo;A7 en direction de Paris, puis faire demi-tour \u00e0 Solaize N\u00b07.<br \/>&#13;\n    <\/p>\n<p>            Pour approfondir le sujet<\/p>\n<p>        Partager cet article<\/p>\n","protected":false},"excerpt":{"rendered":"Accueil Actu trafic Travaux Au sud de Lyon, les 4 nuits du lundi 3 au vendredi 7 novembre,&hellip;\n","protected":false},"author":2,"featured_media":503606,"comment_status":"","ping_status":"","sticky":false,"template":"","format":"standard","meta":{"footnotes":""},"categories":[2814],"tags":[1111,11,58575,13635,1777,674,4069,1011,27,9865,2428,884,12,24649,35025,882,25,6949,13703],"class_list":{"0":"post-503605","1":"post","2":"type-post","3":"status-publish","4":"format-standard","5":"has-post-thumbnail","7":"category-marseille","8":"tag-actu","9":"tag-actualites","10":"tag-bifurcation","11":"tag-direction","12":"tag-eu","13":"tag-europe","14":"tag-fermee","15":"tag-fr","16":"tag-france","17":"tag-lundi","18":"tag-lyon","19":"tag-marseille","20":"tag-news","21":"tag-novembre","22":"tag-nuits","23":"tag-provence-alpes-cote-dazur","24":"tag-republique-francaise","25":"tag-vendredi","26":"tag-vers"},"share_on_mastodon":{"url":"https:\/\/pubeurope.com\/@fr\/115472161288051482","error":""},"_links":{"self":[{"href":"https:\/\/www.europesays.com\/fr\/wp-json\/wp\/v2\/posts\/503605","targetHints":{"allow":["GET"]}}],"collection":[{"href":"https:\/\/www.europesays.com\/fr\/wp-json\/wp\/v2\/posts"}],"about":[{"href":"https:\/\/www.europesays.com\/fr\/wp-json\/wp\/v2\/types\/post"}],"author":[{"embeddable":true,"href":"https:\/\/www.europesays.com\/fr\/wp-json\/wp\/v2\/users\/2"}],"replies":[{"embeddable":true,"href":"https:\/\/www.europesays.com\/fr\/wp-json\/wp\/v2\/comments?post=503605"}],"version-history":[{"count":0,"href":"https:\/\/www.europesays.com\/fr\/wp-json\/wp\/v2\/posts\/503605\/revisions"}],"wp:featuredmedia":[{"embeddable":true,"href":"https:\/\/www.europesays.com\/fr\/wp-json\/wp\/v2\/media\/503606"}],"wp:attachment":[{"href":"https:\/\/www.europesays.com\/fr\/wp-json\/wp\/v2\/media?parent=503605"}],"wp:term":[{"taxonomy":"category","embeddable":true,"href":"https:\/\/www.europesays.com\/fr\/wp-json\/wp\/v2\/categories?post=503605"},{"taxonomy":"post_tag","embeddable":true,"href":"https:\/\/www.europesays.com\/fr\/wp-json\/wp\/v2\/tags?post=503605"}],"curies":[{"name":"wp","href":"https:\/\/api.w.org\/{rel}","templated":true}]}}