{"id":503607,"date":"2025-11-01T02:48:16","date_gmt":"2025-11-01T02:48:16","guid":{"rendered":"https:\/\/www.europesays.com\/fr\/503607\/"},"modified":"2025-11-01T02:48:16","modified_gmt":"2025-11-01T02:48:16","slug":"lyon-la-discotheque-fait-vivre-lenfer-aux-voisins-avec-des-nuisances-la-punition-tombe","status":"publish","type":"post","link":"https:\/\/www.europesays.com\/fr\/503607\/","title":{"rendered":"Lyon. La discoth\u00e8que fait vivre l&rsquo;enfer aux voisins avec des nuisances, la punition tombe"},"content":{"rendered":"<p>            Par<br \/>\n        <strong><br \/>\n            <a href=\"https:\/\/actu.fr\/auteur\/julien-damboise\" title=\"Consulter tous les articles de Julien Damboise\" target=\"_blank\" rel=\"noopener\">Julien Damboise<\/a><br \/>\n        <\/strong><\/p>\n<p>        Publi\u00e9 le<\/p>\n<p>            31 oct. 2025 \u00e0 17h06<br \/>\n        ; mis \u00e0 jour le 31 oct. 2025 \u00e0 17h07    <\/p>\n<p>Un <strong>lieu de f\u00eate nocturne<\/strong> bien connu \u00e0 <a href=\"https:\/\/actu.fr\/auvergne-rhone-alpes\/lyon_69123\" target=\"_blank\" rel=\"noopener\">Lyon<\/a>, le <strong>New Hollywood<\/strong> dans le 8\u1d49 arrondissement va fermer plusieurs jours apr\u00e8s de multiples nuisances sonores. Une sanction que salue le maire d\u2019arrondissement, Olivier Berzane.<\/p>\n<p>    <a href=\"https:\/\/www.google.com\/maps\/embed?pb=!1m18!1m12!1m3!1d3660.4911182016504!2d4.855515263862102!3d45.73152660882856!2m3!1f0!2f0!3f0!3m2!1i1024!2i768!4f13.1!3m3!1m2!1s0x47f4ea04588c2329%3A0xb23fd7ac0fa358c6!2sLes%20Salons%20du%20NH!5e1!3m2!1sfr!2sfr!4v1761898615311!5m2!1sfr!2sfr\" title=\"Ouvrie le lien\" target=\"_blank\" rel=\"noopener\">Cliquez ici pour visualiser le contenu<\/a><\/p>\n<p>De multiples infractions<\/p>\n<p class=\" wall-content\">La discoth\u00e8que, situ\u00e9e 6 rue Henri Barbusse, en face de l\u2019arr\u00eat de tramway <a href=\"https:\/\/actu.fr\/tag\/transports-en-commun-lyonnais-tcl\" target=\"_blank\" rel=\"noopener\">TCL<\/a> Petite Guille, a fait l\u2019objet de plusieurs contr\u00f4les de police apr\u00e8s la sollicitation de la Ville de Lyon. En effet, <strong>les plaintes se multipliaient<\/strong> concernant les nuisances sonores que provoquaient les soir\u00e9es organis\u00e9es dans l\u2019\u00e9tablissement ouvert le week-end et qui propose \u00ab\u00a0le meilleur du hip-hop, afro, caribbean et g\u00e9n\u00e9raliste\u00a0\u00bb.<\/p>\n<p class=\" wall-content\">Des v\u00e9rifications qui ont permis de constater de multiples infractions <strong>portant atteinte \u00e0 la tranquillit\u00e9<\/strong>, \u00e0 la s\u00e9curit\u00e9 et \u00e0 l\u2019ordre public.<\/p>\n<p class=\" wall-content\">Une sanction doit donc \u00eatre prise par la pr\u00e9fecture du Rh\u00f4ne.<\/p>\n<p>Ferm\u00e9 deux semaines<\/p>\n<p class=\" wall-content\">Le New Hollywood doit tomber sous le coup d\u2019une fermeture administrative sign\u00e9e par la <a href=\"https:\/\/actu.fr\/tag\/prefecture-du-rhone\" target=\"_blank\" rel=\"noopener\">pr\u00e9fecture du Rh\u00f4ne<\/a>. Une sanction qui doit durer <strong>15 jours<\/strong>. On ne sait toutefois pas encore \u00e0 partir de quand s\u2019appliquera la mesure.<\/p>\n<p class=\" wall-content\">\u00ab\u00a0Nous restons mobilis\u00e9s pour <strong>mettre fin d\u00e9finitivement<\/strong> \u00e0 ces nuisances et permettre aux habitants de retrouver le calme dans leur quartier\u00a0\u00bb, ajoute Olivier Berzane l\u2019\u00e9dile du 8e arrondissement de Lyon. Sur les groupes d\u2019habitants, o\u00f9 les exemples de d\u00e9bordements s\u2019accumulaient, certains saluent la d\u00e9cision mais continuent de r\u00e9clamer une fermeture d\u00e9finitive.<\/p>\n<p>Votre r\u00e9gion, votre actu !<\/p>\n<p>Recevez chaque jour les infos qui comptent pour vous.<\/p>\n<p>\t<a href=\"https:\/\/actu.fr\/newsletter\" class=\"ac-btn ac-btn--corner ac-btn--medium ac-btn--blue800\" target=\"_blank\" rel=\"noopener\">S&rsquo;incrire<\/a><\/p>\n<p class=\" wall-content\">Contact\u00e9e par actu Lyon, la direction du New Hollywood n\u2019a pas donn\u00e9 suite \u00e0 nos sollicitations.<\/p>\n<p>Une \u00e9picerie ferm\u00e9e \u00e0 c\u00f4t\u00e9<\/p>\n<p class=\" wall-content\">Dans le m\u00eame temps, l\u2019\u00e9picerie du 8e, situ\u00e9e juste \u00e0 c\u00f4t\u00e9 de la bo\u00eete de nuit sur la rue Pierre Delore, doit aussi \u00eatre ferm\u00e9e par arr\u00eat\u00e9 pr\u00e9fectoral.<\/p>\n<p class=\" wall-content\">Le commerce aurait <strong>vendu de l\u2019alcool pass\u00e9 21 h<\/strong>, contrevenant \u00e0 l\u2019arr\u00eat\u00e9 municipal en vigueur.<\/p>\n<p class=\" wall-content\">Cette fois, la sanction doit \u00eatre plus lourde avec une fermeture obligatoire pour une dur\u00e9e de <strong>deux mois<\/strong>.<\/p>\n<p class=\" wall-content\">Personnalisez votre actualit\u00e9 en ajoutant vos villes et m\u00e9dias en favori avec <a href=\"https:\/\/moncompte.actu.fr\" title=\"D\u00e9couvez Mon Actu\" rel=\"nofollow noopener\" data-trk=\"{&quot;cta&quot;:{&quot;action&quot;:&quot;https:\\\/\\\/moncompte.actu.fr&quot;,&quot;category&quot;:&quot;mon compte&quot;,&quot;from&quot;:&quot;article footer&quot;,&quot;name&quot;:&quot;Mon actu&quot;,&quot;type&quot;:&quot;cta&quot;}}\" target=\"_blank\">Mon Actu<\/a>.<\/p>\n","protected":false},"excerpt":{"rendered":"Par Julien Damboise Publi\u00e9 le 31 oct. 2025 \u00e0 17h06 ; mis \u00e0 jour le 31 oct. 2025&hellip;\n","protected":false},"author":2,"featured_media":503608,"comment_status":"","ping_status":"","sticky":false,"template":"","format":"standard","meta":{"footnotes":""},"categories":[1889],"tags":[1111,11,5702,2430,215,1777,674,1011,27,2428,12,25,104],"class_list":{"0":"post-503607","1":"post","2":"type-post","3":"status-publish","4":"format-standard","5":"has-post-thumbnail","7":"category-lyon","8":"tag-actu","9":"tag-actualites","10":"tag-alcool","11":"tag-auvergne-rhone-alpes","12":"tag-commerce","13":"tag-eu","14":"tag-europe","15":"tag-fr","16":"tag-france","17":"tag-lyon","18":"tag-news","19":"tag-republique-francaise","20":"tag-societe"},"share_on_mastodon":{"url":"https:\/\/pubeurope.com\/@fr\/115472165099139255","error":""},"_links":{"self":[{"href":"https:\/\/www.europesays.com\/fr\/wp-json\/wp\/v2\/posts\/503607","targetHints":{"allow":["GET"]}}],"collection":[{"href":"https:\/\/www.europesays.com\/fr\/wp-json\/wp\/v2\/posts"}],"about":[{"href":"https:\/\/www.europesays.com\/fr\/wp-json\/wp\/v2\/types\/post"}],"author":[{"embeddable":true,"href":"https:\/\/www.europesays.com\/fr\/wp-json\/wp\/v2\/users\/2"}],"replies":[{"embeddable":true,"href":"https:\/\/www.europesays.com\/fr\/wp-json\/wp\/v2\/comments?post=503607"}],"version-history":[{"count":0,"href":"https:\/\/www.europesays.com\/fr\/wp-json\/wp\/v2\/posts\/503607\/revisions"}],"wp:featuredmedia":[{"embeddable":true,"href":"https:\/\/www.europesays.com\/fr\/wp-json\/wp\/v2\/media\/503608"}],"wp:attachment":[{"href":"https:\/\/www.europesays.com\/fr\/wp-json\/wp\/v2\/media?parent=503607"}],"wp:term":[{"taxonomy":"category","embeddable":true,"href":"https:\/\/www.europesays.com\/fr\/wp-json\/wp\/v2\/categories?post=503607"},{"taxonomy":"post_tag","embeddable":true,"href":"https:\/\/www.europesays.com\/fr\/wp-json\/wp\/v2\/tags?post=503607"}],"curies":[{"name":"wp","href":"https:\/\/api.w.org\/{rel}","templated":true}]}}