{"id":503609,"date":"2025-11-01T02:49:30","date_gmt":"2025-11-01T02:49:30","guid":{"rendered":"https:\/\/www.europesays.com\/fr\/503609\/"},"modified":"2025-11-01T02:49:30","modified_gmt":"2025-11-01T02:49:30","slug":"easyjet-annonce-5-nouvelles-destinations-au-depart-de-laeroport-de-lyon","status":"publish","type":"post","link":"https:\/\/www.europesays.com\/fr\/503609\/","title":{"rendered":"EasyJet annonce 5 nouvelles destinations au d\u00e9part de l&rsquo;a\u00e9roport de Lyon\u00a0"},"content":{"rendered":"<p>La compagnie low-cost a inaugur\u00e9 cette semaine des liaisons suppl\u00e9mentaires vers Charm El-Cheikh, Gran Canaria, Pristina, S\u00e9ville et Tanger au d\u00e9part de Lyon.<\/p>\n<p>Bonne nouvelle pour les amateurs de voyage !\u00a0<\/p>\n<p>La compagnie a\u00e9rienne EasyJet a annonc\u00e9 cette semaine <b>cinq nouvelles destinations<\/b> au d\u00e9part de l&rsquo;a\u00e9roport de Lyon Saint-Exup\u00e9ry : Charm El-Cheikh (\u00c9gypte), Gran Canaria (\u00eele en Espagne), Pristina (Kosovo), S\u00e9ville (Espagne) et Tanger (Maroc).<\/p>\n<p>Le d\u00e9tail des destinations<\/p>\n<p><b>Charm El-Cheikh : <\/b>2 vols par semaine (mardi et samedi depuis ce mardi 28 octobre)<br \/>Tarif : \u00e0 partir de 55 euros<\/p>\n<p><b>Tanger :<\/b> 2 vols par semaine (mardi et samedi depuis ce mardi 28 octobre)<br \/>Tarif : \u00e0 partir de 40 euros<\/p>\n<p><b>Gran Canaria :<\/b> 2 vols par semaine (mercredi et samedi depuis ce mercredi 29 octobre)<br \/>Tarif : \u00e0 partir de 35 euros\u00a0<\/p>\n<p><b>Pristina :<\/b> 2 vols par semaine (mardi et vendredi depuis ce mardi 28 octobre)<br \/>Tarif : \u00e0 partir de 35 euros\u00a0<\/p>\n<p><b>S\u00e9ville :<\/b> 2 vols par semaine (jeudi et dimanche depuis ce jeudi 30 octobre)<br \/>Tarif : \u00e0 partir de 35 euros<\/p>\n<p>Pour les plus int\u00e9ress\u00e9s, les billets sont disponibles <a class=\"url\" href=\"https:\/\/www.easyjet.com\/fr\/\" target=\"_blank\" rel=\"noopener\">ici<\/a> ou depuis l&rsquo;application mobile gratuite.\u00a0<\/p>\n<p><img loading=\"lazy\" decoding=\"async\" src=\"https:\/\/www.europesays.com\/fr\/wp-content\/uploads\/2025\/11\/img\" width=\"350\" height=\"200\" border=\"0\" title=\"L'Ast\u00c3\u00a9ria a \u00c3\u00a9t\u00c3\u00a9 inaugur\u00c3\u00a9e jeudi 30 octobre en pr\u00c3\u00a9sence notamment d'Alexandre Aulas, fils de Jean-Michel Aulas et en charge de l'exploitation de la nouvelle salle de spectacle et de concert.\"\/><\/p>\n<p>\u25baCulture<\/p>\n<p style=\"font-size: 22px;\"><b>VID\u00c9O &#8211; Pr\u00e8s de Lyon : l&rsquo;Ast\u00e9ria, la nouvelle salle de concert, a \u00e9t\u00e9 inaugur\u00e9e\u00a0<\/b><\/p>\n<p>Apr\u00e8s le stade de l&rsquo;OL en 2016 et la l&rsquo;Arena de&#8230;<\/p>\n<p><\/p>\n","protected":false},"excerpt":{"rendered":"La compagnie low-cost a inaugur\u00e9 cette semaine des liaisons suppl\u00e9mentaires vers Charm El-Cheikh, Gran Canaria, Pristina, S\u00e9ville et&hellip;\n","protected":false},"author":2,"featured_media":503610,"comment_status":"","ping_status":"","sticky":false,"template":"","format":"standard","meta":{"footnotes":""},"categories":[1889],"tags":[33077,1111,11,2430,62586,18304,661,1777,674,1011,27,40729,2428,12,62587,25,62588,35566,42463],"class_list":{"0":"post-503609","1":"post","2":"type-post","3":"status-publish","4":"format-standard","5":"has-post-thumbnail","7":"category-lyon","8":"tag-aroport","9":"tag-actu","10":"tag-actualites","11":"tag-auvergne-rhone-alpes","12":"tag-charm-el-cheikh","13":"tag-destinations","14":"tag-easyjet","15":"tag-eu","16":"tag-europe","17":"tag-fr","18":"tag-france","19":"tag-gran-canaria","20":"tag-lyon","21":"tag-news","22":"tag-pristina","23":"tag-republique-francaise","24":"tag-sville","25":"tag-saint-exupry","26":"tag-tanger"},"share_on_mastodon":{"url":"https:\/\/pubeurope.com\/@fr\/115472169163263455","error":""},"_links":{"self":[{"href":"https:\/\/www.europesays.com\/fr\/wp-json\/wp\/v2\/posts\/503609","targetHints":{"allow":["GET"]}}],"collection":[{"href":"https:\/\/www.europesays.com\/fr\/wp-json\/wp\/v2\/posts"}],"about":[{"href":"https:\/\/www.europesays.com\/fr\/wp-json\/wp\/v2\/types\/post"}],"author":[{"embeddable":true,"href":"https:\/\/www.europesays.com\/fr\/wp-json\/wp\/v2\/users\/2"}],"replies":[{"embeddable":true,"href":"https:\/\/www.europesays.com\/fr\/wp-json\/wp\/v2\/comments?post=503609"}],"version-history":[{"count":0,"href":"https:\/\/www.europesays.com\/fr\/wp-json\/wp\/v2\/posts\/503609\/revisions"}],"wp:featuredmedia":[{"embeddable":true,"href":"https:\/\/www.europesays.com\/fr\/wp-json\/wp\/v2\/media\/503610"}],"wp:attachment":[{"href":"https:\/\/www.europesays.com\/fr\/wp-json\/wp\/v2\/media?parent=503609"}],"wp:term":[{"taxonomy":"category","embeddable":true,"href":"https:\/\/www.europesays.com\/fr\/wp-json\/wp\/v2\/categories?post=503609"},{"taxonomy":"post_tag","embeddable":true,"href":"https:\/\/www.europesays.com\/fr\/wp-json\/wp\/v2\/tags?post=503609"}],"curies":[{"name":"wp","href":"https:\/\/api.w.org\/{rel}","templated":true}]}}