{"id":503619,"date":"2025-11-01T02:56:38","date_gmt":"2025-11-01T02:56:38","guid":{"rendered":"https:\/\/www.europesays.com\/fr\/503619\/"},"modified":"2025-11-01T02:56:38","modified_gmt":"2025-11-01T02:56:38","slug":"la-vague-de-hokusai-sort-exceptionnellement-des-reserves-pour-une-exposition-inedite","status":"publish","type":"post","link":"https:\/\/www.europesays.com\/fr\/503619\/","title":{"rendered":"La Vague de Hokusai sort exceptionnellement des r\u00e9serves pour une exposition in\u00e9dite"},"content":{"rendered":"<p>Cet automne, le mus\u00e9e Guimet \u00e0 Paris organisera une exposition in\u00e9dite sur le manga. La mythique Vague de Hokusai tr\u00f4nera parmi les chefs-d\u2019\u0153uvre pr\u00e9sent\u00e9s. Ce 31 octobre, notre journaliste Agathe Hakoun a assist\u00e9 \u00e0 son accrochage aux c\u00f4t\u00e9s d&rsquo;Estelle Bauer, conservatrice en chef des collections japonaises et commissaire de l&rsquo;exposition.<\/p>\n<p class=\"field_LQ2154C\">Elle est aujourd\u2019hui une des images les plus reproduites de l\u2019histoire de l\u2019art. La Vague, du titre original\u00a0Sous la vague de Kanagawa (1830-1832), de Katsushika <a href=\"https:\/\/www.connaissancedesarts.com\/arts-expositions\/les-6-vies-dhokusai-le-fou-de-dessin-11145687\/\" rel=\"nofollow noopener\" target=\"_blank\">Hokusai<\/a> (1760-1849) sera au c\u0153ur de \u00ab\u00a0Manga, tout un art\u00a0!\u00a0\u00bb au <a href=\"https:\/\/www.guimet.fr\/fr\" rel=\"nofollow noopener\" target=\"_blank\"><a href=\"https:\/\/www.guimet.fr\/fr\" target=\"_blank\" rel=\"noopener nofollow\">mus\u00e9e Guimet<\/a> (Paris, XVIe arrondissement), du 19 novembre au 9 mars. \u00c0 cette occasion, l\u2019institution sort de ses r\u00e9serves son pr\u00e9cieux chef-d\u2019\u0153uvre avant de l\u2019accrocher dans une salle qui lui est consacr\u00e9e. Nous avons assist\u00e9 \u00e0 cette op\u00e9ration d\u00e9licate pour avoir un aper\u00e7u de l\u2019exposition \u00e9v\u00e9nement qui sera d\u00e9ploy\u00e9e sur les trois \u00e9tages du mus\u00e9e national d\u2019arts asiatiques.<\/p>\n<p>Deux Vagues en rotation<\/p>\n<p class=\"field_LQ2154C\">La Vague de Hokusai a \u00e9t\u00e9 tir\u00e9e entre 5000 et 8000 exemplaires. De nombreux mus\u00e9es occidentaux et japonais conservent des versions avec de l\u00e9g\u00e8res variations entre les tirages. En France, deux sont conserv\u00e9es \u00e0 la Biblioth\u00e8que nationale de France (BnF), une \u00e0 Giverny et deux au mus\u00e9e Guimet. Ce dernier pr\u00e9sentera ses feuilles dans \u00ab <a href=\"https:\/\/www.connaissancedesarts.com\/musees\/musee-guimet\/paris-bientot-une-grande-exposition-sur-lart-et-lhistoire-du-manga-au-musee-guimet-11204162\/\" rel=\"nofollow noopener\" target=\"_blank\">Manga<\/a>, tout un art ! \u00bb. Il s\u2019agit de deux tirages \u00e0 partir du m\u00eame bois en tr\u00e8s bon \u00e9tat, un donn\u00e9 par le m\u00e9c\u00e8ne et collectionneur fran\u00e7ais Isaac de Camondo (1851-1911) et l\u2019autre par le collectionneur et joaillier Art Nouveau Henri Vever (1854-1942). L\u2019estampe de Camondo pr\u00e9sente des nuages roses et un d\u00e9grad\u00e9 plus marqu\u00e9, tandis que celle de Vever, certainement plus expos\u00e9e \u00e0 la lumi\u00e8re, a perdu ses nuages, est plus contrast\u00e9e et comporte une marque de pliure.<\/p>\n<p><img loading=\"lazy\" width=\"653\" height=\"489\" decoding=\"async\" aria-describedby=\"caption-attachment-206895\" src=\"data:image\/svg+xml,%3Csvg%20xmlns=\" http:=\"\" alt=\"Les deux exemplaires de La Vague de Hokusai conserv\u00e9s par le mus\u00e9e Guimet. \u00c0 gauche, celle donn\u00e9e par Henri Vever et \u00e0 droite celle donn\u00e9e par Isaac de Camondo. Photo : \u00a9 Connaissance des Arts \/ Agathe Hakoun\" class=\"size-medium wp-image-206895\" data-lazy-src=\"https:\/\/www.europesays.com\/fr\/wp-content\/uploads\/2025\/11\/cda25_vague_hokusai_musee_guimet-tt-width-653-height-489-fill-0-crop-0-bgcolor-eeeeee.jpeg\"\/><\/p>\n<p id=\"caption-attachment-206895\" class=\"wp-caption-text\">Les deux exemplaires de La Vague de Hokusai conserv\u00e9s par le mus\u00e9e Guimet. \u00c0 gauche, celle donn\u00e9e par Henri Vever et \u00e0 droite celle donn\u00e9e par Isaac de Camondo. Photo : \u00a9 Connaissance des Arts \/ Agathe Hakoun<\/p>\n<p class=\"field_LQ2154C\">En raison de la fragilit\u00e9 de ces \u0153uvres, le mus\u00e9e les exposera en rotation, en commen\u00e7ant par la Vague de Camondo pendant deux mois puis celle de Vever. \u00ab\u00a0On ne l\u2019expose pas fr\u00e9quemment, mais on a beaucoup de visiteurs qui viennent et souhaitent la voir, nous explique\u00a0Estelle Bauer, conservatrice en chef des collections japonaises et commissaire de l\u2019exposition. Nous r\u00e9fl\u00e9chissons \u00e0 un mode de pr\u00e9sentation peut-\u00eatre d\u2019un mois par an comme au <a href=\"https:\/\/www.connaissancedesarts.com\/arts-expositions\/reves-de-japon-une-exposition-met-a-lhonneur-les-arts-japonais-de-hokusai-a-one-piece-11200558\/\" rel=\"nofollow noopener\" target=\"_blank\">Japon<\/a>, qui serait le mois de La Vague.\u00a0\u00bb<\/p>\n<p>Comment\u00a0La Vague\u00a0est-elle devenue une ic\u00f4ne de l\u2019histoire de l\u2019art ?<\/p>\n<p class=\"field_LQ2154C\">La Vague\u00a0fait partie de la s\u00e9rie des\u00a0Trente-six vues du Mont Fuji (1831\u20131833) du\u00a0ma\u00eetre de l\u2019estampe japonaise qui illustrent chacune diff\u00e9remment le sommet sacr\u00e9 cher aux Japonais. Ici, Hokusai l\u2019associe \u00e0 une monumentale vague \u00e0 l\u2019\u00e9cume crochue, semblable \u00e0 des griffes. \u00ab\u00a0La s\u00e9rie a connu un succ\u00e8s important au Japon, on peut le voir au nombre de tirages, commente la conservatrice. C\u2019\u00e9tait un sujet assez neuf pour le Japon. La mer est tr\u00e8s pr\u00e9sente mais il y avait peu de <a href=\"https:\/\/www.connaissancedesarts.com\/arts-expositions\/paris\/paris-une-exposition-au-musee-de-montmartre-revele-les-paysages-lumineux-dun-pionnier-meconnu-du-neo-impressionnisme-11200271\/\" rel=\"nofollow noopener\" target=\"_blank\">paysages<\/a> maritimes. De plus, l\u2019utilisation du bleu de Prusse, cr\u00e9\u00e9 en Allemagne au XVIIIe\u00a0si\u00e8cle et plus largement import\u00e9 au Japon dans les ann\u00e9es 1830, a apport\u00e9 un autre aspect qui a d\u00fb plaire.\u00a0Mais, jusqu\u2019il y a peu de temps, ce n\u2019\u00e9tait pas l\u2019estampe de la s\u00e9rie qui avait le plus de succ\u00e8s. Les Japonais pr\u00e9f\u00e9raient celle du Fuji rouge.\u00a0\u00bb<\/p>\n<p><img loading=\"lazy\" width=\"653\" height=\"489\" decoding=\"async\" aria-describedby=\"caption-attachment-206896\" src=\"data:image\/svg+xml,%3Csvg%20xmlns=\" http:=\"\" alt=\"Accrochage de La Vague de Hokusai en amont de l'exposition \u00ab Manga, tout un art ! \u00bb au mus\u00e9e Guimet \u00e0 Paris. Photo : \u00a9 Connaissance des Arts \/ Agathe Hakoun\" class=\"size-medium wp-image-206896\" data-lazy-src=\"https:\/\/www.europesays.com\/fr\/wp-content\/uploads\/2025\/11\/cda25_accrochage_vague_hokusai_musee_guimet_expo-tt-width-653-height-489-fill-0-crop-0-bgcolor-eeeee.jpeg\"\/><\/p>\n<p id=\"caption-attachment-206896\" class=\"wp-caption-text\">Accrochage de La Vague de Hokusai en amont de l\u2019exposition \u00ab Manga, tout un art ! \u00bb au mus\u00e9e Guimet \u00e0 Paris. Photo : \u00a9 Connaissance des Arts \/ Agathe Hakoun<\/p>\n<p class=\"field_LQ2154C\">Comment est-elle devenue \u00e9galement une ic\u00f4ne, aussi populaire que La Joconde\u00a0de L\u00e9onard de Vinci aujourd\u2019hui\u00a0? \u00ab\u00a0C\u2019est gr\u00e2ce aux Occidentaux, continue Estelle Bauer. Edmond de Goncourt est le premier \u00e0 avoir \u00e9crit sur elle \u00e0 la fin du XIXe\u00a0si\u00e8cle. En 1905, c\u2019est Debussy qui l\u2019a reprise pour orner la couverture de La Mer. De fil en aiguille, elle a exerc\u00e9 une fascination sur les Occidentaux.\u00a0\u00bb Si les Japonais appr\u00e9cient l\u2019\u0153uvre pour sa repr\u00e9sentation du Mont Fuji, en Europe, c\u2019est la forme de la vague qui nous s\u00e9duit. \u00ab\u00a0Nous sommes sensibles \u00e0 la beaut\u00e9 de la forme de cette vague, ajoute la sp\u00e9cialiste, et d\u2019une particularit\u00e9 qui nous frappe. Edmond de Goncourt en parle \u00e0 son \u00e9poque : les cr\u00eates qui ressemblent \u00e0 des griffes et cette composition tr\u00e8s forte.\u00a0\u00bb<\/p>\n<p><img loading=\"lazy\" width=\"653\" height=\"762\" decoding=\"async\" aria-describedby=\"caption-attachment-206897\" src=\"data:image\/svg+xml,%3Csvg%20xmlns=\" http:=\"\" alt=\"Planche d'Alexis Dormal pr\u00e9sent\u00e9e dans la salle de La Vague de Hokusai dans l'exposition \u00ab Manga, tout un art ! \u00bb au mus\u00e9e Guimet \u00e0 Paris.\" class=\"size-medium wp-image-206897\" data-lazy-src=\"https:\/\/www.europesays.com\/fr\/wp-content\/uploads\/2025\/11\/cda25_alexis_dormal_vague_hokusai-tt-width-653-height-762-fill-0-crop-0-bgcolor-eeeeee.jpg\"\/><\/p>\n<p id=\"caption-attachment-206897\" class=\"wp-caption-text\">Planche d\u2019Alexis Dormal pr\u00e9sent\u00e9e dans la salle de La Vague de Hokusai dans l\u2019exposition \u00ab Manga, tout un art ! \u00bb au mus\u00e9e Guimet \u00e0 Paris. Photo : \u00a9 Connaissance des Arts \/ Agathe Hakoun<\/p>\n<p>La Vague\u00a0dans la bande dessin\u00e9e franco-belge<\/p>\n<p class=\"field_LQ2154C\">Dans \u00ab\u00a0Manga, tout un art\u00a0!\u00a0\u00bb\u00a0La Vague\u00a0sera pr\u00e9sent\u00e9e dans une salle bleu roi \u00e0 part, entour\u00e9e d\u2019\u0153uvres lui faisant \u00e9cho. \u00ab Tout au long de\u00a0l\u2019exposition, nous allons cr\u00e9er un dialogue avec des \u0153uvres patrimoniales du mus\u00e9e et les mangas, mais on reste dans un univers japonais, d\u00e9crit Estelle Bauer. Des mangas comme One Piece citent tr\u00e8s clairement La Vague mais on a voulu montrer qu\u2019il y avait aussi un dialogue possible avec des \u0153uvres patrimoniales et la bande dessin\u00e9e franco-belge. \u00bb La salle de La Vague montre ainsi une robe de John Galliano pour Dior et des planches originales de Moebus, Coco et Alexis Dormal qui la reprennent \u00e9galement. Coco reprend le motif de la vague oppressante pour faire \u00e9cho \u00e0 son exp\u00e9rience pendant l\u2019attentat terroriste chez Charlie o\u00f9 elle s\u2019est sentie submerg\u00e9e. Au contraire, Moebus transforme ce motif de la griffe pour emmener le spectateur dans le domaine du r\u00eave. Alexis Dormal installe quant \u00e0 lui La Vague\u00a0dans la Grande Galerie du <a href=\"https:\/\/www.connaissancedesarts.com\/musees\/musee-louvre\/cambriolage-au-musee-du-louvre-de-nouveaux-rebondissements-dans-lenquete-du-casse-du-siecle-11206798\/\" rel=\"nofollow noopener\" target=\"_blank\">Louvre<\/a> pour faire r\u00e9f\u00e9rence aux grandes peintures de l\u2019histoire de l\u2019art occidentale, comme Le Radeau de la M\u00e9duse\u00a0et\u00a0La Naissance de V\u00e9nus.\u00a0Un rassemblement de chefs-d\u2019\u0153uvre universels.<\/p>\n<p>\u00ab\u00a0Manga, Tout un art\u00a0!\u00a0\u00bb<br \/>Mus\u00e9e Guimet<br \/>6 place d\u2019I\u00e9na, 75116 Paris<br \/>Du 19 novembre au 9 mars 2026<\/p>\n<p>Hokusai\u2019s &lsquo;The Great Wave&rsquo; (and the differences between all 111 of them) | Woodblock Printing<\/p>\n","protected":false},"excerpt":{"rendered":"Cet automne, le mus\u00e9e Guimet \u00e0 Paris organisera une exposition in\u00e9dite sur le manga. La mythique Vague de&hellip;\n","protected":false},"author":2,"featured_media":503620,"comment_status":"","ping_status":"","sticky":false,"template":"","format":"standard","meta":{"footnotes":""},"categories":[1888],"tags":[11,1777,674,1011,27,12,626,25],"class_list":{"0":"post-503619","1":"post","2":"type-post","3":"status-publish","4":"format-standard","5":"has-post-thumbnail","7":"category-paris","8":"tag-actualites","9":"tag-eu","10":"tag-europe","11":"tag-fr","12":"tag-france","13":"tag-news","14":"tag-paris","15":"tag-republique-francaise"},"share_on_mastodon":{"url":"https:\/\/pubeurope.com\/@fr\/115472196235655247","error":""},"_links":{"self":[{"href":"https:\/\/www.europesays.com\/fr\/wp-json\/wp\/v2\/posts\/503619","targetHints":{"allow":["GET"]}}],"collection":[{"href":"https:\/\/www.europesays.com\/fr\/wp-json\/wp\/v2\/posts"}],"about":[{"href":"https:\/\/www.europesays.com\/fr\/wp-json\/wp\/v2\/types\/post"}],"author":[{"embeddable":true,"href":"https:\/\/www.europesays.com\/fr\/wp-json\/wp\/v2\/users\/2"}],"replies":[{"embeddable":true,"href":"https:\/\/www.europesays.com\/fr\/wp-json\/wp\/v2\/comments?post=503619"}],"version-history":[{"count":0,"href":"https:\/\/www.europesays.com\/fr\/wp-json\/wp\/v2\/posts\/503619\/revisions"}],"wp:featuredmedia":[{"embeddable":true,"href":"https:\/\/www.europesays.com\/fr\/wp-json\/wp\/v2\/media\/503620"}],"wp:attachment":[{"href":"https:\/\/www.europesays.com\/fr\/wp-json\/wp\/v2\/media?parent=503619"}],"wp:term":[{"taxonomy":"category","embeddable":true,"href":"https:\/\/www.europesays.com\/fr\/wp-json\/wp\/v2\/categories?post=503619"},{"taxonomy":"post_tag","embeddable":true,"href":"https:\/\/www.europesays.com\/fr\/wp-json\/wp\/v2\/tags?post=503619"}],"curies":[{"name":"wp","href":"https:\/\/api.w.org\/{rel}","templated":true}]}}