{"id":503625,"date":"2025-11-01T02:59:17","date_gmt":"2025-11-01T02:59:17","guid":{"rendered":"https:\/\/www.europesays.com\/fr\/503625\/"},"modified":"2025-11-01T02:59:17","modified_gmt":"2025-11-01T02:59:17","slug":"crise-entre-les-etats-unis-et-le-venezuela-trinite-et-tobago-met-son-armee-en-alerte-generale","status":"publish","type":"post","link":"https:\/\/www.europesays.com\/fr\/503625\/","title":{"rendered":"Crise entre les \u00c9tats-Unis et le Venezuela | Trinit\u00e9-et-Tobago met son arm\u00e9e en \u00ab\u00a0alerte g\u00e9n\u00e9rale\u00a0\u00bb"},"content":{"rendered":"<p class=\"lead textModule textModule--type-lead \" style=\"\">(Port-d\u2019Espagne) Trinit\u00e9-et-Tobago a mis vendredi son arm\u00e9e en alerte g\u00e9n\u00e9rale, rappelant les militaires \u00e0 leurs postes, a appris l\u2019AFP aupr\u00e8s des forces de s\u00e9curit\u00e9 alors que les \u00c9tats-Unis ont d\u00e9ploy\u00e9 des navires de guerre dans les Cara\u00efbes pour une op\u00e9ration antidrogue visant particuli\u00e8rement le Venezuela, voisin du petit archipel. <\/p>\n<p>                    Publi\u00e9 \u00e0 20\u00a0h\u00a024<\/p>\n<p>        Mis \u00e0 jour \u00e0 20\u00a0h\u00a046<\/p>\n<p>    <a class=\"print\" href=\"https:\/\/www.lapresse.ca\/international\/2025-10-31\/crise-entre-les-etats-unis-et-le-venezuela\/javascript:window.print();\" title=\"Imprimer la page\" rel=\"nofollow noopener\" target=\"_blank\"><\/p>\n<p>        <img loading=\"lazy\" decoding=\"async\" width=\"16\" height=\"18\" src=\"https:\/\/www.europesays.com\/fr\/wp-content\/uploads\/2025\/04\/share-icon.png\" alt=\"Partager\"\/><\/p>\n<p class=\"paragraph textModule textModule--type-paragraph \" style=\"\">\u00ab\u00a0Alerte g\u00e9n\u00e9rale\u00a0: Avec effet imm\u00e9diat, la TTDF [Force de d\u00e9fense de Trinit\u00e9-et-Tobago] a \u00e9t\u00e9 plac\u00e9e en NIVEAU D\u2019ALERTE UN. Tous les membres doivent se rendre \u00e0 leurs bases respectives\u00a0\u00bb, selon un texte envoy\u00e9 par l\u2019arm\u00e9e aux officiers tandis que la police a \u00ab\u00a0annul\u00e9 toutes les permissions\u00a0\u00bb, selon les messages auxquels l\u2019AFP a eu acc\u00e8s. <\/p>\n<p class=\"paragraph textModule textModule--type-paragraph \" style=\"\">Cette mobilisation survient alors que les \u00c9tats-Unis proc\u00e8dent \u00e0 des frappes a\u00e9riennes sur des bateaux de narcotrafiquants pr\u00e9sum\u00e9s depuis le mois de septembre et que la presse am\u00e9ricaine assure que Washington envisage des frappes terrestres au Venezuela. <\/p>\n<p class=\"paragraph textModule textModule--type-paragraph \" style=\"\">Ce mouvement d\u2019alerte a cr\u00e9\u00e9 un mouvement de panique \u00e0 la capitale Port-d\u2019Espagne o\u00f9 de nombreux habitants se sont pr\u00e9cipit\u00e9s vers les commerces pour acheter de la nourriture et les stations-service pour s\u2019approvisionner en essence, ont constat\u00e9 des journalistes de l\u2019AFP. <\/p>\n<p class=\"paragraph textModule textModule--type-paragraph \" style=\"\">Le gouvernement a appel\u00e9 la population au calme assurant \u00eatre \u00ab\u00a0en contact actif avec l\u2019ambassade des \u00c9tats-Unis d\u2019Am\u00e9rique \u00e0 Port-d\u2019Espagne. Selon les informations re\u00e7ues, il n\u2019y a pas lieu pour la population de s\u2019inqui\u00e9ter. Tous les citoyens sont donc invit\u00e9s \u00e0 rester calmes\u00a0\u00bb.<\/p>\n<p class=\"epigraph textModule textModule--type-epigraph \" style=\"\">Donald Trump a d\u00e9clar\u00e9 vendredi qu\u2019il n\u2019envisageait pas de frappes contre le Venezuela. \u00ab\u00a0Non\u00a0\u00bb, a-t-il r\u00e9pondu lorsqu\u2019un journaliste \u00e0 bord de l\u2019avion pr\u00e9sidentiel Air\u00a0Force\u00a0One lui a demand\u00e9 s\u2019il envisageait de telles frappes contre le Venezuela.<\/p>\n<p class=\"paragraph textModule textModule--type-paragraph \" style=\"\">Le secr\u00e9taire d\u2019\u00c9tat am\u00e9ricain, Marco Rubio, a relay\u00e9 le m\u00eame message, en r\u00e9ponse \u00e0 un article du quotidien Miami Herald affirmant que les forces de Washington s\u2019appr\u00eataient \u00e0 frapper le Venezuela.<\/p>\n<p>                                        <img decoding=\"async\" src=\"https:\/\/www.europesays.com\/fr\/wp-content\/uploads\/2025\/11\/c0bfe0ee126f3cf98df06ea2ce756548.jpg\" alt=\"\" class=\"photoModule__visual\" itemprop=\"contentUrl url\"\/><\/p>\n<p class=\"credit photoModule__caption photoModule__caption--credit\" style=\"\">\n                    PHOTO JIM WATSON, ARCHIVES AGENCE FRANCE-PRESSE\n                <\/p>\n<p class=\"description photoModule__caption photoModule__caption--description\" style=\"\">\n                    Le secr\u00e9taire d\u2019\u00c9tat am\u00e9ricain, Marco Rubio\n                <\/p>\n<p class=\"paragraph textModule textModule--type-paragraph \" style=\"\">\u00ab\u00a0Vos \u201csources\u201d pr\u00e9tendant avoir \u201cconnaissance de la situation\u201d vous ont induit en erreur et vous ont pouss\u00e9 \u00e0 \u00e9crire un article mensonger\u00a0\u00bb, a-t-il \u00e9crit sur le r\u00e9seau X.<\/p>\n<p class=\"paragraph textModule textModule--type-paragraph \" style=\"\">Le pr\u00e9sident am\u00e9ricain, qui a reconnu avoir autoris\u00e9 des op\u00e9rations clandestines de la CIA sur le territoire v\u00e9n\u00e9zu\u00e9lien, a r\u00e9cemment \u00e9voqu\u00e9 de possibles frappes terrestres visant des cibles \u00ab\u00a0narcoterroristes\u00a0\u00bb.<\/p>\n<p class=\"paragraph textModule textModule--type-paragraph \" style=\"\">Les \u00c9tats-Unis proc\u00e8dent depuis d\u00e9but septembre \u00e0 des frappes a\u00e9riennes dans le Pacifique et surtout dans les Cara\u00efbes contre des bateaux qu\u2019ils pr\u00e9sentent comme appartenant \u00e0 des narcotrafiquants. Au total, le gouvernement am\u00e9ricain a revendiqu\u00e9 15\u00a0attaques ces derni\u00e8res semaines, faisant selon lui 62\u00a0morts.<\/p>\n<p class=\"paragraph textModule textModule--type-paragraph \" style=\"\">Les \u00c9tats-Unis ont d\u00e9ploy\u00e9 huit navires de guerre dans les Cara\u00efbes et des avions de chasse\u00a0F-35 \u00e0 Porto Rico. Un porte-avions am\u00e9ricain, le plus gros au monde, est \u00e9galement en route pour la zone.<\/p>\n<p class=\"paragraph textModule textModule--type-paragraph \" style=\"\">Le dirigeant v\u00e9n\u00e9zu\u00e9lien, Nicol\u00e1s Maduro, que les \u00c9tats-Unis consid\u00e8rent comme ill\u00e9gitime et qui est inculp\u00e9 aux \u00c9tats-Unis pour narcotrafic, a accus\u00e9 Washington de prendre pr\u00e9texte du trafic de drogue \u00ab\u00a0pour imposer un changement de r\u00e9gime\u00a0\u00bb \u00e0 Caracas et s\u2019emparer du<\/p>\n","protected":false},"excerpt":{"rendered":"(Port-d\u2019Espagne) Trinit\u00e9-et-Tobago a mis vendredi son arm\u00e9e en alerte g\u00e9n\u00e9rale, rappelant les militaires \u00e0 leurs postes, a appris&hellip;\n","protected":false},"author":2,"featured_media":503626,"comment_status":"","ping_status":"","sticky":false,"template":"","format":"standard","meta":{"footnotes":""},"categories":[1589],"tags":[11,73,1866,12,1864,1865,1863,308],"class_list":{"0":"post-503625","1":"post","2":"type-post","3":"status-publish","4":"format-standard","5":"has-post-thumbnail","7":"category-etats-unis","8":"tag-actualites","9":"tag-etats-unis","10":"tag-etats-unis-damerique","11":"tag-news","12":"tag-united-states","13":"tag-united-states-of-america","14":"tag-us","15":"tag-usa"},"share_on_mastodon":{"url":"https:\/\/pubeurope.com\/@fr\/115472208680735829","error":""},"_links":{"self":[{"href":"https:\/\/www.europesays.com\/fr\/wp-json\/wp\/v2\/posts\/503625","targetHints":{"allow":["GET"]}}],"collection":[{"href":"https:\/\/www.europesays.com\/fr\/wp-json\/wp\/v2\/posts"}],"about":[{"href":"https:\/\/www.europesays.com\/fr\/wp-json\/wp\/v2\/types\/post"}],"author":[{"embeddable":true,"href":"https:\/\/www.europesays.com\/fr\/wp-json\/wp\/v2\/users\/2"}],"replies":[{"embeddable":true,"href":"https:\/\/www.europesays.com\/fr\/wp-json\/wp\/v2\/comments?post=503625"}],"version-history":[{"count":0,"href":"https:\/\/www.europesays.com\/fr\/wp-json\/wp\/v2\/posts\/503625\/revisions"}],"wp:featuredmedia":[{"embeddable":true,"href":"https:\/\/www.europesays.com\/fr\/wp-json\/wp\/v2\/media\/503626"}],"wp:attachment":[{"href":"https:\/\/www.europesays.com\/fr\/wp-json\/wp\/v2\/media?parent=503625"}],"wp:term":[{"taxonomy":"category","embeddable":true,"href":"https:\/\/www.europesays.com\/fr\/wp-json\/wp\/v2\/categories?post=503625"},{"taxonomy":"post_tag","embeddable":true,"href":"https:\/\/www.europesays.com\/fr\/wp-json\/wp\/v2\/tags?post=503625"}],"curies":[{"name":"wp","href":"https:\/\/api.w.org\/{rel}","templated":true}]}}