{"id":503634,"date":"2025-11-01T03:05:13","date_gmt":"2025-11-01T03:05:13","guid":{"rendered":"https:\/\/www.europesays.com\/fr\/503634\/"},"modified":"2025-11-01T03:05:13","modified_gmt":"2025-11-01T03:05:13","slug":"defi-sur-les-reseaux-sociaux-maceo-14-ans-meurt-en-se-faisant-tracter-sur-un-matelas-par-une-voiture","status":"publish","type":"post","link":"https:\/\/www.europesays.com\/fr\/503634\/","title":{"rendered":"D\u00e9fi sur les r\u00e9seaux sociaux : Mac\u00e9o, 14 ans, meurt en se faisant tracter sur un matelas par une voiture"},"content":{"rendered":"<p class=\"paragraph text_align_left lp-f-body-02\">Mac\u00e9o, un gar\u00e7on de 14 ans, s\u2019est noy\u00e9 il y a une semaine \u00e0 Brian\u00e7on (Hautes-Alpes) dans un jeu qui a mal tourn\u00e9, \u00e9ject\u00e9 dans une rivi\u00e8re depuis un matelas tract\u00e9 par une voiture, <a href=\"https:\/\/www.leparisien.fr\/faits-divers\/train-surfing-jeu-du-torero-comment-la-sncf-lutte-contre-ces-jeux-dangereux-08-05-2019-8067927.php\" target=\"_blank\" rel=\"noreferrer nofollow noopener\">un de ces d\u00e9fis circulant sur les r\u00e9seaux sociaux<\/a>, a annonc\u00e9 ce vendredi le parquet de Gap.<\/p>\n<p class=\"paragraph text_align_left lp-f-body-02\">Une enqu\u00eate avait \u00e9t\u00e9 ouverte pour homicide involontaire et le conducteur de la voiture, 18 ans, apr\u00e8s avoir \u00ab reconnu sa responsabilit\u00e9 \u00bb dans ce drame en garde \u00e0 vue, a \u00e9t\u00e9 plac\u00e9 sous contr\u00f4le judiciaire. Il sera convoqu\u00e9 devant le tribunal correctionnel pour \u00eatre jug\u00e9, a expliqu\u00e9 la procureure de Gap Marion Lozac\u2019hmeur dans un communiqu\u00e9.<\/p>\n<p class=\"paragraph text_align_left lp-f-body-02\">Le 24 octobre dans la soir\u00e9e, le jeune avait disparu dans la Cerveyrette, un affluent de la Durance <a href=\"https:\/\/www.leparisien.fr\/hautes-alpes-05\/\" target=\"_blank\" rel=\"noreferrer nofollow noopener\">dans les Hautes-Alpes<\/a>.<\/p>\n<p class=\"paragraph text_align_left lp-f-body-02\">Alert\u00e9s par ses amis, les secouristes n\u2019avaient r\u00e9ussi \u00e0 retrouver son corps que le lendemain, un peu en aval, toujours sur la commune de Brian\u00e7on, gr\u00e2ce \u00e0 un survol en h\u00e9licopt\u00e8re par la CRS Alpes de Brian\u00e7on, selon le <a href=\"https:\/\/www.ledauphine.com\/faits-divers-justice\/2025\/10\/26\/mort-d-un-adolescent-a-briancon-maceo-un-ange-parti-trop-tot\" target=\"_blank\" rel=\"noreferrer nofollow noopener\">Le Dauphine Lib\u00e9r\u00e9<\/a>.<\/p>\n<p class=\"lp-card-podcast-highlighting__title  lp-f-subtitle-05\">[2\/2] Bruno Sulak\u00a0: serial braqueur<\/p>\n<p class=\"lp-card-podcast-highlighting__description lp-f-ui-05\">Crime story raconte chaque semaine les grandes affaires criminelles.<\/p>\n<p><a class=\"lp-card-podcast-highlighting__call-to-action\" data-page-type=\"HP\" data-block-name=\"podcast-highlight\">\u00c9couter<\/a><\/p>\n<p class=\"paragraph text_align_left lp-f-body-02\">\u00ab Les premiers \u00e9l\u00e9ments de l\u2019enqu\u00eate, ouverte pour le chef d\u2019homicide involontaire (\u2026) permettaient d\u2019envisager l\u2019implication d\u2019autres jeunes pr\u00e9sents sur les bords de la rivi\u00e8re \u00bb, d\u00e9taille la magistrate.<\/p>\n<p>\u00ab \u00c9ventuelle complicit\u00e9 \u00bb<\/p>\n<p class=\"paragraph text_align_left lp-f-body-02\">\u00ab Un sommier avait \u00e9t\u00e9 accroch\u00e9 derri\u00e8re une voiture et la victime \u00e9tait mont\u00e9e sur le sommier afin de se faire tra\u00eener (\u2026). Il avait \u00e9t\u00e9 \u00e9ject\u00e9 dans la rivi\u00e8re au moment du demi-tour du v\u00e9hicule \u00bb, d\u00e9taille le communiqu\u00e9.<\/p>\n<p class=\"paragraph text_align_left lp-f-body-02\">En plus du conducteur jeudi, un autre jeune \u00e2g\u00e9 de 17 ans avait \u00e9t\u00e9 plac\u00e9 le m\u00eame jour en garde \u00e0 vue, \u00ab pour examiner son \u00e9ventuelle complicit\u00e9 \u00bb. \u00ab La garde \u00e0 vue du second jeune, mineur et lui aussi inconnu de la justice, a \u00e9t\u00e9 lev\u00e9e \u00bb jeudi \u00ab en vue d\u2019un examen du dossier le concernant \u00bb, conclut la procureure.<\/p>\n<p class=\"paragraph text_align_left lp-f-body-02\">Le chauffeur est \u00ab inconnu de la justice, titulaire du permis de conduire et son v\u00e9hicule est assur\u00e9. Il n\u2019\u00e9tait pas sous l\u2019emprise d\u2019alcool et de stup\u00e9fiants au moment des faits \u00bb, poursuit Marion Lozac\u2019hmeur.<\/p>\n<p class=\"paragraph text_align_left lp-f-body-02\">Ce \u00ab challenge \u00bb ou \u00ab d\u00e9fi \u00bb, venant de pays anglo-saxons o\u00f9 il est souvent appel\u00e9 \u00ab mattress surfing \u00bb ou \u00ab car surfing \u00bb <a href=\"https:\/\/www.leparisien.fr\/faits-divers\/videos-russie-le-metro-surfing-fait-une-nouvelle-victime-11-04-2013-2717963.php\" target=\"_blank\" rel=\"noreferrer nofollow noopener\">sur des r\u00e9seaux sociaux<\/a> pris\u00e9s des jeunes, n\u2019est pas tr\u00e8s connu ni tr\u00e8s pratiqu\u00e9 en France pour l\u2019heure.<\/p>\n","protected":false},"excerpt":{"rendered":"Mac\u00e9o, un gar\u00e7on de 14 ans, s\u2019est noy\u00e9 il y a une semaine \u00e0 Brian\u00e7on (Hautes-Alpes) dans un&hellip;\n","protected":false},"author":2,"featured_media":503635,"comment_status":"","ping_status":"","sticky":false,"template":"","format":"standard","meta":{"footnotes":""},"categories":[2],"tags":[11,459,118,1011,27,12,25],"class_list":{"0":"post-503634","1":"post","2":"type-post","3":"status-publish","4":"format-standard","5":"has-post-thumbnail","7":"category-actualites","8":"tag-actualites","9":"tag-departements-horsidfo","10":"tag-faits-divers","11":"tag-fr","12":"tag-france","13":"tag-news","14":"tag-republique-francaise"},"share_on_mastodon":{"url":"https:\/\/pubeurope.com\/@fr\/115472231586385455","error":""},"_links":{"self":[{"href":"https:\/\/www.europesays.com\/fr\/wp-json\/wp\/v2\/posts\/503634","targetHints":{"allow":["GET"]}}],"collection":[{"href":"https:\/\/www.europesays.com\/fr\/wp-json\/wp\/v2\/posts"}],"about":[{"href":"https:\/\/www.europesays.com\/fr\/wp-json\/wp\/v2\/types\/post"}],"author":[{"embeddable":true,"href":"https:\/\/www.europesays.com\/fr\/wp-json\/wp\/v2\/users\/2"}],"replies":[{"embeddable":true,"href":"https:\/\/www.europesays.com\/fr\/wp-json\/wp\/v2\/comments?post=503634"}],"version-history":[{"count":0,"href":"https:\/\/www.europesays.com\/fr\/wp-json\/wp\/v2\/posts\/503634\/revisions"}],"wp:featuredmedia":[{"embeddable":true,"href":"https:\/\/www.europesays.com\/fr\/wp-json\/wp\/v2\/media\/503635"}],"wp:attachment":[{"href":"https:\/\/www.europesays.com\/fr\/wp-json\/wp\/v2\/media?parent=503634"}],"wp:term":[{"taxonomy":"category","embeddable":true,"href":"https:\/\/www.europesays.com\/fr\/wp-json\/wp\/v2\/categories?post=503634"},{"taxonomy":"post_tag","embeddable":true,"href":"https:\/\/www.europesays.com\/fr\/wp-json\/wp\/v2\/tags?post=503634"}],"curies":[{"name":"wp","href":"https:\/\/api.w.org\/{rel}","templated":true}]}}