{"id":503639,"date":"2025-11-01T03:08:40","date_gmt":"2025-11-01T03:08:40","guid":{"rendered":"https:\/\/www.europesays.com\/fr\/503639\/"},"modified":"2025-11-01T03:08:40","modified_gmt":"2025-11-01T03:08:40","slug":"kai-trump-franchi-un-cap-dans-sa-carriere-de-golfeuse-sinscrivant-dans-les-pas-de-son-grand-pere","status":"publish","type":"post","link":"https:\/\/www.europesays.com\/fr\/503639\/","title":{"rendered":"Kai Trump franchi un cap dans sa carri\u00e8re de golfeuse, s&rsquo;inscrivant dans les pas de son grand-p\u00e8re"},"content":{"rendered":"<p class=\"mb-4 text-lg md:leading-8 break-words\">S\u2019il se trouve actuellement \u00e0 l\u2019autre bout de la plan\u00e8te, <a href=\"https:\/\/www.parismatch.com\/bio\/donald-trump\" rel=\"nofollow noopener\" target=\"_blank\" data-ylk=\"slk:Donald Trump;elm:context_link;itc:0;sec:content-canvas\" class=\"link \">Donald Trump<\/a> n\u2019en reste pas moins un grand-p\u00e8re fier. Sa petite fille \u00ab\u00a0pr\u00e9f\u00e9r\u00e9e\u00a0\u00bb, <a href=\"https:\/\/www.parismatch.com\/actu\/international\/kai-trump-letoile-montante-de-la-dynastie-245716\" rel=\"nofollow noopener\" target=\"_blank\" data-ylk=\"slk:Kai Trump;elm:context_link;itc:0;sec:content-canvas\" class=\"link \">Kai Trump<\/a>, avec qui il partage sa passion du golf, va participer \u00e0 sa premi\u00e8re comp\u00e9tition de la\u00a0Ladies Professional Golf Association, soit du circuit professionnel f\u00e9minin.<\/p>\n<p class=\"mb-4 text-lg md:leading-8 break-words\">Ag\u00e9e de 18\u00a0ans, la fille a\u00een\u00e9e de\u00a0<a href=\"https:\/\/www.parismatch.com\/bio\/donald-trump-jr\" rel=\"nofollow noopener\" target=\"_blank\" data-ylk=\"slk:Donald Trump Jr.;elm:context_link;itc:0;sec:content-canvas\" class=\"link \">Donald Trump Jr.<\/a> est encore en terminale, mais son potentiel sportif est tel qu\u2019il l&rsquo;a conduit \u00e0 d\u00e9j\u00e0 s\u2019engager avec\u00a0l\u2019universit\u00e9 de Miami pour la rentr\u00e9e 2026 et surtout son \u00e9quipe de golf (les Hurricanes de Miami). En attendant, la jeune femme fait partie de l\u2019\u00e9quipe de son lyc\u00e9e et participe \u00e0 des comp\u00e9titions organis\u00e9es par\u00a0l\u2019American Junior Golf Association, ainsi qu\u2019\u00e0 des petits tournois locaux.<\/p>\n<p class=\"mb-4 text-lg md:leading-8 break-words\">Mais, du haut de son jeune \u00e2ge, Kai Trump a d\u00e9j\u00e0 de nombreux sponsors derri\u00e8re elle &#8211; qui lui ont permis, en plus de sa marque de v\u00eatements de sport, d\u2019\u00eatre <a href=\"https:\/\/www.parismatch.com\/actu\/international\/kai-trump-la-petite-fille-cherie-de-donald-trump-millionnaire-pour-ses-18-ans-254663\" rel=\"nofollow noopener\" target=\"_blank\" data-ylk=\"slk:millionnaire \u00e0 peine la majorit\u00e9 atteinte;elm:context_link;itc:0;sec:content-canvas\" class=\"link \">millionnaire \u00e0 peine la majorit\u00e9 atteinte<\/a>\u00a0-, attir\u00e9s par sa tr\u00e8s grande notori\u00e9t\u00e9 sur les r\u00e9seaux sociaux (elle culmine 6\u00a0millions d\u2019abonn\u00e9s entre TikTok, Instagram et YouTube).<\/p>\n<p>\u00ab\u00a0Me mesurer \u00e0 mes idoles\u00a0\u00bb<\/p>\n<p class=\"mb-4 text-lg md:leading-8 break-words\">Une notori\u00e9t\u00e9 qui a \u00e9galement attir\u00e9 le\u00a0Pelican Golf Club de Floride, qui a d\u00e9cid\u00e9 de l\u2019inviter \u00e0 \u00ab\u00a0The Annika\u00a0\u00bb, soit \u00e0 l\u2019avant-dernier \u00e9v\u00e9nement du calendrier de la LPGA. Une comp\u00e9tition qui s\u2019annonce comme l\u2019une des plus difficiles de la saison avec notamment la championne en titre\u00a0<a href=\"https:\/\/www.parismatch.com\/Vivre\/Montres\/Nelly-Korda-nouvelle-partenaire-Richard-Mille-1613829\" rel=\"nofollow noopener\" target=\"_blank\" data-ylk=\"slk:Nelly Korda;elm:context_link;itc:0;sec:content-canvas\" class=\"link \">Nelly Korda<\/a> et la superstar du golf f\u00e9minin\u00a0Caitlin Clark d\u2019annonc\u00e9es. \u00ab\u00a0Kai Trump est pa&#8230;<\/p>\n<p class=\"mb-4 text-lg md:leading-8 break-words\"><a href=\"https:\/\/www.parismatch.com\/actu\/international\/kai-trump-franchi-un-cap-dans-sa-carriere-de-golfeuse-sinscrivant-dans-les-pas-de-son-grand-pere-259327?at_medium=affiliate&amp;at_campaign=Yahoo\" rel=\"nofollow noopener\" target=\"_blank\" data-ylk=\"slk:Lire la suite sur ParisMatch;elm:context_link;itc:0;sec:content-canvas\" class=\"link \">Lire la suite sur ParisMatch<\/a><\/p>\n","protected":false},"excerpt":{"rendered":"S\u2019il se trouve actuellement \u00e0 l\u2019autre bout de la plan\u00e8te, Donald Trump n\u2019en reste pas moins un grand-p\u00e8re&hellip;\n","protected":false},"author":2,"featured_media":503640,"comment_status":"","ping_status":"","sticky":false,"template":"","format":"standard","meta":{"footnotes":""},"categories":[1418],"tags":[62592,75,1011,27,1472,62590,62591,62589,60],"class_list":{"0":"post-503639","1":"post","2":"type-post","3":"status-publish","4":"format-standard","5":"has-post-thumbnail","7":"category-golf","8":"tag-caitlin-clark","9":"tag-donald-trump","10":"tag-fr","11":"tag-france","12":"tag-golf","13":"tag-junior-golf-association","14":"tag-kai-trump","15":"tag-ladies-professional-golf-association","16":"tag-sports"},"share_on_mastodon":{"url":"https:\/\/pubeurope.com\/@fr\/115472243306927454","error":""},"_links":{"self":[{"href":"https:\/\/www.europesays.com\/fr\/wp-json\/wp\/v2\/posts\/503639","targetHints":{"allow":["GET"]}}],"collection":[{"href":"https:\/\/www.europesays.com\/fr\/wp-json\/wp\/v2\/posts"}],"about":[{"href":"https:\/\/www.europesays.com\/fr\/wp-json\/wp\/v2\/types\/post"}],"author":[{"embeddable":true,"href":"https:\/\/www.europesays.com\/fr\/wp-json\/wp\/v2\/users\/2"}],"replies":[{"embeddable":true,"href":"https:\/\/www.europesays.com\/fr\/wp-json\/wp\/v2\/comments?post=503639"}],"version-history":[{"count":0,"href":"https:\/\/www.europesays.com\/fr\/wp-json\/wp\/v2\/posts\/503639\/revisions"}],"wp:featuredmedia":[{"embeddable":true,"href":"https:\/\/www.europesays.com\/fr\/wp-json\/wp\/v2\/media\/503640"}],"wp:attachment":[{"href":"https:\/\/www.europesays.com\/fr\/wp-json\/wp\/v2\/media?parent=503639"}],"wp:term":[{"taxonomy":"category","embeddable":true,"href":"https:\/\/www.europesays.com\/fr\/wp-json\/wp\/v2\/categories?post=503639"},{"taxonomy":"post_tag","embeddable":true,"href":"https:\/\/www.europesays.com\/fr\/wp-json\/wp\/v2\/tags?post=503639"}],"curies":[{"name":"wp","href":"https:\/\/api.w.org\/{rel}","templated":true}]}}