{"id":503647,"date":"2025-11-01T03:16:11","date_gmt":"2025-11-01T03:16:11","guid":{"rendered":"https:\/\/www.europesays.com\/fr\/503647\/"},"modified":"2025-11-01T03:16:11","modified_gmt":"2025-11-01T03:16:11","slug":"om-riolo-sort-lartillerie-lourde-pour-relancer-de-zerbi-a-auxerre","status":"publish","type":"post","link":"https:\/\/www.europesays.com\/fr\/503647\/","title":{"rendered":"OM : Riolo sort l\u2019artillerie lourde pour relancer De Zerbi \u00e0 Auxerre\u00a0"},"content":{"rendered":"<p><strong>Selon Daniel Riolo, l\u2019<a href=\"https:\/\/www.butfootballclub.fr\/625524-lom-sort-du-silence-apres-le-malaise-de-bilal-nadir-face-a-angers\/\" target=\"_blank\" rel=\"noopener\">Olympique de Marseille<\/a> ne peut plus se permettre certaines approximations et doit augmenter son niveau d\u2019exigence pour redevenir un pr\u00e9tendant s\u00e9rieux en Ligue 1.<\/strong><\/p>\n<p>L\u2019OM accroch\u00e9 mercredi au V\u00e9lodrome par Angers (2-2), Daniel Riolo a tir\u00e9 la sonnette d\u2019alarme. Le journaliste de RMC Sport a \u00e9t\u00e9 clair : \u00ab\u202fLe club doit se stabiliser mais reste \u00e0 savoir \u00e0 quel niveau. S\u2019il veut appartenir au monde des grands, \u00e7a doit passer par une exigence beaucoup plus importante qui doit leur interdire de faire ce match.\u202f\u00bb\u00a0<\/p>\n<p>Pour Riolo, le message est simple : l\u2019<a href=\"https:\/\/www.butfootballclub.fr\/625578-om-mercato-la-premiere-recrue-hivernale-a-fuite-cest-du-lourd\/\" target=\"_blank\" rel=\"noopener\">OM<\/a> doit apprendre de ses erreurs, corriger ses lacunes et s\u2019imposer avec plus de rigueur, sous peine de rester \u00e0 la tra\u00eene face aux meilleurs clubs fran\u00e7ais et europ\u00e9ens. Cette analyse met en lumi\u00e8re les d\u00e9fis auxquels Roberto De Zerbi est confront\u00e9. Apr\u00e8s quelques performances mitig\u00e9es, l\u2019<a href=\"https:\/\/www.butfootballclub.fr\/625551-om-le-gros-atout-de-de-zerbi-qui-peut-faire-jalouser-le-real-madrid-et-le-fc-barcelone\/\" target=\"_blank\" rel=\"noopener\">OM<\/a> doit retrouver de la coh\u00e9rence tactique et mentale.\u00a0<\/p>\n<p>Riolo insiste sur la n\u00e9cessit\u00e9 d\u2019une exigence quotidienne, tant \u00e0 l\u2019entra\u00eenement que sur le terrain, pour transformer l\u2019\u00e9quipe en un collectif capable de viser les sommets. Si Marseille veut vraiment s\u2019inscrire dans le monde des grands, chaque joueur devra s\u2019adapter \u00e0 cette nouvelle rigueur. Les supporters attendent des r\u00e9ponses rapides et concr\u00e8tes d\u00e8s ce samedi \u00e0 Auxerre, o\u00f9 l\u2019OM s\u2019\u00e9tait inclin\u00e9 en f\u00e9vrier dernier dans les grandes largeurs (0-3).<\/p>\n","protected":false},"excerpt":{"rendered":"Selon Daniel Riolo, l\u2019Olympique de Marseille ne peut plus se permettre certaines approximations et doit augmenter son niveau&hellip;\n","protected":false},"author":2,"featured_media":503648,"comment_status":"","ping_status":"","sticky":false,"template":"","format":"standard","meta":{"footnotes":""},"categories":[1410],"tags":[11,448,63,1011,27,66,3388,12,60,10662],"class_list":{"0":"post-503647","1":"post","2":"type-post","3":"status-publish","4":"format-standard","5":"has-post-thumbnail","7":"category-football","8":"tag-actualites","9":"tag-champions-league","10":"tag-football","11":"tag-fr","12":"tag-france","13":"tag-ligue-1","14":"tag-matchs","15":"tag-news","16":"tag-sports","17":"tag-transferts"},"share_on_mastodon":{"url":"https:\/\/pubeurope.com\/@fr\/115472274801591164","error":""},"_links":{"self":[{"href":"https:\/\/www.europesays.com\/fr\/wp-json\/wp\/v2\/posts\/503647","targetHints":{"allow":["GET"]}}],"collection":[{"href":"https:\/\/www.europesays.com\/fr\/wp-json\/wp\/v2\/posts"}],"about":[{"href":"https:\/\/www.europesays.com\/fr\/wp-json\/wp\/v2\/types\/post"}],"author":[{"embeddable":true,"href":"https:\/\/www.europesays.com\/fr\/wp-json\/wp\/v2\/users\/2"}],"replies":[{"embeddable":true,"href":"https:\/\/www.europesays.com\/fr\/wp-json\/wp\/v2\/comments?post=503647"}],"version-history":[{"count":0,"href":"https:\/\/www.europesays.com\/fr\/wp-json\/wp\/v2\/posts\/503647\/revisions"}],"wp:featuredmedia":[{"embeddable":true,"href":"https:\/\/www.europesays.com\/fr\/wp-json\/wp\/v2\/media\/503648"}],"wp:attachment":[{"href":"https:\/\/www.europesays.com\/fr\/wp-json\/wp\/v2\/media?parent=503647"}],"wp:term":[{"taxonomy":"category","embeddable":true,"href":"https:\/\/www.europesays.com\/fr\/wp-json\/wp\/v2\/categories?post=503647"},{"taxonomy":"post_tag","embeddable":true,"href":"https:\/\/www.europesays.com\/fr\/wp-json\/wp\/v2\/tags?post=503647"}],"curies":[{"name":"wp","href":"https:\/\/api.w.org\/{rel}","templated":true}]}}