{"id":503649,"date":"2025-11-01T03:17:13","date_gmt":"2025-11-01T03:17:13","guid":{"rendered":"https:\/\/www.europesays.com\/fr\/503649\/"},"modified":"2025-11-01T03:17:13","modified_gmt":"2025-11-01T03:17:13","slug":"lacteur-tcheky-karyo-est-mort-a-lage-de-72-ans","status":"publish","type":"post","link":"https:\/\/www.europesays.com\/fr\/503649\/","title":{"rendered":"L\u2019acteur Tch\u00e9ky Karyo est mort \u00e0 l\u2019\u00e2ge de 72 ans"},"content":{"rendered":"<p>\n    L\u2019acteur est apparu dans de nombreux films dont L\u2019Ours, Nikita, ou encore La Balance.<\/p>\n<p class=\"fig-paragraph\">L\u2019acteur franco-turc\u00a0<a href=\"https:\/\/tvmag.lefigaro.fr\/programme-tv\/tcheky-karyo-dans-un-spin-off-de-the-missing_69e3ae10-760c-11e8-bf9f-db1afb45932a\" data-fig-type=\"Article\" data-gtm-custom-categorie=\"navigation\" data-gtm-custom-action=\"crossclick\" data-gtm-custom-label=\"Contextuel\" data-gtm-event=\"customEventSPE\" data-fig-domain=\"TVMAG\" rel=\"nofollow noopener\" target=\"_blank\">Tch\u00e9ky Karyo<\/a>, qui a jou\u00e9 dans environ 80 films dont L\u2019Ours de Jean-Jacques Annaud et \u00abNikita\u00bb de Luc Besson, est d\u00e9c\u00e9d\u00e9 vendredi \u00e0 l\u2019\u00e2ge de 72 ans, a annonc\u00e9 \u00e0 l\u2019AFP son agente Elisabeth Tanner. \u00abVal\u00e9rie Keruzor\u00e9, son \u00e9pouse, et leurs enfants ont la douleur de faire part de la disparition de Tch\u00e9ky Karyo emport\u00e9 par un cancer ce vendredi 31 octobre\u00bb, indique un communiqu\u00e9 de sa famille transmis \u00e0 l\u2019AFP.<\/p>\n<p class=\"fig-paragraph\">N\u00e9 \u00e0 Istanbul en 1953, Tch\u00e9ky Karyo s\u2019\u00e9tait fait conna\u00eetre du grand public \u00e0 la fin des ann\u00e9es 1980 en tenant le premier r\u00f4le dans L\u2019Ours, grand succ\u00e8s en salles avec pr\u00e8s de neuf millions d\u2019entr\u00e9es, o\u00f9 il campait un chasseur de plantigrades pris de remords. En 1990, le com\u00e9dien au regard per\u00e7ant et \u00e0 la m\u00e2choire carr\u00e9e avait encha\u00een\u00e9 avec un autre succ\u00e8s en jouant le r\u00f4le ambigu de l\u2019agent recruteur de Nikita, redoutable tueuse \u00e0 gage incarn\u00e9e par Anne Parillaud devant la cam\u00e9ra de Luc Besson.<\/p>\n<p>                                    <a class=\"fig-a11y-skip a11y-hidden\" href=\"#fig-a11y-skip-main-inarticle\"><br \/>\n        Passer la publicit\u00e9<br \/>\n    <\/a><\/p>\n<p>Cin\u00e9ma d\u2019auteur<\/p>\n<p class=\"fig-paragraph\">La carri\u00e8re de ce polyglotte ma\u00eetrisant le fran\u00e7ais, l\u2019anglais, l\u2019espagnol et l\u2019arabe avait d\u00e9but\u00e9 dans le cin\u00e9ma d\u2019auteur fran\u00e7ais, notamment en 1982 devant la cam\u00e9ra de Chantal Akerman pour Toute une nuit et devant celle d\u2019Eric Rohmer en 1984 dans Les Nuits de la pleine lune. Sa filmographie \u00e9clectique l\u2019a fait c\u00f4toyer Jean-Pierre Jeunet dans Le Fabuleux destin d\u2019Am\u00e9lie Poulain (2001) et l\u2019a port\u00e9 vers des cin\u00e9astes \u00e9trangers, notamment le Br\u00e9silien Walter Salles (Terra Estrangeira, 1995) ou l\u2019Am\u00e9ricain Ridley Scott dans 1492: Christophe Colomb aux c\u00f4t\u00e9s de G\u00e9rard Depardieu.<\/p>\n<p class=\"fig-paragraph\">Tch\u00e9ky Karyo a \u00e9galement eu une longue carri\u00e8re sur les planches et s\u2019\u00e9tait notamment produit au Festival d\u2019Avignon au d\u00e9but des ann\u00e9es 1980. \u00abCe m\u00e9tier m\u2019a aid\u00e9 \u00e0 devenir un homme meilleur. L\u2019art dramatique est un moyen d\u2019aller sur un espace r\u00e9serv\u00e9 et magique dans lequel on entre en compagnie d\u2019autres personnes qui ont besoin aussi de cette pulsion et peut-\u00eatre de prendre du recul par rapport \u00e0 eux-m\u00eames\u00bb, d\u00e9clarait-il en 2017 dans les colonnes du journal Midi Libre.<\/p>\n","protected":false},"excerpt":{"rendered":"L\u2019acteur est apparu dans de nombreux films dont L\u2019Ours, Nikita, ou encore La Balance. L\u2019acteur franco-turc\u00a0Tch\u00e9ky Karyo, qui&hellip;\n","protected":false},"author":2,"featured_media":503650,"comment_status":"","ping_status":"","sticky":false,"template":"","format":"standard","meta":{"footnotes":""},"categories":[1359],"tags":[2084,2083,2080,650,58,59,2081,1346,1011,27,973,2082],"class_list":{"0":"post-503649","1":"post","2":"type-post","3":"status-publish","4":"format-standard","5":"has-post-thumbnail","7":"category-people","8":"tag-affiche","9":"tag-bandes-annonces","10":"tag-box-office","11":"tag-cinema","12":"tag-divertissement","13":"tag-entertainment","14":"tag-film","15":"tag-films","16":"tag-fr","17":"tag-france","18":"tag-people","19":"tag-salles"},"share_on_mastodon":{"url":"https:\/\/pubeurope.com\/@fr\/115472278702434498","error":""},"_links":{"self":[{"href":"https:\/\/www.europesays.com\/fr\/wp-json\/wp\/v2\/posts\/503649","targetHints":{"allow":["GET"]}}],"collection":[{"href":"https:\/\/www.europesays.com\/fr\/wp-json\/wp\/v2\/posts"}],"about":[{"href":"https:\/\/www.europesays.com\/fr\/wp-json\/wp\/v2\/types\/post"}],"author":[{"embeddable":true,"href":"https:\/\/www.europesays.com\/fr\/wp-json\/wp\/v2\/users\/2"}],"replies":[{"embeddable":true,"href":"https:\/\/www.europesays.com\/fr\/wp-json\/wp\/v2\/comments?post=503649"}],"version-history":[{"count":0,"href":"https:\/\/www.europesays.com\/fr\/wp-json\/wp\/v2\/posts\/503649\/revisions"}],"wp:featuredmedia":[{"embeddable":true,"href":"https:\/\/www.europesays.com\/fr\/wp-json\/wp\/v2\/media\/503650"}],"wp:attachment":[{"href":"https:\/\/www.europesays.com\/fr\/wp-json\/wp\/v2\/media?parent=503649"}],"wp:term":[{"taxonomy":"category","embeddable":true,"href":"https:\/\/www.europesays.com\/fr\/wp-json\/wp\/v2\/categories?post=503649"},{"taxonomy":"post_tag","embeddable":true,"href":"https:\/\/www.europesays.com\/fr\/wp-json\/wp\/v2\/tags?post=503649"}],"curies":[{"name":"wp","href":"https:\/\/api.w.org\/{rel}","templated":true}]}}