{"id":50365,"date":"2025-04-24T23:30:11","date_gmt":"2025-04-24T23:30:11","guid":{"rendered":"https:\/\/www.europesays.com\/fr\/50365\/"},"modified":"2025-04-24T23:30:11","modified_gmt":"2025-04-24T23:30:11","slug":"belgique-espagne-italie-comment-les-cancres-de-lotan-sarrangent-pour-atteindre-les-2-de-depenses-militaires","status":"publish","type":"post","link":"https:\/\/www.europesays.com\/fr\/50365\/","title":{"rendered":"Belgique, Espagne, Italie&#8230; Comment les \u00abcancres\u00bb de l\u2019Otan s\u2019arrangent pour atteindre les 2% de d\u00e9penses militaires"},"content":{"rendered":"<p><strong>D\u00c9CRYPTAGE<\/strong> &#8211; Huit des 32 membres de l\u2019organisation transatlantique n\u2019atteignent toujours pas l\u2019objectif, alors que celui-ci devrait \u00eatre relev\u00e9 au mois de juin.<\/p>\n<p class=\"fig-paragraph\">\u00c0 peine nomm\u00e9 premier ministre de la Belgique, deux heures auparavant,\u00a0<a href=\"http:\/\/www.lefigaro.fr\/international\/bart-de-wever-un-nationaliste-flamand-a-la-tete-de-la-belgique-pour-la-premiere-fois-20250202\" data-fig-type=\"Article\" data-gtm-custom-categorie=\"navigation\" data-gtm-custom-action=\"crossclick\" data-gtm-custom-label=\"Contextuel\" data-gtm-event=\"customEventSPE\" data-fig-domain=\"LEFIGARO\" target=\"_blank\" rel=\"noopener\">Bart De\u00a0Wever<\/a>\u00a0rejoignait, le 3\u00a0f\u00e9vrier, son premier sommet des Vingt-Sept, consacr\u00e9 \u00e0 la d\u00e9fense. D\u00e8s son arriv\u00e9e, il \u00e9tait interrog\u00e9 sur le nouvel objectif fix\u00e9 par Donald Trump aux Europ\u00e9ens de consacrer 5\u00a0% de leur PIB \u00e0 la d\u00e9fense. \u00ab\u00a0Cinq pour cent\u00a0? s\u2019\u00e9tranglait-il, sous la surprise. Nous esp\u00e9rons arriver \u00e0 2\u00a0%.\u00a0\u00bb La Belgique fait en effet partie des\u00a0<a href=\"http:\/\/www.lefigaro.fr\/international\/le-chef-de-l-otan-avertit-qu-une-attaque-contre-la-pologne-ou-tout-autre-allie-serait-devastatrice-20250326\" target=\"_blank\" data-fig-type=\"NewsFlash\" rel=\"noopener\" data-gtm-custom-categorie=\"navigation\" data-gtm-custom-action=\"crossclick\" data-gtm-custom-label=\"Contextuel\" data-gtm-event=\"customEventSPE\" data-fig-domain=\"LEFIGARO\">huit pays membres de l\u2019Otan<\/a>\u00a0(sur 32) qui n\u2019atteignaient toujours pas en 2024 le seuil de 2\u00a0% adopt\u00e9 en 2014, avec l\u2019Espagne, le Portugal, la Slov\u00e9nie, le Luxembourg, le Canada, l\u2019Italie et la Croatie. Ces derniers s\u2019efforcent de se mettre au niveau, avant le sommet de l\u2019Otan, fin juin, \u00e0 La\u00a0Haye, o\u00f9 cet objectif devrait \u00eatre relev\u00e9 \u00e0 plus de 3\u00a0%.<\/p>\n<p class=\"fig-paragraph\">Il s\u2019agit pour les alli\u00e9s de faire face \u00e0 la menace croissante per\u00e7ue de la Russie, tout en r\u00e9pondant \u00e0 la pression de Trump. Celui-ci n\u2019a de cesse de stigmatiser les pays qui ne paient pas leur d\u00fb \u00e0 l\u2019Alliance atlantique,\u00a0<\/p>\n<p class=\"fig-premium-paywall__infos\">\n        Cet article est r\u00e9serv\u00e9 aux abonn\u00e9s.        Il vous reste 83% \u00e0 d\u00e9couvrir.\n    <\/p>\n<p>                <img  data- alt=\"Le Figaro\" class=\"fig-img--complete fig-img\"\/><\/p>\n<p class=\"fig-premium-paywall__title\">Vous avez envie de lire la suite ?<\/p>\n<p class=\"fig-premium-paywall__subtitle\">D\u00e9bloquez tous les articles imm\u00e9diatement.<\/p>\n<p class=\"fig-premium-paywall__connect\">\n                D\u00e9j\u00e0 abonn\u00e9\u00a0?                <a class=\"fig-premium-paywall__connect-link\" href=\"https:\/\/connect.lefigaro.fr\/login?client=horizon_web&amp;type=main&amp;redirect_uri=https%3A%2F%2Fwww.lefigaro.fr%2Finternational%2Fbelgique-espagne-italie-comment-les-cancres-de-l-otan-s-arrangent-pour-atteindre-les-2-de-depenses-militaires-20250424\" data-js-gtm=\"{&quot;customCategorie&quot;: &quot;conversion&quot;, &quot;customAction&quot;: &quot;before_Landing_Connexion_paywall_auto&quot;, &quot;customLabel&quot;: &quot;bGVmaWdhcm8uZnJfXzFmMDIwZjQxLWM1ODctNmNlNC05NWIxLWU5OGY3MDYzMDY3NV9fQXJ0aWNsZQ==_Belgique, Espagne, Italie... Comment les \u00abcancres\u00bb de l\u2019Otan s\u2019arrangent pour atteindre les 2% de d\u00e9penses militaires_213&quot;, &quot;customIDSPE&quot;: &quot;bGVmaWdhcm8uZnJfXzFmMDIwZjQxLWM1ODctNmNlNC05NWIxLWU5OGY3MDYzMDY3NV9fQXJ0aWNsZQ==&quot;, &quot;event&quot;: &quot;customEventSPE&quot;}\" target=\"_blank\" rel=\"noopener\"><br \/>\n                    Connectez-vous<br \/>\n                <\/a>\n            <\/p>\n","protected":false},"excerpt":{"rendered":"D\u00c9CRYPTAGE &#8211; Huit des 32 membres de l\u2019organisation transatlantique n\u2019atteignent toujours pas l\u2019objectif, alors que celui-ci devrait \u00eatre&hellip;\n","protected":false},"author":2,"featured_media":50366,"comment_status":"","ping_status":"","sticky":false,"template":"","format":"standard","meta":{"footnotes":""},"categories":[5],"tags":[259,11,260,771,1011,27,14,261,12,136,262,28],"class_list":{"0":"post-50365","1":"post","2":"type-post","3":"status-publish","4":"format-standard","5":"has-post-thumbnail","7":"category-international","8":"tag-actualite-internationale","9":"tag-actualites","10":"tag-affaires-etrangeres","11":"tag-defense-europeenne","12":"tag-fr","13":"tag-france","14":"tag-international","15":"tag-ministere-des-affaires-etrangeres","16":"tag-news","17":"tag-otan","18":"tag-politique-etrangere","19":"tag-world"},"share_on_mastodon":{"url":"https:\/\/pubeurope.com\/@fr\/114395547121209176","error":""},"_links":{"self":[{"href":"https:\/\/www.europesays.com\/fr\/wp-json\/wp\/v2\/posts\/50365","targetHints":{"allow":["GET"]}}],"collection":[{"href":"https:\/\/www.europesays.com\/fr\/wp-json\/wp\/v2\/posts"}],"about":[{"href":"https:\/\/www.europesays.com\/fr\/wp-json\/wp\/v2\/types\/post"}],"author":[{"embeddable":true,"href":"https:\/\/www.europesays.com\/fr\/wp-json\/wp\/v2\/users\/2"}],"replies":[{"embeddable":true,"href":"https:\/\/www.europesays.com\/fr\/wp-json\/wp\/v2\/comments?post=50365"}],"version-history":[{"count":0,"href":"https:\/\/www.europesays.com\/fr\/wp-json\/wp\/v2\/posts\/50365\/revisions"}],"wp:featuredmedia":[{"embeddable":true,"href":"https:\/\/www.europesays.com\/fr\/wp-json\/wp\/v2\/media\/50366"}],"wp:attachment":[{"href":"https:\/\/www.europesays.com\/fr\/wp-json\/wp\/v2\/media?parent=50365"}],"wp:term":[{"taxonomy":"category","embeddable":true,"href":"https:\/\/www.europesays.com\/fr\/wp-json\/wp\/v2\/categories?post=50365"},{"taxonomy":"post_tag","embeddable":true,"href":"https:\/\/www.europesays.com\/fr\/wp-json\/wp\/v2\/tags?post=50365"}],"curies":[{"name":"wp","href":"https:\/\/api.w.org\/{rel}","templated":true}]}}