{"id":503658,"date":"2025-11-01T03:24:13","date_gmt":"2025-11-01T03:24:13","guid":{"rendered":"https:\/\/www.europesays.com\/fr\/503658\/"},"modified":"2025-11-01T03:24:13","modified_gmt":"2025-11-01T03:24:13","slug":"mercato-une-pepite-bresilienne-soffre-au-psg-goal-com","status":"publish","type":"post","link":"https:\/\/www.europesays.com\/fr\/503658\/","title":{"rendered":"Mercato, une p\u00e9pite br\u00e9silienne s&#039;offre au PSG &#8211; Goal.com"},"content":{"rendered":"<ol>\n<li><a href=\"https:\/\/news.google.com\/rss\/articles\/CBMinAFBVV95cUxPb2Q0TkJrT3NRS0l0eFlXM3daUElQSUJkbktLdnNUeXhSVVBuS2FzZ3ZZVmJBUVo4aWZXZEFxa09tVEVKSnZ6bVAycGs5RXdGOFB3S0dpSmduWnhnRGYyMjIxRjg2T1BMR2FZS2UzWVEyM1Ewa051cjcxSUZ6Wjh6cnFfTmViZEI0VHMtNGoyVkZzNUY3aFZRaHNyT2I?oc=5\" target=\"_blank\" rel=\"nofollow noopener\">Mercato, une p\u00e9pite br\u00e9silienne s&rsquo;offre au PSG<\/a>&nbsp;&nbsp;Goal.com<\/li>\n<li><a href=\"https:\/\/news.google.com\/rss\/articles\/CBMirgFBVV95cUxPTTZ0VGVndUEzcng4NU04OUxTMUxlTzFUVnA0aEFyRGZySVEwcXIyM0dxWHF0OE94Y0dheXAtbks0cC1WUThNc1hpLV9pY2V5M05yRkk4TnFMOW5xaFQ3S0t2R0dyS1c0ZTdmZ3NtZEV5MEJON09pLWlPbmZ0TXNIYlFMdWlHcEVIdnRBbi14R1ZyREo4RmlWRmQzQXNIQXVaZDJiZF9XQkxWeWU4WWc?oc=5\" target=\"_blank\" rel=\"nofollow noopener\">D\u00e9sir\u00e9 Dou\u00e9 \u00e0 nouveau sur le flanc, des questions en pagaille<\/a>&nbsp;&nbsp;L&rsquo;\u00c9quipe<\/li>\n<li><a href=\"https:\/\/news.google.com\/rss\/articles\/CBMinwFBVV95cUxNcldhVjdwUGk5OGJBUDFjaXE4Mjl4ejM1cUhjRmRpcEktdzZYYTVCakFOaHpoRkZpTngyUThJZ2kwWW5NNjRwMWtPTE5kcFcweUZQZVFlWERKb1F3TGdiVVQ0UXZSQUpod2JpWGlUUUlqOTBucGt5QmZwMFVLVDhEOVRGdllUTDYyWUxzVzV2ZHF1cHItTzdVMlFQdzdnbEk?oc=5\" target=\"_blank\" rel=\"nofollow noopener\">Le PSG a pris une grosse d\u00e9cision pour D\u00e9sir\u00e9 Dou\u00e9<\/a>&nbsp;&nbsp;Foot Mercato<\/li>\n<li><a href=\"https:\/\/news.google.com\/rss\/articles\/CBMihwJBVV95cUxOT2xteFpZcEx1R0NuOVJKTVZXcmFDN3M4eHRhTFZ3WkNWWjRIdG1qdDdidHM5LVM5RjlQcmxUOTFiMVNZVmxVMnM5Y2RsVjQtaG9mdHF5dzZKYmk1TlM3Z1NLeC04MXdoWGpaMkVsZzJnVlByaERCWlBsMldZTlp3TURCWVpTY0ZkWW9pZWVBRHpkeGFpaVFIM0VaY1BTd1dCOGV6d2c1b3FkejBfWFVURm9fdW5QcHRPdm5nMGRVN1IybkJzeW9SMFVteUtPR0FNaEJQOFp2YVlOVXZQVmEwYlAtci0yMkhGNHI3UnF0bFZxZnVkZnlfMEZPdXJsMm44VGVYZF81Zw?oc=5\" target=\"_blank\" rel=\"nofollow noopener\">PSG: D\u00e9sir\u00e9 Dou\u00e9 victime de la mal\u00e9diction du meilleur joueur de la finale de la Ligue des champions?<\/a>&nbsp;&nbsp;RMC Sport<\/li>\n<li><a href=\"https:\/\/news.google.com\/rss\/articles\/CBMi8gFBVV95cUxNaHhLajB4ZTh1NUZMZXh3YmxlSENLejhicFpnaktjNktKNG9DcnFrbEsxUm5vWmNZWmZNSWFjOFY3a1Z1ai1kbjllSXRqanA1OENaY1NhMGduQUs0MjN2QWtYRUhPWWs5UVVhYjdhNzlLV1lRa3hLTU1CNGhqbUw1cmhaZVJWLXpscGdNSzM2dlAzajFlR0t2SnB0d1JGbElPTHBaOWFnT3JmdVdCbHo5dGI2Z2ZYYnhjZUVkYVhiY29wajdjQTZBQ0s1QTctalVVNnFPSmVuNXc4Wm1RX293cVJHTDdPTDNzZVdZeUFhY2k2QQ?oc=5\" target=\"_blank\" rel=\"nofollow noopener\">D\u00e9sir\u00e9 Dou\u00e9 bless\u00e9 : pourquoi les probl\u00e8mes musculaires s\u2019encha\u00eenent au PSG ?<\/a>&nbsp;&nbsp;Le Parisien<\/li>\n<\/ol>\n","protected":false},"excerpt":{"rendered":"Mercato, une p\u00e9pite br\u00e9silienne s&rsquo;offre au PSG&nbsp;&nbsp;Goal.com D\u00e9sir\u00e9 Dou\u00e9 \u00e0 nouveau sur le flanc, des questions en pagaille&nbsp;&nbsp;L&rsquo;\u00c9quipe&hellip;\n","protected":false},"author":2,"featured_media":503659,"comment_status":"","ping_status":"","sticky":false,"template":"","format":"standard","meta":{"footnotes":""},"categories":[9],"tags":[1011,27,66,1434,2401,91,13626,33336,33323,67,60,28401,62593,62594],"class_list":{"0":"post-503658","1":"post","2":"type-post","3":"status-publish","4":"format-standard","5":"has-post-thumbnail","7":"category-sports","8":"tag-fr","9":"tag-france","10":"tag-ligue-1","11":"tag-mercato","12":"tag-nice","13":"tag-paris-saint-germain","14":"tag-paris-saint-germain-vs-nice","15":"tag-rayan","16":"tag-sao-paulo","17":"tag-serie-a","18":"tag-sports","19":"tag-transfers","20":"tag-vasco-da-gama","21":"tag-vasco-da-gama-vs-sao-paulo"},"share_on_mastodon":{"url":"https:\/\/pubeurope.com\/@fr\/115472306357049643","error":""},"_links":{"self":[{"href":"https:\/\/www.europesays.com\/fr\/wp-json\/wp\/v2\/posts\/503658","targetHints":{"allow":["GET"]}}],"collection":[{"href":"https:\/\/www.europesays.com\/fr\/wp-json\/wp\/v2\/posts"}],"about":[{"href":"https:\/\/www.europesays.com\/fr\/wp-json\/wp\/v2\/types\/post"}],"author":[{"embeddable":true,"href":"https:\/\/www.europesays.com\/fr\/wp-json\/wp\/v2\/users\/2"}],"replies":[{"embeddable":true,"href":"https:\/\/www.europesays.com\/fr\/wp-json\/wp\/v2\/comments?post=503658"}],"version-history":[{"count":0,"href":"https:\/\/www.europesays.com\/fr\/wp-json\/wp\/v2\/posts\/503658\/revisions"}],"wp:featuredmedia":[{"embeddable":true,"href":"https:\/\/www.europesays.com\/fr\/wp-json\/wp\/v2\/media\/503659"}],"wp:attachment":[{"href":"https:\/\/www.europesays.com\/fr\/wp-json\/wp\/v2\/media?parent=503658"}],"wp:term":[{"taxonomy":"category","embeddable":true,"href":"https:\/\/www.europesays.com\/fr\/wp-json\/wp\/v2\/categories?post=503658"},{"taxonomy":"post_tag","embeddable":true,"href":"https:\/\/www.europesays.com\/fr\/wp-json\/wp\/v2\/tags?post=503658"}],"curies":[{"name":"wp","href":"https:\/\/api.w.org\/{rel}","templated":true}]}}