{"id":503674,"date":"2025-11-01T03:33:25","date_gmt":"2025-11-01T03:33:25","guid":{"rendered":"https:\/\/www.europesays.com\/fr\/503674\/"},"modified":"2025-11-01T03:33:25","modified_gmt":"2025-11-01T03:33:25","slug":"ce-nouveau-magasin-rachete-vos-sneakers-et-peut-vous-trouver-la-paire-de-vos-reves","status":"publish","type":"post","link":"https:\/\/www.europesays.com\/fr\/503674\/","title":{"rendered":"ce nouveau magasin rach\u00e8te vos sneakers et peut vous trouver la paire de vos r\u00eaves"},"content":{"rendered":"<p>            Par<br \/>\n        <strong><br \/>\n            <a href=\"https:\/\/actu.fr\/auteur\/pierre-emile-bouchy-actu-fr\" title=\"Consulter tous les articles de Paul-Emile Bouchy\" target=\"_blank\" rel=\"noopener\">Paul-Emile Bouchy<\/a><br \/>\n        <\/strong><\/p>\n<p>        Publi\u00e9 le<\/p>\n<p>            31 oct. 2025 \u00e0 15h30        <\/p>\n<p>\u00c0 deux pas de la <a href=\"https:\/\/actu.fr\/tag\/place-stanislas\" target=\"_blank\" rel=\"noopener\">place Stanislas<\/a>, un<a href=\"https:\/\/actu.fr\/tag\/nouveaux-commerces\" target=\"_blank\" rel=\"noopener\"> nouveau commerce<\/a> ouvre ses portes <strong>ce samedi 1er\u00a0novembre<\/strong> \u00e0 <a href=\"https:\/\/actu.fr\/grand-est\/nancy_54395\" target=\"_blank\" rel=\"noopener\">Nancy<\/a> (Meurthe-et-Moselle).<\/p>\n<p class=\" wall-content\">Nomm\u00e9 <strong>\u00ab\u2009W4K\u2009\u00bb pour \u00ab\u2009Warehouse for kicks\u2009\u00bb <\/strong>(entrep\u00f4t pour sneakers en fran\u00e7ais), <strong>ce magasin vend des mod\u00e8les de baskets et des v\u00eatements <\/strong><strong>streetwear<\/strong>\u00a0neufs ou d\u2019occasion de marque et propose aussi de <strong>racheter vos plus belles pi\u00e8ces<\/strong> qui dorment au fond de votre placard.<\/p>\n<p>Des sneakers et des pi\u00e8ces rares de grandes marques disponibles<\/p>\n<p class=\" wall-content\">Situ\u00e9e au 9 rue d\u2019Amerval, cette boutique intimiste regorge de pi\u00e8ces de marques tendances\u2009: <strong>Nike, Jordan, New Balance, Supreme, Off-White, Paired, Palace<\/strong>\u2026<\/p>\n<p class=\" wall-content\">Son g\u00e9rant, Tom Jumeaux, explique le concept\u2009: \u00ab\u2009Je rach\u00e8te des sneakers ou des v\u00eatements neufs ou d\u2019occasion \u00e0 des particuliers au prix du march\u00e9. J\u2019ai donc certaines pi\u00e8ces qui sont difficiles \u00e0 trouver dans le commerce.\u2009\u00bb<\/p>\n<p class=\" wall-content\">De ce fait, les chaussures ou les habits ne sont disponibles que dans une taille mais ce n\u2019est pas un probl\u00e8me pour lui. <strong>\u00ab\u2009Si un client recherche une paire ou une pi\u00e8ce sp\u00e9cifique dans une certaine taille, je peux r\u00e9ussir \u00e0 l\u2019avoir en quelques jours<\/strong> et le recontacter\u2009\u00bb, explique Tom.<\/p>\n<blockquote class=\"tiktok-embed\" cite=\"https:\/\/www.tiktok.com\/@lorraine.actu\/video\/7567396113796402454\" data-video-id=\"7567396113796402454\" data-embed-from=\"oembed\" style=\"max-width:605px; min-width:325px;\"><p>\n<a target=\"_blank\" title=\"@lorraine.actu\" href=\"https:\/\/www.tiktok.com\/@lorraine.actu?refer=embed\" rel=\"noopener\">@lorraine.actu<\/a> <\/p>\n<p>\u00c0 deux pas de la place Stanislas, un nouveau commerce ouvre ses portes ce samedi 1er novembre \u00e0 Nancy (Meurthe-et-Moselle). Nomm\u00e9 \u00ab\u2009W4K\u2009\u00bb pour \u00ab\u2009Warehouse for kicks\u2009\u00bb (entrep\u00f4t pour sneakers en fran\u00e7ais), ce magasin vend des mod\u00e8les de baskets et des v\u00eatements streetwear neufs ou d\u2019occasion de marque et propose aussi de racheter vos plus belles pi\u00e8ces qui dorment au fond de votre placard. Situ\u00e9e au 9 rue d\u2019Amerval, cette boutique intimiste regorge de pi\u00e8ces de marques tendances\u2009: Nike, Jordan, New Balance, Supreme, Off-White, Paired, Palace\u2026 Son g\u00e9rant, Tom Jumeaux, explique le concept\u2009: \u00ab\u2009Je rach\u00e8te des sneakers ou des v\u00eatements neufs ou d\u2019occasion \u00e0 des particuliers au prix du march\u00e9. J\u2019ai donc certaines pi\u00e8ces qui sont difficiles \u00e0 trouver dans le commerce.\u2009\u00bb De ce fait, les chaussures ou les habits ne sont disponibles que dans une taille mais ce n\u2019est pas un probl\u00e8me pour lui. \u00ab\u2009Si un client recherche une paire ou une pi\u00e8ce sp\u00e9cifique dans une certaine taille, je peux r\u00e9ussir \u00e0 l\u2019avoir en quelques jours et le recontacter\u2009\u00bb, explique Tom. Le magasin W4K propose un autre service\u2009: le rachat des sneakers des clients. \u00ab\u2009Le client vient avec sa paire. Je v\u00e9rifie son authenticit\u00e9, son \u00e9tat puis je lui rach\u00e8te au prix du march\u00e9. Contrairement \u00e0 un d\u00e9p\u00f4t-vente o\u00f9 il doit attendre que les sneakers soient vendus pour avoir l\u2019argent, l\u00e0, il repart tout de suite avec\u2009\u00bb, d\u00e9taille le g\u00e9rant. S\u2019il reprend dans l\u2019absolu tous types de sneakers, Tom souligne quelques \u00e9l\u00e9ments importants qui influent sur le prix\u2009: l\u2019\u00e9tat d\u2019usure de la paire de chaussures, le conditionnement de la bo\u00eete et si tous les accessoires sont pr\u00e9sents ou non. <a title=\"lorraine\" target=\"_blank\" href=\"https:\/\/www.tiktok.com\/tag\/lorraine?refer=embed\" rel=\"noopener\">#lorraine<\/a> <a title=\"fyp\" target=\"_blank\" href=\"https:\/\/www.tiktok.com\/tag\/fyp?refer=embed\" rel=\"noopener\">#fyp<\/a> <a title=\"nancy\" target=\"_blank\" href=\"https:\/\/www.tiktok.com\/tag\/nancy?refer=embed\" rel=\"noopener\">#Nancy<\/a> <a title=\"sneakers\" target=\"_blank\" href=\"https:\/\/www.tiktok.com\/tag\/sneakers?refer=embed\" rel=\"noopener\">#sneakers<\/a> <\/p>\n<p> <a target=\"_blank\" title=\"\u266c Not Like Us - Kendrick Lamar\" href=\"https:\/\/www.tiktok.com\/music\/Not-Like-Us-7365349431086401552?refer=embed\" rel=\"noopener\">\u266c Not Like Us \u2013 Kendrick Lamar<\/a> <\/p>\n<\/blockquote>\n<p>Votre r\u00e9gion, votre actu !<\/p>\n<p>Recevez chaque jour les infos qui comptent pour vous.<\/p>\n<p>\t<a href=\"https:\/\/actu.fr\/newsletter\" class=\"ac-btn ac-btn--corner ac-btn--medium ac-btn--blue800\" target=\"_blank\" rel=\"noopener\">S&rsquo;incrire<\/a><br \/>\nUn magasin qui rach\u00e8te vos paires de sneakers<\/p>\n<p class=\" wall-content\">Le magasin W4K propose un autre service\u2009: <strong>le rachat des sneakers des clients.<\/strong><\/p>\n<p class=\" wall-content\">\u00ab\u2009Le client vient avec sa paire. <strong>Je v\u00e9rifie son authenticit\u00e9, son \u00e9tat puis je lui rach\u00e8te au prix du march\u00e9<\/strong>. Contrairement \u00e0 un d\u00e9p\u00f4t-vente o\u00f9 il doit attendre que les sneakers soient vendus pour avoir l\u2019argent, l\u00e0, il repart tout de suite avec\u2009\u00bb, d\u00e9taille le g\u00e9rant.<\/p>\n<p class=\" wall-content\">S\u2019il reprend dans l\u2019absolu tous types de sneakers, Tom souligne quelques \u00e9l\u00e9ments importants qui influent sur le prix\u2009: <strong>l\u2019\u00e9tat d\u2019usure de la paire de chaussures, le conditionnement de la bo\u00eete et si tous les accessoires sont pr\u00e9sents ou non<\/strong>.<\/p>\n<p>W4K \u2013 Warehouse for kicks<br \/>9 rue d\u2019Amerval \u00e0 Nancy<br \/>Horaires\u2009: lundi (14h-18h30), mardi au vendredi (10h-12h, 14h-19h), samedi (10h-19h).<\/p>\n<p class=\" wall-content\">Vid\u00e9o par Elyse Jacquemart<\/p>\n<p class=\" wall-content\">Personnalisez votre actualit\u00e9 en ajoutant vos villes et m\u00e9dias en favori avec <a href=\"https:\/\/moncompte.actu.fr\" title=\"D\u00e9couvez Mon Actu\" rel=\"nofollow noopener\" data-trk=\"{&quot;cta&quot;:{&quot;action&quot;:&quot;https:\\\/\\\/moncompte.actu.fr&quot;,&quot;category&quot;:&quot;mon compte&quot;,&quot;from&quot;:&quot;article footer&quot;,&quot;name&quot;:&quot;Mon actu&quot;,&quot;type&quot;:&quot;cta&quot;}}\" target=\"_blank\">Mon Actu<\/a>.<\/p>\n<p>                    <script async src=\"\/\/www.tiktok.com\/embed.js\"><\/script><\/p>\n","protected":false},"excerpt":{"rendered":"Par Paul-Emile Bouchy Publi\u00e9 le 31 oct. 2025 \u00e0 15h30 \u00c0 deux pas de la place Stanislas, un&hellip;\n","protected":false},"author":2,"featured_media":503675,"comment_status":"","ping_status":"","sticky":false,"template":"","format":"standard","meta":{"footnotes":""},"categories":[9635],"tags":[1111,11,215,1777,674,1011,27,775,1702,12,3147,25,104],"class_list":{"0":"post-503674","1":"post","2":"type-post","3":"status-publish","4":"format-standard","5":"has-post-thumbnail","7":"category-nancy","8":"tag-actu","9":"tag-actualites","10":"tag-commerce","11":"tag-eu","12":"tag-europe","13":"tag-fr","14":"tag-france","15":"tag-grand-est","16":"tag-nancy","17":"tag-news","18":"tag-nouveaux-commerces","19":"tag-republique-francaise","20":"tag-societe"},"share_on_mastodon":{"url":"https:\/\/pubeurope.com\/@fr\/115472341772347100","error":""},"_links":{"self":[{"href":"https:\/\/www.europesays.com\/fr\/wp-json\/wp\/v2\/posts\/503674","targetHints":{"allow":["GET"]}}],"collection":[{"href":"https:\/\/www.europesays.com\/fr\/wp-json\/wp\/v2\/posts"}],"about":[{"href":"https:\/\/www.europesays.com\/fr\/wp-json\/wp\/v2\/types\/post"}],"author":[{"embeddable":true,"href":"https:\/\/www.europesays.com\/fr\/wp-json\/wp\/v2\/users\/2"}],"replies":[{"embeddable":true,"href":"https:\/\/www.europesays.com\/fr\/wp-json\/wp\/v2\/comments?post=503674"}],"version-history":[{"count":0,"href":"https:\/\/www.europesays.com\/fr\/wp-json\/wp\/v2\/posts\/503674\/revisions"}],"wp:featuredmedia":[{"embeddable":true,"href":"https:\/\/www.europesays.com\/fr\/wp-json\/wp\/v2\/media\/503675"}],"wp:attachment":[{"href":"https:\/\/www.europesays.com\/fr\/wp-json\/wp\/v2\/media?parent=503674"}],"wp:term":[{"taxonomy":"category","embeddable":true,"href":"https:\/\/www.europesays.com\/fr\/wp-json\/wp\/v2\/categories?post=503674"},{"taxonomy":"post_tag","embeddable":true,"href":"https:\/\/www.europesays.com\/fr\/wp-json\/wp\/v2\/tags?post=503674"}],"curies":[{"name":"wp","href":"https:\/\/api.w.org\/{rel}","templated":true}]}}