{"id":503683,"date":"2025-11-01T03:45:35","date_gmt":"2025-11-01T03:45:35","guid":{"rendered":"https:\/\/www.europesays.com\/fr\/503683\/"},"modified":"2025-11-01T03:45:35","modified_gmt":"2025-11-01T03:45:35","slug":"exclu-contre-rouen-botella-lourdement-sanctionne-par-la-commission-de-discipline-de-la-fff","status":"publish","type":"post","link":"https:\/\/www.europesays.com\/fr\/503683\/","title":{"rendered":"exclu contre Rouen, Botella lourdement sanctionn\u00e9 par la commission de discipline de la FFF"},"content":{"rendered":"<p>Le derby de Normandie entre le FC Rouen et le Stade Malherbe Caennais (SMC) lors de <a href=\"https:\/\/www.foot-national.com\/data\/calendrier-national-11.html\" target=\"_blank\" rel=\"noopener\">la onzi\u00e8me journ\u00e9e<\/a> du National, disput\u00e9 devant 7 128 spectateurs \u00e0 Michel d\u2019Ornano, a tenu ses promesses, mais s&rsquo;est termin\u00e9 sur un score de parit\u00e9 <a href=\"https:\/\/www.foot-national.com\/actus\/national-pas-de-vainqueur-dans-le-derby-entre-caen-et-rouen-928078\" target=\"_blank\" rel=\"noopener\">(1-1)<\/a>. Les Rouennais ont pris l&rsquo;avantage rapidement gr\u00e2ce \u00e0 une vol\u00e9e de Cl\u00e9ment Bassin \u00e0 la 13\u1d49 minute, suite \u00e0 un d\u00e9bordement de Nassim Titebah (1-0). Caen est revenu dans la partie juste avant la pause gr\u00e2ce \u00e0 un centre de Mohamed Hafid coup\u00e9 au premier poteau par Leandro Morante (44\u1d49, 1-1).<\/p>\n<p><strong>Botella lourdement sanctionn\u00e9 par la FFF<\/strong><\/p>\n<p>Le SMC a perdu son attaquant Ivann Botella, exclu \u00e0 trois minutes de la fin du temps r\u00e9glementaire pour un tacle dangereux. Ce geste a \u00e9t\u00e9 lourdement sanctionn\u00e9 par la Commission de Discipline de la FFF, qui a inflig\u00e9 trois matchs de suspension ferme au joueur. Son entra\u00eeneur, Maxime d\u2019Ornano, n&rsquo;a pas cach\u00e9 son agacement au micro de <a href=\"https:\/\/actu.fr\/normandie\/caen_14118\/sm-caen-le-carton-rouge-divann-botella-une-connerie-pour-maxime-dornano_63333003.html\" target=\"_blank\" rel=\"noopener\">Sport \u00e0 Caen<\/a> : \u00ab\u00a0On doit se ma\u00eetriser. J\u2019imagine qu\u2019il pense qu\u2019il y a faute avant pour nous. Moi, je pense qu\u2019il n\u2019y a pas faute. C\u2019est une connerie de faire \u00e7a \u00e0 ce moment-l\u00e0 du match parce qu\u2019on a besoin de lui.\u00a0\u00bb<\/p>\n<blockquote class=\"twitter-tweet\">\n<p dir=\"ltr\" lang=\"fr\">Apr\u00e8s son carton rouge re\u00e7u face au <a href=\"https:\/\/twitter.com\/fcr1899?ref_src=twsrc%5Etfw\" target=\"_blank\" rel=\"noopener\">@fcr1899<\/a>, Ivann Botella a \u00e9cop\u00e9 de trois matchs de suspension. <a href=\"https:\/\/twitter.com\/hashtag\/SMCaen?src=hash&amp;ref_src=twsrc%5Etfw\" target=\"_blank\" rel=\"noopener\">#SMCaen<\/a> <a href=\"https:\/\/twitter.com\/hashtag\/TeamSMC?src=hash&amp;ref_src=twsrc%5Etfw\" target=\"_blank\" rel=\"noopener\">#TeamSMC<\/a> <a href=\"https:\/\/t.co\/1K71JxvFN1\">pic.twitter.com\/1K71JxvFN1<\/a><\/p>\n<p>\u2014 Stade Malherbe Caen (@SMCaen) <a href=\"https:\/\/twitter.com\/SMCaen\/status\/1983989845086364008?ref_src=twsrc%5Etfw\" target=\"_blank\" rel=\"noopener\">October 30, 2025<\/a><\/p>\n<\/blockquote>\n<p>Partagez cette info avec vos amis et vos proches en cliquant ici<br \/>Pour r\u00e9sumer<\/p>\n<p>Le derby de Normandie s&rsquo;est sold\u00e9 par un match nul (1-1) devant 17 128 spectateurs. La rencontre a \u00e9t\u00e9 marqu\u00e9e par l&rsquo;exclusion en fin de match de l&rsquo;attaquant de Caen, Ivann Botella, lourdement sanctionn\u00e9 par la FFF de trois matchs de suspension pour son tacle dangereux.<\/p>\n<p> <img decoding=\"async\" width=\"76\" height=\"76\" loading=\"lazy\" src=\"https:\/\/static.wui.fr\/images_v3\/avatar-footnational.png\" alt=\"Aris Djennadi\"\/><script async src=\"https:\/\/platform.twitter.com\/widgets.js\" charset=\"utf-8\"><\/script><\/p>\n","protected":false},"excerpt":{"rendered":"Le derby de Normandie entre le FC Rouen et le Stade Malherbe Caennais (SMC) lors de la onzi\u00e8me&hellip;\n","protected":false},"author":2,"featured_media":503684,"comment_status":"","ping_status":"","sticky":false,"template":"","format":"standard","meta":{"footnotes":""},"categories":[9587],"tags":[1111,11,1777,674,1011,27,59645,12,5161,25,9590],"class_list":{"0":"post-503683","1":"post","2":"type-post","3":"status-publish","4":"format-standard","5":"has-post-thumbnail","7":"category-rouen","8":"tag-actu","9":"tag-actualites","10":"tag-eu","11":"tag-europe","12":"tag-fr","13":"tag-france","14":"tag-national-actus","15":"tag-news","16":"tag-normandie","17":"tag-republique-francaise","18":"tag-rouen"},"share_on_mastodon":{"url":"https:\/\/pubeurope.com\/@fr\/115472389279889812","error":""},"_links":{"self":[{"href":"https:\/\/www.europesays.com\/fr\/wp-json\/wp\/v2\/posts\/503683","targetHints":{"allow":["GET"]}}],"collection":[{"href":"https:\/\/www.europesays.com\/fr\/wp-json\/wp\/v2\/posts"}],"about":[{"href":"https:\/\/www.europesays.com\/fr\/wp-json\/wp\/v2\/types\/post"}],"author":[{"embeddable":true,"href":"https:\/\/www.europesays.com\/fr\/wp-json\/wp\/v2\/users\/2"}],"replies":[{"embeddable":true,"href":"https:\/\/www.europesays.com\/fr\/wp-json\/wp\/v2\/comments?post=503683"}],"version-history":[{"count":0,"href":"https:\/\/www.europesays.com\/fr\/wp-json\/wp\/v2\/posts\/503683\/revisions"}],"wp:featuredmedia":[{"embeddable":true,"href":"https:\/\/www.europesays.com\/fr\/wp-json\/wp\/v2\/media\/503684"}],"wp:attachment":[{"href":"https:\/\/www.europesays.com\/fr\/wp-json\/wp\/v2\/media?parent=503683"}],"wp:term":[{"taxonomy":"category","embeddable":true,"href":"https:\/\/www.europesays.com\/fr\/wp-json\/wp\/v2\/categories?post=503683"},{"taxonomy":"post_tag","embeddable":true,"href":"https:\/\/www.europesays.com\/fr\/wp-json\/wp\/v2\/tags?post=503683"}],"curies":[{"name":"wp","href":"https:\/\/api.w.org\/{rel}","templated":true}]}}