{"id":503685,"date":"2025-11-01T03:48:31","date_gmt":"2025-11-01T03:48:31","guid":{"rendered":"https:\/\/www.europesays.com\/fr\/503685\/"},"modified":"2025-11-01T03:48:31","modified_gmt":"2025-11-01T03:48:31","slug":"deux-sur-deux-pour-angouleme-grenoble-rate-le-coche","status":"publish","type":"post","link":"https:\/\/www.europesays.com\/fr\/503685\/","title":{"rendered":"Deux sur deux pour Angoul\u00eame, Grenoble rate le coche"},"content":{"rendered":"<p>D\u00e8s les premi\u00e8res minutes, Paul Berg\u00e8s a donn\u00e9 le ton. Le demi d\u2019ouverture angoumoisin a inscrit un essai rapide avant de faire pleuvoir les points tout au long de la rencontre (24 au total). Mais Grenoble n\u2019a pas tard\u00e9 \u00e0 r\u00e9agir. Bastien Soury a aplati, suivi d\u2019un essai de p\u00e9nalit\u00e9 et d\u2019une r\u00e9alisation de Thomas Ployet. Les avants is\u00e9rois ont alors pris le dessus, profitant de deux cartons jaunes c\u00f4t\u00e9 SA XV pour virer en t\u00eate \u00e0 la pause (16-18).<\/p>\n<p>\u00a0<\/p>\n<p>Au retour des vestiaires, les hommes d\u2019Alexandre Ruiz ont affich\u00e9 une d\u00e9termination nouvelle. Alexis Levron a relanc\u00e9 les siens d\u00e8s la 43e minute, et Berg\u00e8s, toujours opportuniste, a capitalis\u00e9 sur les fautes grenobloises pour redonner l\u2019avantage \u00e0 Angoul\u00eame (29-28). Le match a bascul\u00e9 \u00e0 l\u2019heure de jeu, lorsque Jules Dubecq a conclu une action collective limpide en bout de ligne, scellant l\u2019essai du break.<\/p>\n<blockquote class=\"twitter-tweet\">\n<p dir=\"ltr\" lang=\"fr\">SOYAUX-ANGOUL\u00caME REVIENT \ud83d\udd25<\/p>\n<p>Dubecq permet \u00e0 <a href=\"https:\/\/twitter.com\/SAXV_Charente?ref_src=twsrc%5Etfw\" rel=\"nofollow noopener\" target=\"_blank\">@SAXV_Charente<\/a> de repasser devant ! <a href=\"https:\/\/t.co\/DB36vOZQCZ\" rel=\"nofollow\">pic.twitter.com\/DB36vOZQCZ<\/a><\/p>\n<p>\u2014 CANAL+ Rugby (@CanalplusRugby) <a href=\"https:\/\/twitter.com\/CanalplusRugby\/status\/1984012835475607927?ref_src=twsrc%5Etfw\" rel=\"nofollow noopener\" target=\"_blank\">October 30, 2025<\/a><\/p>\n<\/blockquote>\n<p>Le podium s\u2019\u00e9loigne pour les Is\u00e9rois<\/p>\n<p>Malgr\u00e9 une domination territoriale et plusieurs s\u00e9quences offensives, Grenoble a manqu\u00e9 de pr\u00e9cision dans les zones d\u00e9cisives. Le SA XV a fait preuve de solidarit\u00e9 et de discipline en d\u00e9fense. Ce qui lui a permis de r\u00e9sister aux assauts is\u00e9rois pour pr\u00e9server son avance. Ce quatri\u00e8me succ\u00e8s de la saison, le deuxi\u00e8me cons\u00e9cutif apr\u00e8s la victoire \u00e0 Brive, propulse Angoul\u00eame \u00e0 la 10e place provisoire et \u00e9loigne le spectre de la zone rouge. Grenoble (8e) manque une belle occasion de se rapprocher du haut de tableau.<\/p>\n<p>Partagez cette info avec vos amis et vos proches en cliquant ici<br \/>Pour r\u00e9sumer<\/p>\n<p>Angoul\u00eame s\u2019impose 34-28 face \u00e0 Grenoble au terme d\u2019un match intense et ind\u00e9cis. Port\u00e9 par un Berg\u00e8s inspir\u00e9, le SA XV signe une deuxi\u00e8me victoire d\u2019affil\u00e9e et s\u2019\u00e9loigne de la zone rouge. Grenoble, trop impr\u00e9cis, reste \u00e0 quai.<\/p>\n<p> <img decoding=\"async\" width=\"76\" height=\"76\" loading=\"lazy\" src=\"https:\/\/www.europesays.com\/fr\/wp-content\/uploads\/2025\/04\/avatar-quinze.png\" alt=\"Voldi Fr\u00e9jus\u00a0Hounvio\"\/><script async src=\"https:\/\/platform.twitter.com\/widgets.js\" charset=\"utf-8\"><\/script><\/p>\n","protected":false},"excerpt":{"rendered":"D\u00e8s les premi\u00e8res minutes, Paul Berg\u00e8s a donn\u00e9 le ton. Le demi d\u2019ouverture angoumoisin a inscrit un essai&hellip;\n","protected":false},"author":2,"featured_media":503686,"comment_status":"","ping_status":"","sticky":false,"template":"","format":"standard","meta":{"footnotes":""},"categories":[9566],"tags":[1111,11,2430,1777,674,1011,27,2731,12,2308,25],"class_list":{"0":"post-503685","1":"post","2":"type-post","3":"status-publish","4":"format-standard","5":"has-post-thumbnail","7":"category-grenoble","8":"tag-actu","9":"tag-actualites","10":"tag-auvergne-rhone-alpes","11":"tag-eu","12":"tag-europe","13":"tag-fr","14":"tag-france","15":"tag-grenoble","16":"tag-news","17":"tag-pro-d2","18":"tag-republique-francaise"},"share_on_mastodon":{"url":"https:\/\/pubeurope.com\/@fr\/115472401618448436","error":""},"_links":{"self":[{"href":"https:\/\/www.europesays.com\/fr\/wp-json\/wp\/v2\/posts\/503685","targetHints":{"allow":["GET"]}}],"collection":[{"href":"https:\/\/www.europesays.com\/fr\/wp-json\/wp\/v2\/posts"}],"about":[{"href":"https:\/\/www.europesays.com\/fr\/wp-json\/wp\/v2\/types\/post"}],"author":[{"embeddable":true,"href":"https:\/\/www.europesays.com\/fr\/wp-json\/wp\/v2\/users\/2"}],"replies":[{"embeddable":true,"href":"https:\/\/www.europesays.com\/fr\/wp-json\/wp\/v2\/comments?post=503685"}],"version-history":[{"count":0,"href":"https:\/\/www.europesays.com\/fr\/wp-json\/wp\/v2\/posts\/503685\/revisions"}],"wp:featuredmedia":[{"embeddable":true,"href":"https:\/\/www.europesays.com\/fr\/wp-json\/wp\/v2\/media\/503686"}],"wp:attachment":[{"href":"https:\/\/www.europesays.com\/fr\/wp-json\/wp\/v2\/media?parent=503685"}],"wp:term":[{"taxonomy":"category","embeddable":true,"href":"https:\/\/www.europesays.com\/fr\/wp-json\/wp\/v2\/categories?post=503685"},{"taxonomy":"post_tag","embeddable":true,"href":"https:\/\/www.europesays.com\/fr\/wp-json\/wp\/v2\/tags?post=503685"}],"curies":[{"name":"wp","href":"https:\/\/api.w.org\/{rel}","templated":true}]}}