{"id":503687,"date":"2025-11-01T03:49:21","date_gmt":"2025-11-01T03:49:21","guid":{"rendered":"https:\/\/www.europesays.com\/fr\/503687\/"},"modified":"2025-11-01T03:49:21","modified_gmt":"2025-11-01T03:49:21","slug":"portes-ouvertes-de-linstitut-dosteopathie-de-rennes-bretagne-le-15-novembre","status":"publish","type":"post","link":"https:\/\/www.europesays.com\/fr\/503687\/","title":{"rendered":"Portes ouvertes de l\u2019Institut d\u2019Ost\u00e9opathie de Rennes-Bretagne le 15 novembre"},"content":{"rendered":"<p>Envie de soigner avec vos mains ? D\u00e9couvrez l\u2019Institut d\u2019Ost\u00e9opathie de Rennes-Bretagne \u00e0 l&rsquo;occasion des portes ouvertes (sur inscription), le samedi 15 novembre prochain. Des immersions en classe avec les \u00e9tudiants ost\u00e9opathes sont aussi propos\u00e9es sur plusieurs dates (sur inscription).<\/p>\n<p>Situ\u00e9 sur le campus de Ker Lann, \u00e0 Bruz, l&rsquo;IO-RB propose une formation reconnue BAC +5 pour devenir ost\u00e9opathe et est l&rsquo;unique \u00e9cole d&rsquo;ost\u00e9opathie post-bac en Bretagne agr\u00e9\u00e9e par le Minist\u00e8re de la Sant\u00e9 et enregistr\u00e9e au Rectorat de Rennes.<\/p>\n<p><a rel=\"nofollow noopener\" target=\"_blank\" href=\"https:\/\/www.osteo-rennes.fr\/portes-ouvertes.php\" class=\"trackingClickSiteWeb\">Inscription pour les portes ouvertes<\/a><br \/>\n<a rel=\"nofollow noopener\" target=\"_blank\" href=\"https:\/\/www.osteo-rennes.fr\/portes-ouvertes.php#immersion\" class=\"trackingClickSiteWeb\">Inscription pour les immersions en classe<\/a><\/p>\n<p><a rel=\"nofollow noopener\" target=\"_blank\" href=\"https:\/\/www.osteo-rennes.fr\/formation-initiale-osteopathe.php\" class=\"trackingClickSiteWeb\"><img loading=\"lazy\" decoding=\"async\" style=\"display: block; margin-left: auto; margin-right: auto;\" src=\"https:\/\/www.europesays.com\/fr\/wp-content\/uploads\/2025\/11\/P33425424D5988277G.jpg\" width=\"400\" height=\"400\"\/><\/a><\/p>\n<p>L&rsquo;IO-RB forme des ost\u00e9opathes directement apr\u00e8s le baccalaur\u00e9at, dans un <strong>cadre naturel avec des locaux modernes de 3000 m\u00b2<\/strong>. L\u2019institut pr\u00e9sente un cursus d\u2019excellence et d\u2019exigence :<\/p>\n<p>\u2022 5 ans de formation &#8211; reconnue BAC +5 <br \/>\u2022 4860h de cours dont 1500h de stage en entreprises, en milieu sportif, \u00e0 la <a rel=\"nofollow noopener\" target=\"_blank\" href=\"https:\/\/www.osteo-rennes.fr\/consultation-osteopathe-rennes.php\" class=\"trackingClickSiteWeb\">clinique de l\u2019\u00e9cole<\/a>, dans des institutions publiques et priv\u00e9es<br \/>\u2022 Partenariat avec l&rsquo;Universit\u00e9 Rennes 2 pour la recherche et l&rsquo;enseignement <br \/>\u2022 L\u2019\u00e9cole poss\u00e8de un p\u00f4le international, une unit\u00e9 de recherche et un laboratoire d\u2019ing\u00e9nierie p\u00e9dagogique<\/p>\n<p><a rel=\"nofollow noopener\" target=\"_blank\" href=\"https:\/\/www.osteo-rennes.fr\/formation-initiale-osteopathe.php\" class=\"trackingClickSiteWeb\"><img loading=\"lazy\" decoding=\"async\" style=\"display: block; margin-left: auto; margin-right: auto;\" src=\"https:\/\/www.europesays.com\/fr\/wp-content\/uploads\/2025\/11\/P33520275D6019664G.jpg\" width=\"400\" height=\"400\"\/><\/a><\/p>\n<p>Les admissions se font sur <strong>\u00e9tude du dossier scolaire<\/strong> puis <strong>entretien de motivation<\/strong> (si acceptation du dossier). Les candidatures se font en ligne sur le site <a rel=\"nofollow noopener\" target=\"_blank\" href=\"https:\/\/www.osteo-rennes.fr\/inscription.php\" class=\"trackingClickSiteWeb\">www.osteo-rennes.fr<\/a>.<\/p>\n<p>Les portes ouvertes du <strong>15 novembre<\/strong> sont l&rsquo;occasion de d\u00e9couvrir l\u2019\u00e9cole, de s\u2019informer sur les \u00e9tudes, les d\u00e9bouch\u00e9s, et de rencontrer l&rsquo;\u00e9quipe et les \u00e9tudiants. A noter que vous avez la possibilit\u00e9 de <strong>b\u00e9n\u00e9ficier gratuitement d&rsquo;une consultation osth\u00e9opathique pour vous ou un proche<\/strong>, le jour de la porte ouverte. Pour cela, contactez l&rsquo;Institut au <a href=\"https:\/\/rennes.maville.com\/actu\/tel:0299572396\" class=\"trackingClickNumero\" rel=\"nofollow noopener\" target=\"_blank\">02 99 57 23 96<\/a> en pr\u00e9cisant la date de votre venue aux portes ouvertes.\u00a0\u00a0<\/p>\n<p>Vous pouvez aussi vous inscrire pour\u00a0<strong>assister \u00e0 des cours au sein de l&rsquo;\u00e9cole d&rsquo;ost\u00e9opathie<\/strong>, avec les \u00e9tudiants : il suffit de choisir une <a rel=\"nofollow noopener\" target=\"_blank\" href=\"https:\/\/www.osteo-rennes.fr\/portes-ouvertes.php#immersion\" class=\"trackingClickSiteWeb\">date en ligne<\/a>. Le jour de votre venue en immersion, vous pouvez \u00e9galement b\u00e9n\u00e9ficier d&rsquo;une consultation d&rsquo;ost\u00e9opathie gratuite.\u00a0<\/p>\n<p>Infos pratiques<\/p>\n<p><strong>Coordonn\u00e9es :<br \/><\/strong>Institut d\u2019Ost\u00e9opathie de Rennes-Bretagne<br \/>50 rue Blaise Pascal &#8211;\u00a0Campus de Ker Lann (face \u00e0 l\u2019Ensai) &#8211; 35170 Bruz<br \/><a href=\"https:\/\/rennes.maville.com\/actu\/tel:+33299572396\" class=\"trackingClickNumero\" rel=\"nofollow noopener\" target=\"_blank\">02 99 57 23 96<\/a> &#8211; <a href=\"https:\/\/rennes.maville.com\/actu\/mailto:clinique.osteopathique@io-rennes.fr\" rel=\"nofollow noopener\" target=\"_blank\">clinique.osteopathique[at]io-rennes.fr<\/a><\/p>\n<p><strong>Acc\u00e8s :<\/strong><br \/>Bus C7 ou C7 express \u00e0 partir du m\u00e9tro ligne B <br \/>(sur le Campus Ker Lann : arr\u00eat Les Etangs)<\/p>\n<p><a rel=\"nofollow noopener\" target=\"_blank\" href=\"https:\/\/www.doctolib.fr\/cabinet-osteopathie\/bruz\/centre-de-consultation-de-l-institut-d-osteopathie-de-rennes-bretagne\/booking?profile_skipped=true\" class=\"trackingClickSiteWeb\">Prise de rendez-vous<\/a><br \/><a rel=\"nofollow noopener\" target=\"_blank\" href=\"https:\/\/www.osteo-rennes.fr\" class=\"trackingClickSiteWeb\">www.osteo-rennes.fr<\/a> <br \/><a rel=\"nofollow noopener\" target=\"_blank\" href=\"https:\/\/www.facebook.com\/IORENNES\" class=\"trackingClickFacebook\">Page Facebook<\/a> <br \/><a rel=\"nofollow noopener\" target=\"_blank\" href=\"https:\/\/www.instagram.com\/io.rennes\/\" class=\"trackingClickInstagram\">Page Instagram<\/a><\/p>\n<\/p>\n<p>\u00a0<\/p>\n<p>\t\t<script async src=\"\/\/www.instagram.com\/embed.js\"><\/script><\/p>\n","protected":false},"excerpt":{"rendered":"Envie de soigner avec vos mains ? D\u00e9couvrez l\u2019Institut d\u2019Ost\u00e9opathie de Rennes-Bretagne \u00e0 l&rsquo;occasion des portes ouvertes (sur&hellip;\n","protected":false},"author":2,"featured_media":503688,"comment_status":"","ping_status":"","sticky":false,"template":"","format":"standard","meta":{"footnotes":""},"categories":[2821],"tags":[9284,1111,11,829,1777,674,1011,27,10149,12,24649,10150,18729,3761,584,62597,25],"class_list":{"0":"post-503687","1":"post","2":"type-post","3":"status-publish","4":"format-standard","5":"has-post-thumbnail","7":"category-rennes","8":"tag-9284","9":"tag-actu","10":"tag-actualites","11":"tag-bretagne","12":"tag-eu","13":"tag-europe","14":"tag-fr","15":"tag-france","16":"tag-institut","17":"tag-news","18":"tag-novembre","19":"tag-osteopathie","20":"tag-ouvertes","21":"tag-portes","22":"tag-rennes","23":"tag-rennes-bretagne","24":"tag-republique-francaise"},"share_on_mastodon":{"url":"https:\/\/pubeurope.com\/@fr\/115472405224486520","error":""},"_links":{"self":[{"href":"https:\/\/www.europesays.com\/fr\/wp-json\/wp\/v2\/posts\/503687","targetHints":{"allow":["GET"]}}],"collection":[{"href":"https:\/\/www.europesays.com\/fr\/wp-json\/wp\/v2\/posts"}],"about":[{"href":"https:\/\/www.europesays.com\/fr\/wp-json\/wp\/v2\/types\/post"}],"author":[{"embeddable":true,"href":"https:\/\/www.europesays.com\/fr\/wp-json\/wp\/v2\/users\/2"}],"replies":[{"embeddable":true,"href":"https:\/\/www.europesays.com\/fr\/wp-json\/wp\/v2\/comments?post=503687"}],"version-history":[{"count":0,"href":"https:\/\/www.europesays.com\/fr\/wp-json\/wp\/v2\/posts\/503687\/revisions"}],"wp:featuredmedia":[{"embeddable":true,"href":"https:\/\/www.europesays.com\/fr\/wp-json\/wp\/v2\/media\/503688"}],"wp:attachment":[{"href":"https:\/\/www.europesays.com\/fr\/wp-json\/wp\/v2\/media?parent=503687"}],"wp:term":[{"taxonomy":"category","embeddable":true,"href":"https:\/\/www.europesays.com\/fr\/wp-json\/wp\/v2\/categories?post=503687"},{"taxonomy":"post_tag","embeddable":true,"href":"https:\/\/www.europesays.com\/fr\/wp-json\/wp\/v2\/tags?post=503687"}],"curies":[{"name":"wp","href":"https:\/\/api.w.org\/{rel}","templated":true}]}}