{"id":503689,"date":"2025-11-01T03:50:31","date_gmt":"2025-11-01T03:50:31","guid":{"rendered":"https:\/\/www.europesays.com\/fr\/503689\/"},"modified":"2025-11-01T03:50:31","modified_gmt":"2025-11-01T03:50:31","slug":"impressionnant-deploiement-de-pompiers-pour-un-incendie-dans-le-centre-ville","status":"publish","type":"post","link":"https:\/\/www.europesays.com\/fr\/503689\/","title":{"rendered":"Impressionnant d\u00e9ploiement de pompiers pour un incendie dans le centre-ville"},"content":{"rendered":"<p class=\"mb-4 text-lg md:leading-8 break-words\"><strong>au feu &#8211; Le feu a ravag\u00e9 plusieurs appartements de la place Pasteur sans faire de victimes<\/strong><\/p>\n<p class=\"mb-4 text-lg md:leading-8 break-words\">C\u2019est une r\u00e9ponse \u00e0 ceux qui craignaient que <a href=\"https:\/\/www.20minutes.fr\/rennes\/3308923-20220616-rennes-pompiers-font-cartons-disent-revoir-saint-georges-centre-ville?at_medium=RSS%20feed&amp;at_campaign=ynews&amp;utm_source=yahoo&amp;utm_medium=rss&amp;utm_campaign=news_feed&amp;utm_content=in_article_link\" rel=\"nofollow noopener\" target=\"_blank\" data-ylk=\"slk:le d\u00e9m\u00e9nagement de la caserne Saint-Georges;elm:context_link;itc:0;sec:content-canvas\" class=\"link \">le d\u00e9m\u00e9nagement de la caserne Saint-Georges<\/a> ne ralentisse <a href=\"https:\/\/www.20minutes.fr\/rennes\/3309495-20220616-rennes-demenagement-caserne-saint-georges-va-rallonger-arrivee-pompiers?at_medium=RSS%20feed&amp;at_campaign=ynews&amp;utm_source=yahoo&amp;utm_medium=rss&amp;utm_campaign=news_feed&amp;utm_content=in_article_link\" rel=\"nofollow noopener\" target=\"_blank\" data-ylk=\"slk:l\u2019action des pompiers dans le centre-ville;elm:context_link;itc:0;sec:content-canvas\" class=\"link \">l\u2019action des pompiers dans le centre-ville<\/a> de Rennes. Ce vendredi matin, les soldats du feu sont arriv\u00e9s tr\u00e8s vite sur la place Pasteur pour ma\u00eetriser un important incendie qui avait d\u00e9marr\u00e9 dans un immeuble surplombant la Vilaine. \u00ab\u00a0Notre intervention rapide a permis de limiter le feu aux trois appartements. La propagation \u00e0 la toiture a aussi \u00e9t\u00e9 limit\u00e9e gr\u00e2ce \u00e0 l\u2019action des sapeurs-pompiers\u00a0\u00bb, explique le capitaine Fabien Guinard.<\/p>\n<p class=\"mb-4 text-lg md:leading-8 break-words\">Le commandant des op\u00e9rations pr\u00e9cise qu\u2019il n\u2019y a \u00ab\u00a0aucune victime\u00a0\u00bb et que les occupants de l\u2019immeuble avaient \u00e9vacu\u00e9 avant leur arriv\u00e9e.<\/p>\n<p class=\"mb-4 text-lg md:leading-8 break-words\">Le d\u00e9ploiement \u00e9tait en tout cas impressionnant d\u00e8s 5h30 en plein c\u0153ur de <a href=\"https:\/\/www.20minutes.fr\/rennes\/?at_medium=RSS%20feed&amp;at_campaign=ynews&amp;utm_source=yahoo&amp;utm_medium=rss&amp;utm_campaign=news_feed&amp;utm_content=in_article_link\" rel=\"nofollow noopener\" target=\"_blank\" data-ylk=\"slk:Rennes;elm:context_link;itc:0;sec:content-canvas\" class=\"link \">Rennes <\/a>(Ille-et-Vilaine). Une soixantaine de pompiers \u00e9taient pr\u00e9sents sur l\u2019op\u00e9ration. Une quinzaine de v\u00e9hicules du Service d\u00e9partemental d\u2019incendie et de secours (Sdis 35) \u00e9taient stationn\u00e9s au pied de l\u2019immeuble.<\/p>\n<p>La circulation paralys\u00e9e<\/p>\n<p class=\"mb-4 text-lg md:leading-8 break-words\">Au total, trois appartements ont \u00e9t\u00e9 touch\u00e9s par le sinistre. L\u2019origine du feu reste pour l\u2019heure inconnue. L\u2019incendie se serait d\u00e9clar\u00e9 \u00e0 l\u2019\u00e9tage d\u2019un appartement en duplex situ\u00e9 sous les combles.<\/p>\n<p><img alt=\"null\" loading=\"lazy\" width=\"960\" height=\"720\" decoding=\"async\" data-nimg=\"1\" class=\"rounded-lg\" style=\"color:transparent\" src=\"https:\/\/www.europesays.com\/fr\/wp-content\/uploads\/2025\/11\/4b8824a3ec3e8d3a98933173ac30d583.jpeg\"\/><\/p>\n<p>null<\/p>\n<p class=\"mb-4 text-lg md:leading-8 break-words\">La circulation a \u00e9t\u00e9 coup\u00e9e sur l\u2019intersection et le pont enjambant la Vilaine. Elle devrait le rester toute la matin\u00e9e, le temps pour les pompiers de s\u00e9curiser la zone. Un drone a \u00e9t\u00e9 utilis\u00e9 pour survoler le b\u00e2timent. A 9h30, des pompiers \u00e9taient toujours pr\u00e9sents dans les combles pour v\u00e9rifier que l(&#8230;)<\/p>\n<p class=\"mb-4 text-lg md:leading-8 break-words\"><a href=\"https:\/\/www.20minutes.fr\/faits_divers\/faits-divers-rennes\/4182743-20251031-rennes-impressionnant-deploiement-pompiers-incendie-centre-ville?at_medium=RSS%20feed&amp;at_campaign=ynews&amp;utm_source=yahoo&amp;utm_medium=rss&amp;utm_campaign=news_feed&amp;utm_content=read_more_link&quot;\" rel=\"nofollow noopener\" target=\"_blank\" data-ylk=\"slk:Lire la suite sur 20minutes;elm:context_link;itc:0;sec:content-canvas\" class=\"link \">Lire la suite sur 20minutes<\/a><\/p>\n<p>\u00c0 lire aussi :<br \/><a href=\"https:\/\/www.20minutes.fr\/faits_divers\/faits-divers-lyon\/4182602-20251030-incendie-meurtrier-lyon-trois-suspects-mis-examen-dont-assassinat?at_medium=RSS%20feed&amp;at_campaign=ynews&amp;utm_source=yahoo&amp;utm_medium=rss&amp;utm_campaign=news_feed&amp;utm_content=related_content_link\" rel=\"nofollow noopener\" target=\"_blank\" data-ylk=\"slk:Incendie meurtrier \u00e0 Lyon\u00a0: Trois suspects mis en examen, dont un pour assassinat;elm:context_link;itc:0;sec:content-canvas\" class=\"link \">Incendie meurtrier \u00e0 Lyon\u00a0: Trois suspects mis en examen, dont un pour assassinat<\/a><br \/><a href=\"https:\/\/www.20minutes.fr\/faits_divers\/faits-divers-rennes\/4182503-20251030-rennes-chauffard-permis-fauche-cycliste-fuyant-police-deja-failli-tuer-pieton?at_medium=RSS%20feed&amp;at_campaign=ynews&amp;utm_source=yahoo&amp;utm_medium=rss&amp;utm_campaign=news_feed&amp;utm_content=related_content_link\" rel=\"nofollow noopener\" target=\"_blank\" data-ylk=\"slk:Rennes\u00a0: Le chauffard sans permis qui a fauch\u00e9 un cycliste en fuyant la police avait d\u00e9j\u00e0 failli tuer un pi\u00e9ton;elm:context_link;itc:0;sec:content-canvas\" class=\"link \">Rennes\u00a0: Le chauffard sans permis qui a fauch\u00e9 un cycliste en fuyant la police avait d\u00e9j\u00e0 failli tuer un pi\u00e9ton<\/a><\/p>\n","protected":false},"excerpt":{"rendered":"au feu &#8211; Le feu a ravag\u00e9 plusieurs appartements de la place Pasteur sans faire de victimes C\u2019est&hellip;\n","protected":false},"author":2,"featured_media":503690,"comment_status":"","ping_status":"","sticky":false,"template":"","format":"standard","meta":{"footnotes":""},"categories":[2821],"tags":[1111,11,829,1777,674,1011,27,38646,12,9387,1311,584,25],"class_list":{"0":"post-503689","1":"post","2":"type-post","3":"status-publish","4":"format-standard","5":"has-post-thumbnail","7":"category-rennes","8":"tag-actu","9":"tag-actualites","10":"tag-bretagne","11":"tag-eu","12":"tag-europe","13":"tag-fr","14":"tag-france","15":"tag-le-temps","16":"tag-news","17":"tag-pasteur","18":"tag-pompiers","19":"tag-rennes","20":"tag-republique-francaise"},"share_on_mastodon":{"url":"https:\/\/pubeurope.com\/@fr\/115472408634655579","error":""},"_links":{"self":[{"href":"https:\/\/www.europesays.com\/fr\/wp-json\/wp\/v2\/posts\/503689","targetHints":{"allow":["GET"]}}],"collection":[{"href":"https:\/\/www.europesays.com\/fr\/wp-json\/wp\/v2\/posts"}],"about":[{"href":"https:\/\/www.europesays.com\/fr\/wp-json\/wp\/v2\/types\/post"}],"author":[{"embeddable":true,"href":"https:\/\/www.europesays.com\/fr\/wp-json\/wp\/v2\/users\/2"}],"replies":[{"embeddable":true,"href":"https:\/\/www.europesays.com\/fr\/wp-json\/wp\/v2\/comments?post=503689"}],"version-history":[{"count":0,"href":"https:\/\/www.europesays.com\/fr\/wp-json\/wp\/v2\/posts\/503689\/revisions"}],"wp:featuredmedia":[{"embeddable":true,"href":"https:\/\/www.europesays.com\/fr\/wp-json\/wp\/v2\/media\/503690"}],"wp:attachment":[{"href":"https:\/\/www.europesays.com\/fr\/wp-json\/wp\/v2\/media?parent=503689"}],"wp:term":[{"taxonomy":"category","embeddable":true,"href":"https:\/\/www.europesays.com\/fr\/wp-json\/wp\/v2\/categories?post=503689"},{"taxonomy":"post_tag","embeddable":true,"href":"https:\/\/www.europesays.com\/fr\/wp-json\/wp\/v2\/tags?post=503689"}],"curies":[{"name":"wp","href":"https:\/\/api.w.org\/{rel}","templated":true}]}}