{"id":503692,"date":"2025-11-01T03:53:26","date_gmt":"2025-11-01T03:53:26","guid":{"rendered":"https:\/\/www.europesays.com\/fr\/503692\/"},"modified":"2025-11-01T03:53:26","modified_gmt":"2025-11-01T03:53:26","slug":"strasbourg-annonce-la-nomination-dun-directeur-sportif-david-weir-2","status":"publish","type":"post","link":"https:\/\/www.europesays.com\/fr\/503692\/","title":{"rendered":"Strasbourg annonce la nomination d&rsquo;un directeur sportif, David Weir"},"content":{"rendered":"<p class=\"mb-4 text-lg md:leading-8 break-words\">Du mouvement dans l&rsquo;organigramme de <a href=\"https:\/\/fr.news.yahoo.com\/sport\/strasbourg-lourde-suspension-doukour%C3%A9-apr%C3%A8s-215622436.html\" data-ylk=\"slk:Strasbourg;elm:context_link;itc:0;sec:content-canvas;outcm:mb_qualified_link;_E:mb_qualified_link;ct:story;\" class=\"link  yahoo-link\" rel=\"nofollow noopener\" target=\"_blank\">Strasbourg<\/a>. Le club alsacien annonce ce vendredi la nomination de David Weir au poste de directeur sportif. Il entrera en fonction d\u00e8s ce samedi 1er novembre.<\/p>\n<p class=\"mb-4 text-lg md:leading-8 break-words\">Ancien d\u00e9fenseur et international \u00e9cossais \u00e0 69 reprises, il avait quitt\u00e9 Brighton \u00e0 la surprise g\u00e9n\u00e9rale en septembre, malgr\u00e9 sa popularit\u00e9 pour avoir stabilis\u00e9 le club anglais en <a href=\"https:\/\/fr.news.yahoo.com\/sport\/lincroyable-d%C3%A9but-saison-bournemouth-objectifs-170327770.html\" data-ylk=\"slk:Premier League;elm:context_link;itc:0;sec:content-canvas;outcm:mb_qualified_link;_E:mb_qualified_link;ct:story;\" class=\"link  yahoo-link\" rel=\"nofollow noopener\" target=\"_blank\">Premier League<\/a> avec une politique de renouvellement de l&rsquo;effectif et de d\u00e9tection de jeunes talents.<\/p>\n<p>\u00ab\u00a0Renforcer la structure sportive du club\u00a0\u00bb<\/p>\n<p class=\"mb-4 text-lg md:leading-8 break-words\">\u00ab\u00a0Je suis heureux de l\u2019arriv\u00e9e de David Weir, qui s\u2019inscrit dans la continuit\u00e9 du travail engag\u00e9 pour renforcer la structure sportive du club\u00a0\u00bb, a r\u00e9agi le pr\u00e9sident de Strasbourg Marc Keller dans un communiqu\u00e9. \u00ab\u00a0C\u2019est un professionnel respect\u00e9 qui apporte une expertise pr\u00e9cieuse du haut niveau. Son exp\u00e9rience et sa comp\u00e9tence seront des atouts importants pour accompagner la progression sportive du Racing et soutenir Liam Rosenior et son staff.\u00a0\u00bb<\/p>\n<p>Publicit\u00e9<\/p>\n<p>Publicit\u00e9<\/p>\n<p>Publicit\u00e9<\/p>\n<p>Publicit\u00e9<\/p>\n<p class=\"mb-4 text-lg md:leading-8 break-words\">Il a d&rsquo;ailleurs crois\u00e9 Liam Rosenior chez les Seagulls, ce qui pourrait faciliter son adaptation. \u00ab\u00a0C\u2019est une grande fiert\u00e9 de rejoindre le Racing, un club historique avec une identit\u00e9 forte et une ambition croissante\u00a0\u00bb, a r\u00e9agi David Weir. \u00ab\u00a0J\u2019ai \u00e9t\u00e9 convaincu par le projet et la qualit\u00e9 des personnes en place. Je suis impatient de m\u2019installer \u00e0 Strasbourg et de m\u2019impliquer pleinement dans la vie du Racing. J\u2019ai h\u00e2te de travailler avec Liam et l\u2019ensemble des \u00e9quipes pour contribuer aux succ\u00e8s du Racing cette saison et dans les ann\u00e9es \u00e0 venir.\u00a0\u00bb<\/p>\n<p class=\"mb-4 text-lg md:leading-8 break-words\"><a href=\"https:\/\/rmcsport.bfmtv.com\/football\/clubs\/rc-strasbourg\/son-depart-avait-surpris-tout-le-monde-en-angleterre-strasbourg-annonce-la-nomination-d-un-directeur-sportif-david-weir_AP-202510310764.html#xtor=AL-68\" rel=\"nofollow noopener\" target=\"_blank\" data-ylk=\"slk:Article original publi\u00e9 sur RMC Sport;elm:context_link;itc:0;sec:content-canvas\" class=\"link \">Article original publi\u00e9 sur RMC Sport<\/a><\/p>\n","protected":false},"excerpt":{"rendered":"Du mouvement dans l&rsquo;organigramme de Strasbourg. Le club alsacien annonce ce vendredi la nomination de David Weir au&hellip;\n","protected":false},"author":2,"featured_media":503693,"comment_status":"","ping_status":"","sticky":false,"template":"","format":"standard","meta":{"footnotes":""},"categories":[2820],"tags":[1111,11,17628,62598,1777,674,1011,27,775,6563,15900,12,70,25,640],"class_list":{"0":"post-503692","1":"post","2":"type-post","3":"status-publish","4":"format-standard","5":"has-post-thumbnail","7":"category-strasbourg","8":"tag-actu","9":"tag-actualites","10":"tag-brighton","11":"tag-david-weir","12":"tag-eu","13":"tag-europe","14":"tag-fr","15":"tag-france","16":"tag-grand-est","17":"tag-le-club","18":"tag-liam-rosenior","19":"tag-news","20":"tag-premier-league","21":"tag-republique-francaise","22":"tag-strasbourg"},"share_on_mastodon":{"url":"https:\/\/pubeurope.com\/@fr\/115472420298649796","error":""},"_links":{"self":[{"href":"https:\/\/www.europesays.com\/fr\/wp-json\/wp\/v2\/posts\/503692","targetHints":{"allow":["GET"]}}],"collection":[{"href":"https:\/\/www.europesays.com\/fr\/wp-json\/wp\/v2\/posts"}],"about":[{"href":"https:\/\/www.europesays.com\/fr\/wp-json\/wp\/v2\/types\/post"}],"author":[{"embeddable":true,"href":"https:\/\/www.europesays.com\/fr\/wp-json\/wp\/v2\/users\/2"}],"replies":[{"embeddable":true,"href":"https:\/\/www.europesays.com\/fr\/wp-json\/wp\/v2\/comments?post=503692"}],"version-history":[{"count":0,"href":"https:\/\/www.europesays.com\/fr\/wp-json\/wp\/v2\/posts\/503692\/revisions"}],"wp:featuredmedia":[{"embeddable":true,"href":"https:\/\/www.europesays.com\/fr\/wp-json\/wp\/v2\/media\/503693"}],"wp:attachment":[{"href":"https:\/\/www.europesays.com\/fr\/wp-json\/wp\/v2\/media?parent=503692"}],"wp:term":[{"taxonomy":"category","embeddable":true,"href":"https:\/\/www.europesays.com\/fr\/wp-json\/wp\/v2\/categories?post=503692"},{"taxonomy":"post_tag","embeddable":true,"href":"https:\/\/www.europesays.com\/fr\/wp-json\/wp\/v2\/tags?post=503692"}],"curies":[{"name":"wp","href":"https:\/\/api.w.org\/{rel}","templated":true}]}}