{"id":503696,"date":"2025-11-01T03:55:22","date_gmt":"2025-11-01T03:55:22","guid":{"rendered":"https:\/\/www.europesays.com\/fr\/503696\/"},"modified":"2025-11-01T03:55:22","modified_gmt":"2025-11-01T03:55:22","slug":"nice-impose-le-port-du-casque-aux-conducteurs-de-trottinette-electrique","status":"publish","type":"post","link":"https:\/\/www.europesays.com\/fr\/503696\/","title":{"rendered":"Nice impose le port du casque aux conducteurs de trottinette \u00e9lectrique"},"content":{"rendered":"<p class=\"mb-4 text-lg md:leading-8 break-words\"><strong>roulez jeunesse &#8211; Paris, elle, n\u2019a pas fait dans la dentelle et a supprim\u00e9 les trottinettes \u00e9lectriques depuis longtemps. Les fans de trottinettes ni\u00e7oises peuvent donc relativiser leur drame<\/strong><\/p>\n<p class=\"mb-4 text-lg md:leading-8 break-words\">La ville de <a href=\"https:\/\/www.20minutes.fr\/nice\/?at_medium=RSS%20feed&amp;at_campaign=ynews&amp;utm_source=yahoo&amp;utm_medium=rss&amp;utm_campaign=news_feed&amp;utm_content=in_article_link\" rel=\"nofollow noopener\" target=\"_blank\" data-ylk=\"slk:Nice;elm:context_link;itc:0;sec:content-canvas\" class=\"link \">Nice<\/a> a pris un arr\u00eat\u00e9 municipal imposant \u00e0 compter du 1er\u00a0novembre le port du casque pour tout usager d\u2019une <a href=\"https:\/\/www.20minutes.fr\/societe\/trottinette\/?at_medium=RSS%20feed&amp;at_campaign=ynews&amp;utm_source=yahoo&amp;utm_medium=rss&amp;utm_campaign=news_feed&amp;utm_content=in_article_link\" rel=\"nofollow noopener\" target=\"_blank\" data-ylk=\"slk:trottinette \u00e9lectrique;elm:context_link;itc:0;sec:content-canvas\" class=\"link \">trottinette \u00e9lectrique<\/a>, a-t-on appris vendredi aupr\u00e8s de la municipalit\u00e9. Cet arr\u00eat\u00e9, valable jusqu\u2019au 1er\u00a0mars 2026 mais qui a vocation, selon la ville, \u00e0 \u00eatre reconduit, s\u2019applique \u00e0 \u00ab\u00a0l\u2019ensemble des voies ouvertes \u00e0 la <a href=\"https:\/\/www.20minutes.fr\/dossier\/circulation?at_medium=RSS%20feed&amp;at_campaign=ynews&amp;utm_source=yahoo&amp;utm_medium=rss&amp;utm_campaign=news_feed&amp;utm_content=in_article_link\" rel=\"nofollow noopener\" target=\"_blank\" data-ylk=\"slk:circulation;elm:context_link;itc:0;sec:content-canvas\" class=\"link \">circulation<\/a> et espaces publics du territoire de la commune\u00a0\u00bb.<\/p>\n<p class=\"mb-4 text-lg md:leading-8 break-words\">La ville met en avant le nombre important d\u2019accidents, environ 500 par an depuis\u00a02022, avec une prise en charge depuis cette date de plus d\u2019une centaine de ces accident\u00e9s chaque ann\u00e9e par un service de traumatologie, principalement pour des traumatismes de la face et des poignets.<\/p>\n<p>Cinq d\u00e9c\u00e8s depuis\u00a02022<\/p>\n<p class=\"mb-4 text-lg md:leading-8 break-words\">\u00ab\u00a0Mon objectif, c\u2019est que tout le monde mette en casque. J\u2019aime les gens, je veux r\u00e9duire le nombre d\u2019accidents graves et prot\u00e9ger des vies en renfor\u00e7ant la s\u00e9curit\u00e9 des usagers de trottinettes et de tous les autres usagers des voies de circulation\u00a0\u00bb, a indiqu\u00e9 <a href=\"https:\/\/www.20minutes.fr\/dossier\/christian_estrosi?at_medium=RSS%20feed&amp;at_campaign=ynews&amp;utm_source=yahoo&amp;utm_medium=rss&amp;utm_campaign=news_feed&amp;utm_content=in_article_link\" rel=\"nofollow noopener\" target=\"_blank\" data-ylk=\"slk:Christian Estrosi;elm:context_link;itc:0;sec:content-canvas\" class=\"link \">Christian Estrosi<\/a>, maire (<a href=\"https:\/\/www.20minutes.fr\/horizons\/?at_medium=RSS%20feed&amp;at_campaign=ynews&amp;utm_source=yahoo&amp;utm_medium=rss&amp;utm_campaign=news_feed&amp;utm_content=in_article_link\" rel=\"nofollow noopener\" target=\"_blank\" data-ylk=\"slk:Horizons;elm:context_link;itc:0;sec:content-canvas\" class=\"link \">Horizons<\/a>) de Nice, en pointant notamment les \u00ab\u00a0exc\u00e8s de vitesse, parfois jusqu\u2019\u00e0 70 km\/h\u00a0\u00bb, d\u2019engins d\u00e9brid\u00e9s qui ne devraient pas, selon la l\u00e9gislation, d\u00e9passer les 25 km\/h.<\/p>\n<p class=\"mb-4 text-lg md:leading-8 break-words\">Selon la <a href=\"https:\/\/www.20minutes.fr\/dossier\/ville?at_medium=RSS%20feed&amp;at_campaign=ynews&amp;utm_source=yahoo&amp;utm_medium=rss&amp;utm_campaign=news_feed&amp;utm_content=in_article_link\" rel=\"nofollow noopener\" target=\"_blank\" data-ylk=\"slk:ville;elm:context_link;itc:0;sec:content-canvas\" class=\"link \">ville<\/a>, 25 accidents, impliquant cinq d\u00e9c\u00e8s, ont \u00e9t\u00e9 caus\u00e9s par des conducteurs de trottinette \u00e0 Nice depuis\u00a02022, et ces conducteurs ont \u00e9t\u00e9 eux-m\u00eames victimes, depuis cette date, de 16 accidents, dont un mortel. Le montant de l\u2019amende forfaitaire retenu pour tout contrevenant \u00e0 cet arr\u00eat\u00e9 est de 35 euros.<\/p>\n<p class=\"mb-4 text-lg md:leading-8 break-words\">Toutefoi(&#8230;)<\/p>\n<p class=\"mb-4 text-lg md:leading-8 break-words\"><a href=\"https:\/\/www.20minutes.fr\/societe\/4182937-20251031-nice-impose-port-casque-conducteurs-trottinette-electrique?at_medium=RSS%20feed&amp;at_campaign=ynews&amp;utm_source=yahoo&amp;utm_medium=rss&amp;utm_campaign=news_feed&amp;utm_content=read_more_link&quot;\" rel=\"nofollow noopener\" target=\"_blank\" data-ylk=\"slk:Lire la suite sur 20minutes;elm:context_link;itc:0;sec:content-canvas\" class=\"link \">Lire la suite sur 20minutes<\/a><\/p>\n<p>\u00c0 lire aussi :<br \/><a href=\"https:\/\/www.20minutes.fr\/high-tech\/1847919-20160520-televiseur-miroir-super-mini-smartphone-bouton-concierge-10-concepts-fous-debarqueront-annee?at_medium=RSS%20feed&amp;at_campaign=ynews&amp;utm_source=yahoo&amp;utm_medium=rss&amp;utm_campaign=news_feed&amp;utm_content=related_content_link\" rel=\"nofollow noopener\" target=\"_blank\" data-ylk=\"slk:T\u00e9l\u00e9viseur miroir, super-mini smartphone ou bouton de concierge: Les 10 concepts fous qui d\u00e9barqueront cette ann\u00e9e;elm:context_link;itc:0;sec:content-canvas\" class=\"link \">T\u00e9l\u00e9viseur miroir, super-mini smartphone ou bouton de concierge: Les 10 concepts fous qui d\u00e9barqueront cette ann\u00e9e<\/a><br \/><a href=\"https:\/\/www.20minutes.fr\/societe\/4182599-20251030-dormi-jusqu-reveille-mere-temoigne-apres-grave-accident-trottinette-fille?at_medium=RSS%20feed&amp;at_campaign=ynews&amp;utm_source=yahoo&amp;utm_medium=rss&amp;utm_campaign=news_feed&amp;utm_content=related_content_link\" rel=\"nofollow noopener\" target=\"_blank\" data-ylk=\"slk:\u00ab\u00a0Je n\u2019ai pas dormi jusqu\u2019\u00e0 ce qu\u2019elle se r\u00e9veille\u00a0\u00bb\u2026 Une m\u00e8re t\u00e9moigne apr\u00e8s le grave accident de trottinette de sa fille;elm:context_link;itc:0;sec:content-canvas\" class=\"link \">\u00ab\u00a0Je n\u2019ai pas dormi jusqu\u2019\u00e0 ce qu\u2019elle se r\u00e9veille\u00a0\u00bb\u2026 Une m\u00e8re t\u00e9moigne apr\u00e8s le grave accident de trottinette de sa fille<\/a><\/p>\n","protected":false},"excerpt":{"rendered":"roulez jeunesse &#8211; Paris, elle, n\u2019a pas fait dans la dentelle et a supprim\u00e9 les trottinettes \u00e9lectriques depuis&hellip;\n","protected":false},"author":2,"featured_media":503697,"comment_status":"","ping_status":"","sticky":false,"template":"","format":"standard","meta":{"footnotes":""},"categories":[2819],"tags":[62599,1111,11,57454,1777,674,5915,1011,27,12,2401,882,25,7103],"class_list":{"0":"post-503696","1":"post","2":"type-post","3":"status-publish","4":"format-standard","5":"has-post-thumbnail","7":"category-nice","8":"tag-1er-novembre-le-port-du-casque","9":"tag-actu","10":"tag-actualites","11":"tag-arrete-municipal","12":"tag-eu","13":"tag-europe","14":"tag-exces-de-vitesse","15":"tag-fr","16":"tag-france","17":"tag-news","18":"tag-nice","19":"tag-provence-alpes-cote-dazur","20":"tag-republique-francaise","21":"tag-trottinettes-electriques"},"share_on_mastodon":{"url":"https:\/\/pubeurope.com\/@fr\/115472428106129999","error":""},"_links":{"self":[{"href":"https:\/\/www.europesays.com\/fr\/wp-json\/wp\/v2\/posts\/503696","targetHints":{"allow":["GET"]}}],"collection":[{"href":"https:\/\/www.europesays.com\/fr\/wp-json\/wp\/v2\/posts"}],"about":[{"href":"https:\/\/www.europesays.com\/fr\/wp-json\/wp\/v2\/types\/post"}],"author":[{"embeddable":true,"href":"https:\/\/www.europesays.com\/fr\/wp-json\/wp\/v2\/users\/2"}],"replies":[{"embeddable":true,"href":"https:\/\/www.europesays.com\/fr\/wp-json\/wp\/v2\/comments?post=503696"}],"version-history":[{"count":0,"href":"https:\/\/www.europesays.com\/fr\/wp-json\/wp\/v2\/posts\/503696\/revisions"}],"wp:featuredmedia":[{"embeddable":true,"href":"https:\/\/www.europesays.com\/fr\/wp-json\/wp\/v2\/media\/503697"}],"wp:attachment":[{"href":"https:\/\/www.europesays.com\/fr\/wp-json\/wp\/v2\/media?parent=503696"}],"wp:term":[{"taxonomy":"category","embeddable":true,"href":"https:\/\/www.europesays.com\/fr\/wp-json\/wp\/v2\/categories?post=503696"},{"taxonomy":"post_tag","embeddable":true,"href":"https:\/\/www.europesays.com\/fr\/wp-json\/wp\/v2\/tags?post=503696"}],"curies":[{"name":"wp","href":"https:\/\/api.w.org\/{rel}","templated":true}]}}