{"id":503700,"date":"2025-11-01T03:58:16","date_gmt":"2025-11-01T03:58:16","guid":{"rendered":"https:\/\/www.europesays.com\/fr\/503700\/"},"modified":"2025-11-01T03:58:16","modified_gmt":"2025-11-01T03:58:16","slug":"gironde-et-dordogne-les-idees-sorties-pour-ce-week-end-des-vacances-de-la-toussaint","status":"publish","type":"post","link":"https:\/\/www.europesays.com\/fr\/503700\/","title":{"rendered":"Gironde et Dordogne : les id\u00e9es sorties pour ce week-end des vacances de la Toussaint"},"content":{"rendered":"<p> <strong>La Foire s&rsquo;installe \u00e0 La R\u00e9ole<\/strong><\/p>\n<p style=\"font-weight: 400;\">C&rsquo;est la deuxi\u00e8me foire la plus grande de Gironde apr\u00e8s celle de Bordeaux. La Foire de la R\u00e9ole prend place sur l&rsquo;esplanade Charles de Gaulle jusqu&rsquo;au dimanche 2 novembre. Au menu de ces trois jours, une braderie de 150 stands, une foire aux plaisirs avec pas moins 80 forains, une foire-expo avec 40 stands d\u2019entreprises innovantes et de proximit\u00e9. Sans oublier un village gourmand pour se restaurer avec, entre autre, des produits locaux. Toutes les infos sont \u00e0 retrouver<a href=\"https:\/\/www.facebook.com\/Foirexpo.lareole\/?locale=fr_FR\" rel=\"noopener\" target=\"_blank\"> ici<\/a>.<\/p>\n<p style=\"font-weight: 400;\">\u00a0<\/p>\n<p><strong>Le Salon du Chocolat et des Gourmandises de Gradignan<\/strong><\/p>\n<p style=\"font-weight: 400;\">Les gourmands se donnent rendez-vous, jusqu&rsquo;au dimanche 2 novembre, au Solarium de Gradignan pour d\u00e9guster tablettes de chocolats et autres gourmandises. Pas moins de 30 exposants venus de Nouvelle-Aquitaine seront pr\u00e9sents dont des artisants chocolatiers et p\u00e2tissiers. Au-del\u00e0 des d\u00e9gustations, des ateliers p\u00e9dagogiques pour les enfants autour du cacao seront propos\u00e9s tout le week end. Sans oublier le d\u00e9fil\u00e9 de robes en chocolat samedi et dimanche. Cette 15e \u00e9dition est une nouvelle fois propos\u00e9e par l&rsquo;association <a href=\"https:\/\/www.kiwanis-gradignan-terre-des-graves.fr\/copie-de-liste-des-exposants\" rel=\"noopener\" target=\"_blank\">Kiwanis Gradignan Terre des Graves<\/a>.<\/p>\n<p style=\"font-weight: 400;\">\u00a0<\/p>\n<p><strong>Le D\u00e9ballage des Commer\u00e7ants d&rsquo;Arcachon<\/strong><\/p>\n<p>L&rsquo;occasion de d\u00e9nicher de ce vendredi 31 octobre \u00e0 dimanche 2 novembre. V\u00eatements bijoux et tout autres objets \u00e0 petit prix. \u00c0 cette occasion, les rues sont pi\u00e9tonnis\u00e9es. C\u2019est le cas de l\u2019Avenue Gambetta, le Cours Lamarque de Plaisance et la rue Delattre de Tassigny.<\/p>\n<p style=\"font-weight: 400;\">\u00a0<\/p>\n<p><strong>\u00c0 Bergerac, Halloween est \u00e0 l\u2019honneur ce samedi 1er novembre<\/strong><\/p>\n<p style=\"font-weight: 400;\">Dernier jour pour profiter de deux jeux de piste lanc\u00e9s par Quai Cyrano. Deux niveaux sont propos\u00e9s : \u00ab\u00a0la potion du petit sorcier\u00a0\u00bb pour les 3-6 ans et \u00ab\u00a0la malle aux monstres\u00a0\u00bb pour les 6-10 ans. C\u2019est gratuit. Il vous suffit de vous rendre \u00e0 l\u2019Office de tourisme Quai Cyrano pour avoir toutes les informations.\u00a0<\/p>\n<p style=\"font-weight: 400;\"><strong>\u00a0<\/strong><\/p>\n<p><strong>Un tournoi de p\u00e9tanque pour la bonne cause<\/strong><\/p>\n<p style=\"font-weight: 400;\">\u00c7a se passe dans la r\u00e9gion de Saint-Astier, en Dordogne, au boulodrome Jean Campo \u00e0 Gimel, de 14h \u00e0 18h, un concours au profit du T\u00e9l\u00e9thon. Toutes les informations sont \u00e0 retrouver <a href=\"https:\/\/www.dordogne-perigord-tourisme.fr\/offres\/concours-de-petanque-du-telethon-saint-astier-fr-6029065\/\" rel=\"noopener\" target=\"_blank\">ici<\/a>.<\/p>\n<p style=\"font-weight: 400;\">\u00a0<\/p>\n<p><strong>Derni\u00e8re chance pour en profiter<\/strong><\/p>\n<p style=\"font-weight: 400;\">Dernier week-end pour profiter de l&rsquo;exposition Via Sensoria \u00e0 la Cit\u00e9 du vin, \u00e0 Bordeaux. Elle fermera ses portes dimanche soir pour mieux revenir au printemps.<\/p>\n<p style=\"font-weight: 400;\">La Foire aux Plaisirs, place des Quinconces, \u00e0 Bordeaux se termine aussi dimanche, apr\u00e8s trois semaines non-stop, avec une derni\u00e8re journ\u00e9e de promos sur de nombreux man\u00e8ges.<\/p>\n","protected":false},"excerpt":{"rendered":"La Foire s&rsquo;installe \u00e0 La R\u00e9ole C&rsquo;est la deuxi\u00e8me foire la plus grande de Gironde apr\u00e8s celle de&hellip;\n","protected":false},"author":2,"featured_media":503701,"comment_status":"","ping_status":"","sticky":false,"template":"","format":"standard","meta":{"footnotes":""},"categories":[2817],"tags":[1111,11,4763,23856,8371,1997,23466,14817,1777,674,56054,62601,1011,27,2905,20815,12,2219,24649,25,1669,62600],"class_list":{"0":"post-503700","1":"post","2":"type-post","3":"status-publish","4":"format-standard","5":"has-post-thumbnail","7":"category-bordeaux","8":"tag-actu","9":"tag-actualites","10":"tag-agenda","11":"tag-arcachon","12":"tag-bergerac","13":"tag-bordeaux","14":"tag-commercant","15":"tag-dordogne","16":"tag-eu","17":"tag-europe","18":"tag-foire-aux-plaisirs","19":"tag-foire-de-la-reole","20":"tag-fr","21":"tag-france","22":"tag-gironde","23":"tag-halloween","24":"tag-news","25":"tag-nouvelle-aquitaine","26":"tag-novembre","27":"tag-republique-francaise","28":"tag-sorties","29":"tag-vacances-de-toussaint"},"share_on_mastodon":{"url":"https:\/\/pubeurope.com\/@fr\/115472440307066465","error":""},"_links":{"self":[{"href":"https:\/\/www.europesays.com\/fr\/wp-json\/wp\/v2\/posts\/503700","targetHints":{"allow":["GET"]}}],"collection":[{"href":"https:\/\/www.europesays.com\/fr\/wp-json\/wp\/v2\/posts"}],"about":[{"href":"https:\/\/www.europesays.com\/fr\/wp-json\/wp\/v2\/types\/post"}],"author":[{"embeddable":true,"href":"https:\/\/www.europesays.com\/fr\/wp-json\/wp\/v2\/users\/2"}],"replies":[{"embeddable":true,"href":"https:\/\/www.europesays.com\/fr\/wp-json\/wp\/v2\/comments?post=503700"}],"version-history":[{"count":0,"href":"https:\/\/www.europesays.com\/fr\/wp-json\/wp\/v2\/posts\/503700\/revisions"}],"wp:featuredmedia":[{"embeddable":true,"href":"https:\/\/www.europesays.com\/fr\/wp-json\/wp\/v2\/media\/503701"}],"wp:attachment":[{"href":"https:\/\/www.europesays.com\/fr\/wp-json\/wp\/v2\/media?parent=503700"}],"wp:term":[{"taxonomy":"category","embeddable":true,"href":"https:\/\/www.europesays.com\/fr\/wp-json\/wp\/v2\/categories?post=503700"},{"taxonomy":"post_tag","embeddable":true,"href":"https:\/\/www.europesays.com\/fr\/wp-json\/wp\/v2\/tags?post=503700"}],"curies":[{"name":"wp","href":"https:\/\/api.w.org\/{rel}","templated":true}]}}