{"id":503702,"date":"2025-11-01T03:59:36","date_gmt":"2025-11-01T03:59:36","guid":{"rendered":"https:\/\/www.europesays.com\/fr\/503702\/"},"modified":"2025-11-01T03:59:36","modified_gmt":"2025-11-01T03:59:36","slug":"votre-iphone-18-pro-vous-le-prendrez-plutot-cafe-violet-ou-bordeaux","status":"publish","type":"post","link":"https:\/\/www.europesays.com\/fr\/503702\/","title":{"rendered":"Votre iPhone 18 Pro, vous le prendrez plut\u00f4t caf\u00e9, violet ou bordeaux\u00a0?"},"content":{"rendered":"<p><img decoding=\"async\" src=\"https:\/\/www.europesays.com\/fr\/wp-content\/uploads\/2025\/11\/mg-63ac5540-d234-4f5f-8957.jpg\"\/><\/p>\n<p>L\u2019iPhone 17 Pro a gagn\u00e9 un nouveau coloris orange r\u00e9ussi qui a donn\u00e9 un coup de frais \u00e0 la gamme Pro en apportant une touche de fun. Apple pourrait bien continuer sur cette voie l\u2019ann\u00e9e prochaine selon le fuiteur <a rel=\"nofollow noopener\" href=\"https:\/\/weibo.com\/u\/5143897135\" target=\"_blank\">Digital Chat Station<\/a>. D\u2019apr\u00e8s lui, l\u2019iPhone 18 Pro gagnerait des coloris caf\u00e9, violet et bordeaux. Il a eu <a href=\"https:\/\/www.igen.fr\/iphone\/2025\/03\/liphone-17-slim-serait-bien-compatible-magsafe-149067\" target=\"_blank\" rel=\"noopener\">quelques bons tuyaux<\/a> par le pass\u00e9, qui permettent de lui laisser le b\u00e9n\u00e9fice du doute.<\/p>\n<p><img decoding=\"async\" loading=\"lazy\" src=\"https:\/\/www.europesays.com\/fr\/wp-content\/uploads\/2025\/11\/mg-f9010f66-w1920-w828-w1300.jpg\"   data-jslghtbx=\"https:\/\/cdn.mgig.fr\/2025\/10\/mg-f9010f66-w1920.jpg\"\/>Image retouch\u00e9e <a href=\"https:\/\/www.igen.fr\/app-store\/2025\/08\/fusion-de-photos-retouche-google-ameliore-grandement-les-capacites-dedition-dimages-de-gemini-151807\" target=\"_blank\" rel=\"noopener\">par IA<\/a>.<\/p>\n<p>Apple s\u2019inspirerait donc des coloris de ses anciens iPhone classiques. L\u2019iPhone\u00a0XR, l\u2019\u200ciPhone\u200c 11, l\u2019\u200ciPhone\u200c 12 et l\u2019\u200ciPhone\u200c 14 ont eu droit \u00e0 des teintes violettes, tout comme le 14 Pro qui avait eu un violet fonc\u00e9. Un coloris caf\u00e9 pourrait venir prendre la rel\u00e8ve du \u00ab\u00a0Titane Sable\u00a0\u00bb de l\u2019iPhone 16 Pro. Apple continuerait cependant de faire l\u2019impasse sur le noir, se limitant \u00e0 3 coloris.<\/p>\n<p>On verra ce qu\u2019il en est l\u2019ann\u00e9e prochaine, les rumeurs sur les couleurs se pr\u00e9cisant \u00e0 l\u2019approche de la sortie. Les iPhone 18 Pro devraient \u00eatre pr\u00e9sent\u00e9s en septembre prochain. On y d\u00e9couvrira des t\u00e9l\u00e9phones \u00e0 la puce A20 Pro qui pourraient avoir un <a href=\"https:\/\/www.igen.fr\/iphone\/2025\/10\/rumeurs-photo-lobjectif-ouverture-variable-reserve-liphone-18-pro-max-le-capteur-dapple-en-2027-153033\" target=\"_blank\" rel=\"noopener\">objectif \u00e0 ouverture variable<\/a>. Le bouton Commande de l\u2019appareil photo pourrait <a href=\"https:\/\/www.igen.fr\/iphone\/2025\/08\/les-iphone-18-auraient-un-bouton-moins-cher-pour-commander-lappareil-photo-151743\" target=\"_blank\" rel=\"noopener\">\u00eatre simplifi\u00e9<\/a>.<\/p>\n","protected":false},"excerpt":{"rendered":"L\u2019iPhone 17 Pro a gagn\u00e9 un nouveau coloris orange r\u00e9ussi qui a donn\u00e9 un coup de frais \u00e0&hellip;\n","protected":false},"author":2,"featured_media":503703,"comment_status":"","ping_status":"","sticky":false,"template":"","format":"standard","meta":{"footnotes":""},"categories":[2817],"tags":[1111,11,1997,1777,674,1011,27,62602,12,2219,25,181],"class_list":{"0":"post-503702","1":"post","2":"type-post","3":"status-publish","4":"format-standard","5":"has-post-thumbnail","7":"category-bordeaux","8":"tag-actu","9":"tag-actualites","10":"tag-bordeaux","11":"tag-eu","12":"tag-europe","13":"tag-fr","14":"tag-france","15":"tag-iphone-18-pro","16":"tag-news","17":"tag-nouvelle-aquitaine","18":"tag-republique-francaise","19":"tag-rumeurs"},"share_on_mastodon":{"url":"https:\/\/pubeurope.com\/@fr\/115472444565171528","error":""},"_links":{"self":[{"href":"https:\/\/www.europesays.com\/fr\/wp-json\/wp\/v2\/posts\/503702","targetHints":{"allow":["GET"]}}],"collection":[{"href":"https:\/\/www.europesays.com\/fr\/wp-json\/wp\/v2\/posts"}],"about":[{"href":"https:\/\/www.europesays.com\/fr\/wp-json\/wp\/v2\/types\/post"}],"author":[{"embeddable":true,"href":"https:\/\/www.europesays.com\/fr\/wp-json\/wp\/v2\/users\/2"}],"replies":[{"embeddable":true,"href":"https:\/\/www.europesays.com\/fr\/wp-json\/wp\/v2\/comments?post=503702"}],"version-history":[{"count":0,"href":"https:\/\/www.europesays.com\/fr\/wp-json\/wp\/v2\/posts\/503702\/revisions"}],"wp:featuredmedia":[{"embeddable":true,"href":"https:\/\/www.europesays.com\/fr\/wp-json\/wp\/v2\/media\/503703"}],"wp:attachment":[{"href":"https:\/\/www.europesays.com\/fr\/wp-json\/wp\/v2\/media?parent=503702"}],"wp:term":[{"taxonomy":"category","embeddable":true,"href":"https:\/\/www.europesays.com\/fr\/wp-json\/wp\/v2\/categories?post=503702"},{"taxonomy":"post_tag","embeddable":true,"href":"https:\/\/www.europesays.com\/fr\/wp-json\/wp\/v2\/tags?post=503702"}],"curies":[{"name":"wp","href":"https:\/\/api.w.org\/{rel}","templated":true}]}}